{"id":38767,"date":"2024-09-29T18:00:00","date_gmt":"2024-09-29T21:00:00","guid":{"rendered":"https:\/\/noticiasdestaque.com.br\/index.php\/2024\/09\/29\/previsao-do-tempo-tempo-quente-e-seco-ainda-deve-permanecer-em-areas-da-regiao-sudeste-nesta-segunda-feira-30\/"},"modified":"2024-09-29T18:00:00","modified_gmt":"2024-09-29T21:00:00","slug":"previsao-do-tempo-tempo-quente-e-seco-ainda-deve-permanecer-em-areas-da-regiao-sudeste-nesta-segunda-feira-30","status":"publish","type":"post","link":"https:\/\/noticiasdestaque.com.br\/index.php\/2024\/09\/29\/previsao-do-tempo-tempo-quente-e-seco-ainda-deve-permanecer-em-areas-da-regiao-sudeste-nesta-segunda-feira-30\/","title":{"rendered":"PREVIS\u00c3O DO TEMPO: tempo quente e seco ainda deve permanecer em \u00e1reas da regi\u00e3o Sudeste, nesta segunda-feira (30)"},"content":{"rendered":"<p>\t\t\t\t\t\t\t\t\t\t<audio controls class=\"b61_audio_player\" data-noticia=\"77713\" src=\"https:\/\/brasil61.com\/rails\/active_storage\/blobs\/eyJfcmFpbHMiOnsibWVzc2FnZSI6IkJBaHBBejhGQXc9PSIsImV4cCI6bnVsbCwicHVyIjoiYmxvYl9pZCJ9fQ==--c8c1105a7caf2ebdfbcf4d9ef0a42207eefcb601\/PTSD243837A\"><\/audio><\/p>\n<p>O tempo quente e seco ainda deve permanecer em \u00e1reas da regi\u00e3o Sudeste, nesta segunda-feira (30). De acordo com o Inmet, o dia deve permanecer assim em Minas Gerais, S\u00e3o Paulo e Rio de Janeiro.<\/p>\n<p>J\u00e1 para o Esp\u00edrito Santo, h\u00e1 previs\u00e3o de chuvas isoladas. \u00a0<\/p>\n<h2>Outubro<\/h2>\n<p>A previs\u00e3o do Inmet para o m\u00eas de outubro indica chuvas acima da m\u00e9dia em S\u00e3o Paulo, sul do Rio de Janeiro e de Minas Gerais.\u00a0<\/p>\n<p>J\u00e1 para o norte mineiro, s\u00e3o previstas chuvas pr\u00f3ximas e abaixo da m\u00e9dia climatol\u00f3gica.\u00a0<\/p>\n<h2>Temperaturas<\/h2>\n<p>Nesta segunda, m\u00ednimas de 16\u00baC, no Rio de Janeiro (RJ) e S\u00e3o Paulo (SP). M\u00e1ximas de 31\u00baC, em Belo Horizonte (MG), e de 28\u00baC, em Vit\u00f3ria (ES).<\/p>\n<p>As informa\u00e7\u00f5es s\u00e3o do Instituto Nacional de Meteorologia.<\/p>\n<p>\t\t\t\t\t\t\t\t\t<img loading=\"lazy\" decoding=\"async\" src=\"https:\/\/brasil61.com\/api\/v1\/serve_pixel\/17677\/77713\" alt=\"Pixel Brasil 61\" class=\"b61_pixel\" width=\"0\" height=\"0\"><\/p>\n<input type=\"hidden\" id=\"baseurl\" value=\"https:\/\/noticiasdestaque.com.br\"><input type=\"hidden\" id=\"audio_nonce\" value=\"6f73a554f1\">","protected":false},"excerpt":{"rendered":"<p>De acordo com o Inmet, o dia deve permanecer assim em Minas Gerais, S\u00e3o Paulo e Rio de Janeiro<\/p>\n","protected":false},"author":1,"featured_media":38768,"comment_status":"open","ping_status":"open","sticky":false,"template":"","format":"standard","meta":{"fifu_image_url":"","fifu_image_alt":"","footnotes":""},"categories":[58],"tags":[],"class_list":["post-38767","post","type-post","status-publish","format-standard","has-post-thumbnail","hentry","category-cotidiano"],"distributor_meta":false,"distributor_terms":false,"distributor_media":false,"distributor_original_site_name":"Noticias em Destaque","distributor_original_site_url":"https:\/\/noticiasdestaque.com.br","push-errors":false,"_links":{"self":[{"href":"https:\/\/noticiasdestaque.com.br\/index.php\/wp-json\/wp\/v2\/posts\/38767","targetHints":{"allow":["GET"]}}],"collection":[{"href":"https:\/\/noticiasdestaque.com.br\/index.php\/wp-json\/wp\/v2\/posts"}],"about":[{"href":"https:\/\/noticiasdestaque.com.br\/index.php\/wp-json\/wp\/v2\/types\/post"}],"author":[{"embeddable":true,"href":"https:\/\/noticiasdestaque.com.br\/index.php\/wp-json\/wp\/v2\/users\/1"}],"replies":[{"embeddable":true,"href":"https:\/\/noticiasdestaque.com.br\/index.php\/wp-json\/wp\/v2\/comments?post=38767"}],"version-history":[{"count":0,"href":"https:\/\/noticiasdestaque.com.br\/index.php\/wp-json\/wp\/v2\/posts\/38767\/revisions"}],"wp:featuredmedia":[{"embeddable":true,"href":"https:\/\/noticiasdestaque.com.br\/index.php\/wp-json\/wp\/v2\/media\/38768"}],"wp:attachment":[{"href":"https:\/\/noticiasdestaque.com.br\/index.php\/wp-json\/wp\/v2\/media?parent=38767"}],"wp:term":[{"taxonomy":"category","embeddable":true,"href":"https:\/\/noticiasdestaque.com.br\/index.php\/wp-json\/wp\/v2\/categories?post=38767"},{"taxonomy":"post_tag","embeddable":true,"href":"https:\/\/noticiasdestaque.com.br\/index.php\/wp-json\/wp\/v2\/tags?post=38767"}],"curies":[{"name":"wp","href":"https:\/\/api.w.org\/{rel}","templated":true}]}}