{"id":38763,"date":"2024-09-29T18:00:00","date_gmt":"2024-09-29T21:00:00","guid":{"rendered":"https:\/\/noticiasdestaque.com.br\/index.php\/2024\/09\/29\/previsao-do-tempo-previsao-de-muitas-nuvens-com-pancadas-de-chuva-no-norte\/"},"modified":"2024-09-29T18:00:00","modified_gmt":"2024-09-29T21:00:00","slug":"previsao-do-tempo-previsao-de-muitas-nuvens-com-pancadas-de-chuva-no-norte","status":"publish","type":"post","link":"https:\/\/noticiasdestaque.com.br\/index.php\/2024\/09\/29\/previsao-do-tempo-previsao-de-muitas-nuvens-com-pancadas-de-chuva-no-norte\/","title":{"rendered":"PREVIS\u00c3O DO TEMPO: Previs\u00e3o de muitas nuvens com pancadas de chuva no Norte"},"content":{"rendered":"<p>\t\t\t\t\t\t\t\t\t\t<audio controls class=\"b61_audio_player\" data-noticia=\"77711\" src=\"https:\/\/brasil61.com\/rails\/active_storage\/blobs\/eyJfcmFpbHMiOnsibWVzc2FnZSI6IkJBaHBBejBGQXc9PSIsImV4cCI6bnVsbCwicHVyIjoiYmxvYl9pZCJ9fQ==--0cbbb1615741de3ce4db816d7036923e52101123\/PTRN244202A\"><\/audio><\/p>\n<p>Nesta segunda-feira (30), o tempo ser\u00e1 de muitas nuvens\u00a0com pancadas de chuva\u00a0na Regi\u00e3o Norte, segundo o Inmet. Chuvas acima de 60 mm\u00a0s\u00e3o esperadas no noroeste do Amazonas, leste do Acre e sul de Roraima. O Par\u00e1 pode ter chuvas isoladas, enquanto o restante da regi\u00e3o ser\u00e1 sem chuvas.<\/p>\n<h2>Outubro<\/h2>\n<p>Chuvas ligeiramente acima da m\u00e9dia est\u00e3o previstas no sudoeste do Amazonas e Par\u00e1, e no norte de Rond\u00f4nia. No Tocantins e outras \u00e1reas do Par\u00e1, as chuvas devem ficar pr\u00f3ximas ou abaixo da m\u00e9dia.<\/p>\n<h2>Temperaturas<\/h2>\n<p>M\u00ednimas de 24\u00b0C, em Bel\u00e9m e Rio Branco, e 25\u00b0C, em Porto Velho, Macap\u00e1 e Manaus. M\u00e1ximas de\u00a038\u00b0C em Boa Vista e Palmas.<\/p>\n<p>As informa\u00e7\u00f5es do Instituto Nacional de Meteorologia.<\/p>\n<p>\t\t\t\t\t\t\t\t\t<img loading=\"lazy\" decoding=\"async\" src=\"https:\/\/brasil61.com\/api\/v1\/serve_pixel\/17677\/77711\" alt=\"Pixel Brasil 61\" class=\"b61_pixel\" width=\"0\" height=\"0\"><\/p>\n<input type=\"hidden\" id=\"baseurl\" value=\"https:\/\/noticiasdestaque.com.br\"><input type=\"hidden\" id=\"audio_nonce\" value=\"6f73a554f1\">","protected":false},"excerpt":{"rendered":"<p>Chuvas acima de 60 mm s\u00e3o esperadas no noroeste do Amazonas, leste do Acre e sul de Roraima<\/p>\n","protected":false},"author":1,"featured_media":38764,"comment_status":"open","ping_status":"open","sticky":false,"template":"","format":"standard","meta":{"fifu_image_url":"","fifu_image_alt":"","footnotes":""},"categories":[58],"tags":[],"class_list":["post-38763","post","type-post","status-publish","format-standard","has-post-thumbnail","hentry","category-cotidiano"],"distributor_meta":false,"distributor_terms":false,"distributor_media":false,"distributor_original_site_name":"Noticias em Destaque","distributor_original_site_url":"https:\/\/noticiasdestaque.com.br","push-errors":false,"_links":{"self":[{"href":"https:\/\/noticiasdestaque.com.br\/index.php\/wp-json\/wp\/v2\/posts\/38763","targetHints":{"allow":["GET"]}}],"collection":[{"href":"https:\/\/noticiasdestaque.com.br\/index.php\/wp-json\/wp\/v2\/posts"}],"about":[{"href":"https:\/\/noticiasdestaque.com.br\/index.php\/wp-json\/wp\/v2\/types\/post"}],"author":[{"embeddable":true,"href":"https:\/\/noticiasdestaque.com.br\/index.php\/wp-json\/wp\/v2\/users\/1"}],"replies":[{"embeddable":true,"href":"https:\/\/noticiasdestaque.com.br\/index.php\/wp-json\/wp\/v2\/comments?post=38763"}],"version-history":[{"count":0,"href":"https:\/\/noticiasdestaque.com.br\/index.php\/wp-json\/wp\/v2\/posts\/38763\/revisions"}],"wp:featuredmedia":[{"embeddable":true,"href":"https:\/\/noticiasdestaque.com.br\/index.php\/wp-json\/wp\/v2\/media\/38764"}],"wp:attachment":[{"href":"https:\/\/noticiasdestaque.com.br\/index.php\/wp-json\/wp\/v2\/media?parent=38763"}],"wp:term":[{"taxonomy":"category","embeddable":true,"href":"https:\/\/noticiasdestaque.com.br\/index.php\/wp-json\/wp\/v2\/categories?post=38763"},{"taxonomy":"post_tag","embeddable":true,"href":"https:\/\/noticiasdestaque.com.br\/index.php\/wp-json\/wp\/v2\/tags?post=38763"}],"curies":[{"name":"wp","href":"https:\/\/api.w.org\/{rel}","templated":true}]}}