{"id":38761,"date":"2024-09-27T18:00:00","date_gmt":"2024-09-27T21:00:00","guid":{"rendered":"https:\/\/noticiasdestaque.com.br\/index.php\/2024\/09\/27\/previsao-do-tempo-tempo-volta-a-ficar-firme-e-seco-no-sul\/"},"modified":"2024-09-27T18:00:00","modified_gmt":"2024-09-27T21:00:00","slug":"previsao-do-tempo-tempo-volta-a-ficar-firme-e-seco-no-sul","status":"publish","type":"post","link":"https:\/\/noticiasdestaque.com.br\/index.php\/2024\/09\/27\/previsao-do-tempo-tempo-volta-a-ficar-firme-e-seco-no-sul\/","title":{"rendered":"PREVIS\u00c3O DO TEMPO: Tempo volta a ficar firme e seco no Sul"},"content":{"rendered":"<p>\t\t\t\t\t\t\t\t\t\t<audio controls class=\"b61_audio_player\" data-noticia=\"77710\" src=\"https:\/\/brasil61.com\/rails\/active_storage\/blobs\/eyJfcmFpbHMiOnsibWVzc2FnZSI6IkJBaHBBeklGQXc9PSIsImV4cCI6bnVsbCwicHVyIjoiYmxvYl9pZCJ9fQ==--32e5dbf00614ec0ab32e3b9b494abfd7e66215f0\/PTRS243716A\"><\/audio><\/p>\n<p>\u00a0<\/p>\n<\/p>\n<p>Neste s\u00e1bado (28), a Regi\u00e3o Sul do Brasil deve enfrentar um clima variado, com temperaturas amenas e umidade relativa do ar que pode impactar o conforto t\u00e9rmico da popula\u00e7\u00e3o nas principais cidades. Uma frente fria que chega \u00e0 regi\u00e3o e a influ\u00eancia de massas de ar polar podem causar mudan\u00e7as repentinas nas condi\u00e7\u00f5es meteorol\u00f3gicas.\u00a0<\/p>\n<p>Apesar do tempo seco na maior parte da regi\u00e3o, h\u00e1 possibilidade de chuvas isoladas em algumas \u00e1reas, como no litoral catarinense. Em Florian\u00f3polis, o dia fica fresco, com temperaturas oscilando entre 16\u00baC e 21\u00baC e pode chover ao longo do dia.\u00a0<\/p>\n<p>Em Porto Alegre (RS), a previs\u00e3o \u00e9 de um dia parcialmente nublado, com m\u00ednimas em torno de 15\u00b0C e m\u00e1ximas chegando a 26\u00b0C. A umidade relativa do ar deve se manter em cerca de 60%, o que pode proporcionar uma sensa\u00e7\u00e3o de frescor durante a manh\u00e3, mas um pouco mais de calor \u00e0 tarde.\u00a0<\/p>\n<p>J\u00e1 em Curitiba (PR), mesmo com pouca chance de chuva, a temperatura m\u00ednima cai, podendo ficar em torno dos 12\u00baC.\u00a0<\/p>\n<p>As informa\u00e7\u00f5es s\u00e3o do Instituto Nacional de Meteorologia (INmet)<\/p>\n<p>Livia Braz, o Tempo e a Temperatura\u00a0<\/p>\n<p>\t\t\t\t\t\t\t\t\t<img loading=\"lazy\" decoding=\"async\" src=\"https:\/\/brasil61.com\/api\/v1\/serve_pixel\/17677\/77710\" alt=\"Pixel Brasil 61\" class=\"b61_pixel\" width=\"0\" height=\"0\"><\/p>\n<input type=\"hidden\" id=\"baseurl\" value=\"https:\/\/noticiasdestaque.com.br\"><input type=\"hidden\" id=\"audio_nonce\" value=\"6f73a554f1\">","protected":false},"excerpt":{"rendered":"<p>Chuva prevista apenas para o litoral catarinense<\/p>\n","protected":false},"author":1,"featured_media":38762,"comment_status":"open","ping_status":"open","sticky":false,"template":"","format":"standard","meta":{"fifu_image_url":"","fifu_image_alt":"","footnotes":""},"categories":[58],"tags":[],"class_list":["post-38761","post","type-post","status-publish","format-standard","has-post-thumbnail","hentry","category-cotidiano"],"distributor_meta":false,"distributor_terms":false,"distributor_media":false,"distributor_original_site_name":"Noticias em Destaque","distributor_original_site_url":"https:\/\/noticiasdestaque.com.br","push-errors":false,"_links":{"self":[{"href":"https:\/\/noticiasdestaque.com.br\/index.php\/wp-json\/wp\/v2\/posts\/38761","targetHints":{"allow":["GET"]}}],"collection":[{"href":"https:\/\/noticiasdestaque.com.br\/index.php\/wp-json\/wp\/v2\/posts"}],"about":[{"href":"https:\/\/noticiasdestaque.com.br\/index.php\/wp-json\/wp\/v2\/types\/post"}],"author":[{"embeddable":true,"href":"https:\/\/noticiasdestaque.com.br\/index.php\/wp-json\/wp\/v2\/users\/1"}],"replies":[{"embeddable":true,"href":"https:\/\/noticiasdestaque.com.br\/index.php\/wp-json\/wp\/v2\/comments?post=38761"}],"version-history":[{"count":0,"href":"https:\/\/noticiasdestaque.com.br\/index.php\/wp-json\/wp\/v2\/posts\/38761\/revisions"}],"wp:featuredmedia":[{"embeddable":true,"href":"https:\/\/noticiasdestaque.com.br\/index.php\/wp-json\/wp\/v2\/media\/38762"}],"wp:attachment":[{"href":"https:\/\/noticiasdestaque.com.br\/index.php\/wp-json\/wp\/v2\/media?parent=38761"}],"wp:term":[{"taxonomy":"category","embeddable":true,"href":"https:\/\/noticiasdestaque.com.br\/index.php\/wp-json\/wp\/v2\/categories?post=38761"},{"taxonomy":"post_tag","embeddable":true,"href":"https:\/\/noticiasdestaque.com.br\/index.php\/wp-json\/wp\/v2\/tags?post=38761"}],"curies":[{"name":"wp","href":"https:\/\/api.w.org\/{rel}","templated":true}]}}