{"id":38749,"date":"2024-09-27T18:00:00","date_gmt":"2024-09-27T21:00:00","guid":{"rendered":"https:\/\/noticiasdestaque.com.br\/index.php\/2024\/09\/27\/previsao-do-tempo-sol-entre-nuvens-e-possibilidade-de-pancadas-de-chuva-para-quase-todo-o-sudeste-neste-sabado-28\/"},"modified":"2024-09-27T18:00:00","modified_gmt":"2024-09-27T21:00:00","slug":"previsao-do-tempo-sol-entre-nuvens-e-possibilidade-de-pancadas-de-chuva-para-quase-todo-o-sudeste-neste-sabado-28","status":"publish","type":"post","link":"https:\/\/noticiasdestaque.com.br\/index.php\/2024\/09\/27\/previsao-do-tempo-sol-entre-nuvens-e-possibilidade-de-pancadas-de-chuva-para-quase-todo-o-sudeste-neste-sabado-28\/","title":{"rendered":"PREVIS\u00c3O DO TEMPO: Sol entre nuvens e possibilidade de pancadas de chuva para quase todo o Sudeste neste s\u00e1bado (28)"},"content":{"rendered":"<p>\t\t\t\t\t\t\t\t\t\t<audio controls class=\"b61_audio_player\" data-noticia=\"77709\" src=\"https:\/\/brasil61.com\/rails\/active_storage\/blobs\/eyJfcmFpbHMiOnsibWVzc2FnZSI6IkJBaHBBekVGQXc9PSIsImV4cCI6bnVsbCwicHVyIjoiYmxvYl9pZCJ9fQ==--bf8bef57f51e37b6810fb9a609dd304933c80d36\/PTSD243836A\"><\/audio><\/p>\n<p>\u00a0<\/p>\n<\/p>\n<p>O s\u00e1bado (28) ser\u00e1 de sol entre nuvens em grande parte da Regi\u00e3o Sudeste. O sol aparece mais forte em todas as regi\u00f5es pela manh\u00e3 e ao longo da tarde e da noite h\u00e1 previs\u00e3o de aumento da nebulosidade com pancadas de chuva. Isso vale para norte de S\u00e3o Paulo, todo o estado do Rio de Janeiro e para o Esp\u00edrito Santo e centro sul mineiro.<\/p>\n<p>Em Belo Horizonte (MG) , onde os mineiros viveram\u00a0\u00a0um longo per\u00edodo de estiagem, finalmente h\u00e1 previs\u00e3o de chuva. Mesmo assim, a temperatura pode chegar aos 33\u00baC.\u00a0<\/p>\n<p>Na capital paulista, pode chover ao longo da tarde, mas no sul do estado o tempo permanece firme e ensolarado.\u00a0<\/p>\n<p>Para o Rio de Janeiro (RJ) e Vit\u00f3ria (ES) tamb\u00e9m h\u00e1 previs\u00e3o de chuva em pontos isolados. M\u00e1xima de 25\u00baC e 28\u00baC respectivamente.\u00a0<\/p>\n<p>As informa\u00e7\u00f5es s\u00e3o do Instituto Nacional de Meteorologia (INmet)<\/p>\n<p>Livia Braz, o Tempo e a Temperatura\u00a0<\/p>\n<p>\t\t\t\t\t\t\t\t\t<img loading=\"lazy\" decoding=\"async\" src=\"https:\/\/brasil61.com\/api\/v1\/serve_pixel\/17677\/77709\" alt=\"Pixel Brasil 61\" class=\"b61_pixel\" width=\"0\" height=\"0\"><\/p>\n<input type=\"hidden\" id=\"baseurl\" value=\"https:\/\/noticiasdestaque.com.br\"><input type=\"hidden\" id=\"audio_nonce\" value=\"6f73a554f1\">","protected":false},"excerpt":{"rendered":"<p>Nebulosidade aumenta ao longo do dia e chuva \u00e9 prevista para a tarde e noite <\/p>\n","protected":false},"author":1,"featured_media":38750,"comment_status":"open","ping_status":"open","sticky":false,"template":"","format":"standard","meta":{"fifu_image_url":"","fifu_image_alt":"","footnotes":""},"categories":[58],"tags":[],"class_list":["post-38749","post","type-post","status-publish","format-standard","has-post-thumbnail","hentry","category-cotidiano"],"distributor_meta":false,"distributor_terms":false,"distributor_media":false,"distributor_original_site_name":"Noticias em Destaque","distributor_original_site_url":"https:\/\/noticiasdestaque.com.br","push-errors":false,"_links":{"self":[{"href":"https:\/\/noticiasdestaque.com.br\/index.php\/wp-json\/wp\/v2\/posts\/38749","targetHints":{"allow":["GET"]}}],"collection":[{"href":"https:\/\/noticiasdestaque.com.br\/index.php\/wp-json\/wp\/v2\/posts"}],"about":[{"href":"https:\/\/noticiasdestaque.com.br\/index.php\/wp-json\/wp\/v2\/types\/post"}],"author":[{"embeddable":true,"href":"https:\/\/noticiasdestaque.com.br\/index.php\/wp-json\/wp\/v2\/users\/1"}],"replies":[{"embeddable":true,"href":"https:\/\/noticiasdestaque.com.br\/index.php\/wp-json\/wp\/v2\/comments?post=38749"}],"version-history":[{"count":0,"href":"https:\/\/noticiasdestaque.com.br\/index.php\/wp-json\/wp\/v2\/posts\/38749\/revisions"}],"wp:featuredmedia":[{"embeddable":true,"href":"https:\/\/noticiasdestaque.com.br\/index.php\/wp-json\/wp\/v2\/media\/38750"}],"wp:attachment":[{"href":"https:\/\/noticiasdestaque.com.br\/index.php\/wp-json\/wp\/v2\/media?parent=38749"}],"wp:term":[{"taxonomy":"category","embeddable":true,"href":"https:\/\/noticiasdestaque.com.br\/index.php\/wp-json\/wp\/v2\/categories?post=38749"},{"taxonomy":"post_tag","embeddable":true,"href":"https:\/\/noticiasdestaque.com.br\/index.php\/wp-json\/wp\/v2\/tags?post=38749"}],"curies":[{"name":"wp","href":"https:\/\/api.w.org\/{rel}","templated":true}]}}