{"id":38743,"date":"2024-09-27T18:00:00","date_gmt":"2024-09-27T21:00:00","guid":{"rendered":"https:\/\/noticiasdestaque.com.br\/index.php\/2024\/09\/27\/previsao-do-tempo-variacao-de-temperaturas-marca-o-sabado-na-regiao-norte\/"},"modified":"2024-09-27T18:00:00","modified_gmt":"2024-09-27T21:00:00","slug":"previsao-do-tempo-variacao-de-temperaturas-marca-o-sabado-na-regiao-norte","status":"publish","type":"post","link":"https:\/\/noticiasdestaque.com.br\/index.php\/2024\/09\/27\/previsao-do-tempo-variacao-de-temperaturas-marca-o-sabado-na-regiao-norte\/","title":{"rendered":"PREVIS\u00c3O DO TEMPO: Varia\u00e7\u00e3o de temperaturas marca o s\u00e1bado na Regi\u00e3o Norte"},"content":{"rendered":"<p>\t\t\t\t\t\t\t\t\t\t<audio controls class=\"b61_audio_player\" data-noticia=\"77706\" src=\"https:\/\/brasil61.com\/rails\/active_storage\/blobs\/eyJfcmFpbHMiOnsibWVzc2FnZSI6IkJBaHBBeTBGQXc9PSIsImV4cCI6bnVsbCwicHVyIjoiYmxvYl9pZCJ9fQ==--6ed4e47677eae6ea8b58196fc438238915e9db6a\/PTRN244201A\"><\/audio><\/p>\n<p>\u00a0<\/p>\n<\/p>\n<p>O s\u00e1bado (28) ser\u00e1 de varia\u00e7\u00f5es significativas nas temperaturas e umidade relativa do ar entre as principais cidades do Norte do Brasil, o que \u00e9 caracter\u00edstico da esta\u00e7\u00e3o. O dia ser\u00e1 marcado por calor e umidade elevada com a possibilidade de chuva em toda a faixa oeste do Amazonas, passando tamb\u00e9m pelo Acre. Nesses locais, a previs\u00e3o \u00e9 de chuva mais volumosa.\u00a0<\/p>\n<p>O sol aparece entre nuvens em Rond\u00f4nia e no oeste do Par\u00e1. Em Manaus (AM), a previs\u00e3o \u00e9 de um dia quente, com temperaturas variando entre 24\u00b0C e 32\u00b0C. A umidade relativa do ar deve se manter alta, em torno de 80%, o que pode intensificar a sensa\u00e7\u00e3o de calor.<\/p>\n<p>Em Bel\u00e9m (PA) tamb\u00e9m faz calor e o sol aparece entre nuvens e a umidade na capital paraense deve ficar em cerca de 85%, contribuindo para a forma\u00e7\u00e3o de chuvas isoladas durante a tarde.<\/p>\n<p>J\u00e1 em Rio Branco (AC), a temperatura deve variar entre 23\u00b0C e 30\u00b0C. E Porto Velho (RO) ter\u00e1 m\u00ednimas de 24\u00b0C e m\u00e1ximas que podem chegar at\u00e9 33\u00b0C, podendo chover no per\u00edodo da tarde. Mesma previs\u00e3o vale para Boa Vista (RR).\u00a0<\/p>\n<p>As informa\u00e7\u00f5es s\u00e3o do Instituto Nacional de Meteorologia (INmet)<\/p>\n<p>Livia Braz, o Tempo e a Temperatura\u00a0<\/p>\n<p>\t\t\t\t\t\t\t\t\t<img loading=\"lazy\" decoding=\"async\" src=\"https:\/\/brasil61.com\/api\/v1\/serve_pixel\/17677\/77706\" alt=\"Pixel Brasil 61\" class=\"b61_pixel\" width=\"0\" height=\"0\"><\/p>\n<input type=\"hidden\" id=\"baseurl\" value=\"https:\/\/noticiasdestaque.com.br\"><input type=\"hidden\" id=\"audio_nonce\" value=\"6f73a554f1\">","protected":false},"excerpt":{"rendered":"<p>Oeste do Amazonas e Acre tem previs\u00e3o de chuva; j\u00e1 toda em toda a parte leste da regi\u00e3o, faz sol <\/p>\n","protected":false},"author":1,"featured_media":38744,"comment_status":"open","ping_status":"open","sticky":false,"template":"","format":"standard","meta":{"fifu_image_url":"","fifu_image_alt":"","footnotes":""},"categories":[58],"tags":[],"class_list":["post-38743","post","type-post","status-publish","format-standard","has-post-thumbnail","hentry","category-cotidiano"],"distributor_meta":false,"distributor_terms":false,"distributor_media":false,"distributor_original_site_name":"Noticias em Destaque","distributor_original_site_url":"https:\/\/noticiasdestaque.com.br","push-errors":false,"_links":{"self":[{"href":"https:\/\/noticiasdestaque.com.br\/index.php\/wp-json\/wp\/v2\/posts\/38743","targetHints":{"allow":["GET"]}}],"collection":[{"href":"https:\/\/noticiasdestaque.com.br\/index.php\/wp-json\/wp\/v2\/posts"}],"about":[{"href":"https:\/\/noticiasdestaque.com.br\/index.php\/wp-json\/wp\/v2\/types\/post"}],"author":[{"embeddable":true,"href":"https:\/\/noticiasdestaque.com.br\/index.php\/wp-json\/wp\/v2\/users\/1"}],"replies":[{"embeddable":true,"href":"https:\/\/noticiasdestaque.com.br\/index.php\/wp-json\/wp\/v2\/comments?post=38743"}],"version-history":[{"count":0,"href":"https:\/\/noticiasdestaque.com.br\/index.php\/wp-json\/wp\/v2\/posts\/38743\/revisions"}],"wp:featuredmedia":[{"embeddable":true,"href":"https:\/\/noticiasdestaque.com.br\/index.php\/wp-json\/wp\/v2\/media\/38744"}],"wp:attachment":[{"href":"https:\/\/noticiasdestaque.com.br\/index.php\/wp-json\/wp\/v2\/media?parent=38743"}],"wp:term":[{"taxonomy":"category","embeddable":true,"href":"https:\/\/noticiasdestaque.com.br\/index.php\/wp-json\/wp\/v2\/categories?post=38743"},{"taxonomy":"post_tag","embeddable":true,"href":"https:\/\/noticiasdestaque.com.br\/index.php\/wp-json\/wp\/v2\/tags?post=38743"}],"curies":[{"name":"wp","href":"https:\/\/api.w.org\/{rel}","templated":true}]}}