{"id":38741,"date":"2024-09-26T18:00:00","date_gmt":"2024-09-26T21:00:00","guid":{"rendered":"https:\/\/noticiasdestaque.com.br\/index.php\/2024\/09\/26\/previsao-do-tempo-sudeste-tera-chuvas-em-minas-sao-paulo-e-rio-de-janeiro-nesta-sexta-feira-27\/"},"modified":"2024-09-26T18:00:00","modified_gmt":"2024-09-26T21:00:00","slug":"previsao-do-tempo-sudeste-tera-chuvas-em-minas-sao-paulo-e-rio-de-janeiro-nesta-sexta-feira-27","status":"publish","type":"post","link":"https:\/\/noticiasdestaque.com.br\/index.php\/2024\/09\/26\/previsao-do-tempo-sudeste-tera-chuvas-em-minas-sao-paulo-e-rio-de-janeiro-nesta-sexta-feira-27\/","title":{"rendered":"PREVIS\u00c3O DO TEMPO: Sudeste ter\u00e1 chuvas em Minas, S\u00e3o Paulo e Rio de Janeiro, nesta sexta-feira (27)"},"content":{"rendered":"<p>\t\t\t\t\t\t\t\t\t\t<audio controls class=\"b61_audio_player\" data-noticia=\"77677\" src=\"https:\/\/brasil61.com\/rails\/active_storage\/blobs\/eyJfcmFpbHMiOnsibWVzc2FnZSI6IkJBaHBBOThFQXc9PSIsImV4cCI6bnVsbCwicHVyIjoiYmxvYl9pZCJ9fQ==--5ebf165b636ace6ed1f27abd967abde876e13805\/PTSD243834A\"><\/audio><\/p>\n<p>A previs\u00e3o do tempo, para esta sexta-feira (27), \u00e9 de chuva em algumas \u00e1reas do Sudeste brasileiro. Em S\u00e3o Paulo, por exemplo, as chuvas devem atingir praticamente todo o territ\u00f3rio. Cidades da microrregi\u00e3o de Itapeva e Registro\u00a0ter\u00e3o dia de c\u00e9u com muitas nuvens, pancadas de chuva e trovoadas isoladas.\u00a0<\/p>\n<p>J\u00e1 no Rio de Janeiro, da regi\u00e3o metropolitana da capital ao sul fluminense, a previs\u00e3o \u00e9 de c\u00e9u com muitas nuvens e chuva isolada. A condi\u00e7\u00e3o abrange munic\u00edpios como Valen\u00e7a, Silva Jardim e Rio Claro.\u00a0<\/p>\n<p>Em Minas Gerais, por sua vez, as chuvas devem cair apenas na parte mais ao sul do estado, em cidades como Pouso Alegre e Andradas, assim como em parte do tri\u00e2ngulo mineiro, como em Campina Verde. Nas outras \u00e1reas de Minas, haver\u00e1 apenas varia\u00e7\u00e3o entre muitas e poucas nuvens.\u00a0<\/p>\n<p>O \u00fanico estado do Sudeste que n\u00e3o deve contar com chuvas nesta sexta-feira \u00e9 o Esp\u00edrito Santo. Para todo o territ\u00f3rio da unidade da federa\u00e7\u00e3o, a previs\u00e3o \u00e9 de apenas poucas nuvens.\u00a0<\/p>\n<p>Entre as capitais, a temperatura m\u00ednima \u00e9 de 16\u00b0C, em Belo Horizonte (MG), enquanto a m\u00e1xima prevista \u00e9 de 38\u00b0C, no Rio de Janeiro (RJ). A umidade relativa do ar varia entre 20% e 90%.\u00a0<\/p>\n<p>As informa\u00e7\u00f5es s\u00e3o do Instituto Nacional de Meteorologia.\u00a0<br \/>\n\u00a0<\/p>\n<p>\t\t\t\t\t\t\t\t\t<img loading=\"lazy\" decoding=\"async\" src=\"https:\/\/brasil61.com\/api\/v1\/serve_pixel\/17677\/77677\" alt=\"Pixel Brasil 61\" class=\"b61_pixel\" width=\"0\" height=\"0\"><\/p>\n<input type=\"hidden\" id=\"baseurl\" value=\"https:\/\/noticiasdestaque.com.br\"><input type=\"hidden\" id=\"audio_nonce\" value=\"6f73a554f1\">","protected":false},"excerpt":{"rendered":"<p>Em Minas Gerais, as chuvas devem cair apenas na \u00e1rea mais ao sul do estado e em parte do tri\u00e2ngulo mineiro<\/p>\n","protected":false},"author":1,"featured_media":38742,"comment_status":"open","ping_status":"open","sticky":false,"template":"","format":"standard","meta":{"fifu_image_url":"","fifu_image_alt":"","footnotes":""},"categories":[58],"tags":[],"class_list":["post-38741","post","type-post","status-publish","format-standard","has-post-thumbnail","hentry","category-cotidiano"],"distributor_meta":false,"distributor_terms":false,"distributor_media":false,"distributor_original_site_name":"Noticias em Destaque","distributor_original_site_url":"https:\/\/noticiasdestaque.com.br","push-errors":false,"_links":{"self":[{"href":"https:\/\/noticiasdestaque.com.br\/index.php\/wp-json\/wp\/v2\/posts\/38741","targetHints":{"allow":["GET"]}}],"collection":[{"href":"https:\/\/noticiasdestaque.com.br\/index.php\/wp-json\/wp\/v2\/posts"}],"about":[{"href":"https:\/\/noticiasdestaque.com.br\/index.php\/wp-json\/wp\/v2\/types\/post"}],"author":[{"embeddable":true,"href":"https:\/\/noticiasdestaque.com.br\/index.php\/wp-json\/wp\/v2\/users\/1"}],"replies":[{"embeddable":true,"href":"https:\/\/noticiasdestaque.com.br\/index.php\/wp-json\/wp\/v2\/comments?post=38741"}],"version-history":[{"count":0,"href":"https:\/\/noticiasdestaque.com.br\/index.php\/wp-json\/wp\/v2\/posts\/38741\/revisions"}],"wp:featuredmedia":[{"embeddable":true,"href":"https:\/\/noticiasdestaque.com.br\/index.php\/wp-json\/wp\/v2\/media\/38742"}],"wp:attachment":[{"href":"https:\/\/noticiasdestaque.com.br\/index.php\/wp-json\/wp\/v2\/media?parent=38741"}],"wp:term":[{"taxonomy":"category","embeddable":true,"href":"https:\/\/noticiasdestaque.com.br\/index.php\/wp-json\/wp\/v2\/categories?post=38741"},{"taxonomy":"post_tag","embeddable":true,"href":"https:\/\/noticiasdestaque.com.br\/index.php\/wp-json\/wp\/v2\/tags?post=38741"}],"curies":[{"name":"wp","href":"https:\/\/api.w.org\/{rel}","templated":true}]}}