{"id":38737,"date":"2024-09-26T18:00:00","date_gmt":"2024-09-26T21:00:00","guid":{"rendered":"https:\/\/noticiasdestaque.com.br\/index.php\/2024\/09\/26\/previsao-do-tempo-regiao-norte-contara-com-chuva-em-todos-os-estados-nesta-sexta-feira-27\/"},"modified":"2024-09-26T18:00:00","modified_gmt":"2024-09-26T21:00:00","slug":"previsao-do-tempo-regiao-norte-contara-com-chuva-em-todos-os-estados-nesta-sexta-feira-27","status":"publish","type":"post","link":"https:\/\/noticiasdestaque.com.br\/index.php\/2024\/09\/26\/previsao-do-tempo-regiao-norte-contara-com-chuva-em-todos-os-estados-nesta-sexta-feira-27\/","title":{"rendered":"PREVIS\u00c3O DO TEMPO: regi\u00e3o Norte contar\u00e1 com chuva em todos os estados, nesta sexta-feira (27)"},"content":{"rendered":"<p>\t\t\t\t\t\t\t\t\t\t<audio controls class=\"b61_audio_player\" data-noticia=\"77674\" src=\"https:\/\/brasil61.com\/rails\/active_storage\/blobs\/eyJfcmFpbHMiOnsibWVzc2FnZSI6IkJBaHBBK0VFQXc9PSIsImV4cCI6bnVsbCwicHVyIjoiYmxvYl9pZCJ9fQ==--3a23fb313d4c716d435168b0db4f9c2885a52a0f\/PTRN244199A\"><\/audio><\/p>\n<p>O Norte do Brasil ter\u00e1 uma sexta-feira (27) de chuva em todos os estados da regi\u00e3o. \u00c9 o que mostra a previs\u00e3o do tempo divulgada pelo Instituto Nacional de Meteorologia (INMET).<\/p>\n<p>Nos estados do Amazonas e do Acre, as chuvas ser\u00e3o mais intensas e, em munic\u00edpios como Pauini e Coari, no estado amazonense; assim como em Jord\u00e3o e Feij\u00f3, no Acre, a previs\u00e3o \u00e9 de c\u00e9u com muitas nuvens, pancadas de chuva e trovoadas isoladas.\u00a0<\/p>\n<p>Para todo o territ\u00f3rio dos estados de Rond\u00f4nia e de Roraima, o INMET indica que haver\u00e1 muitas nuvens, com pancadas de chuva isoladas. Essa condi\u00e7\u00e3o ser\u00e1 percebida em cidades como Seringueiras, localizada no estado rondoniense; e Iracema, em Roraima. Para Rond\u00f4nia h\u00e1, inclusive, um alerta de perigo para tempestade.\u00a0<\/p>\n<p>J\u00e1 para o Amap\u00e1, Par\u00e1 e Tocantins, as chuvas est\u00e3o previstas apenas para algumas \u00e1reas, j\u00e1 que, no sul amapaense, Baixo Amazonas (PA) e sul tocantinense, deve haver apenas varia\u00e7\u00e3o entre muitas e poucas nuvens.\u00a0<\/p>\n<p>Entre as capitais, a temperatura m\u00ednima \u00e9 de 24\u00b0C, em Rio Branco (AC), enquanto a m\u00e1xima prevista \u00e9 de 38\u00b0C, em Palmas (TO). A umidade relativa do ar varia entre 30% e 95%.\u00a0<\/p>\n<p>As informa\u00e7\u00f5es s\u00e3o do Instituto Nacional de Meteorologia.\u00a0<br \/>\n\u00a0<\/p>\n<p>\t\t\t\t\t\t\t\t\t<img loading=\"lazy\" decoding=\"async\" src=\"https:\/\/brasil61.com\/api\/v1\/serve_pixel\/17677\/77674\" alt=\"Pixel Brasil 61\" class=\"b61_pixel\" width=\"0\" height=\"0\"><\/p>\n<input type=\"hidden\" id=\"baseurl\" value=\"https:\/\/noticiasdestaque.com.br\"><input type=\"hidden\" id=\"audio_nonce\" value=\"6f73a554f1\">","protected":false},"excerpt":{"rendered":"<p>Nos estados do Amazonas e do Acre, as chuvas ser\u00e3o mais intensas <\/p>\n","protected":false},"author":1,"featured_media":38738,"comment_status":"open","ping_status":"open","sticky":false,"template":"","format":"standard","meta":{"fifu_image_url":"","fifu_image_alt":"","footnotes":""},"categories":[58],"tags":[],"class_list":["post-38737","post","type-post","status-publish","format-standard","has-post-thumbnail","hentry","category-cotidiano"],"distributor_meta":false,"distributor_terms":false,"distributor_media":false,"distributor_original_site_name":"Noticias em Destaque","distributor_original_site_url":"https:\/\/noticiasdestaque.com.br","push-errors":false,"_links":{"self":[{"href":"https:\/\/noticiasdestaque.com.br\/index.php\/wp-json\/wp\/v2\/posts\/38737","targetHints":{"allow":["GET"]}}],"collection":[{"href":"https:\/\/noticiasdestaque.com.br\/index.php\/wp-json\/wp\/v2\/posts"}],"about":[{"href":"https:\/\/noticiasdestaque.com.br\/index.php\/wp-json\/wp\/v2\/types\/post"}],"author":[{"embeddable":true,"href":"https:\/\/noticiasdestaque.com.br\/index.php\/wp-json\/wp\/v2\/users\/1"}],"replies":[{"embeddable":true,"href":"https:\/\/noticiasdestaque.com.br\/index.php\/wp-json\/wp\/v2\/comments?post=38737"}],"version-history":[{"count":0,"href":"https:\/\/noticiasdestaque.com.br\/index.php\/wp-json\/wp\/v2\/posts\/38737\/revisions"}],"wp:featuredmedia":[{"embeddable":true,"href":"https:\/\/noticiasdestaque.com.br\/index.php\/wp-json\/wp\/v2\/media\/38738"}],"wp:attachment":[{"href":"https:\/\/noticiasdestaque.com.br\/index.php\/wp-json\/wp\/v2\/media?parent=38737"}],"wp:term":[{"taxonomy":"category","embeddable":true,"href":"https:\/\/noticiasdestaque.com.br\/index.php\/wp-json\/wp\/v2\/categories?post=38737"},{"taxonomy":"post_tag","embeddable":true,"href":"https:\/\/noticiasdestaque.com.br\/index.php\/wp-json\/wp\/v2\/tags?post=38737"}],"curies":[{"name":"wp","href":"https:\/\/api.w.org\/{rel}","templated":true}]}}