{"id":38731,"date":"2024-09-25T13:10:00","date_gmt":"2024-09-25T16:10:00","guid":{"rendered":"https:\/\/noticiasdestaque.com.br\/index.php\/2024\/09\/25\/previsao-do-tempo-regiao-sudeste-tem-clima-quente-e-seco-nesta-quinta-26\/"},"modified":"2024-09-25T13:10:00","modified_gmt":"2024-09-25T16:10:00","slug":"previsao-do-tempo-regiao-sudeste-tem-clima-quente-e-seco-nesta-quinta-26","status":"publish","type":"post","link":"https:\/\/noticiasdestaque.com.br\/index.php\/2024\/09\/25\/previsao-do-tempo-regiao-sudeste-tem-clima-quente-e-seco-nesta-quinta-26\/","title":{"rendered":"PREVIS\u00c3O DO TEMPO: Regi\u00e3o Sudeste tem clima quente e seco nesta quinta (26)"},"content":{"rendered":"<p>\t\t\t\t\t\t\t\t\t\t<audio controls class=\"b61_audio_player\" data-noticia=\"77639\" src=\"https:\/\/brasil61.com\/rails\/active_storage\/blobs\/eyJfcmFpbHMiOnsibWVzc2FnZSI6IkJBaHBBN0VFQXc9PSIsImV4cCI6bnVsbCwicHVyIjoiYmxvYl9pZCJ9fQ==--61dd85e235e8099c243ea72dbf300eca745f7b44\/PTSD243833A\"><\/audio><\/p>\n<p>Nesta quinta-feira (26), o dia ser\u00e1 de c\u00e9u com poucas nuvens e sem chuva em todos os estados da Regi\u00e3o Sudeste. Somente no oeste, sul e Regi\u00e3o Metropolitana de S\u00e3o Paulo tem possibilidade de chuvas isoladas \u00e0 tarde e \u00e0 noite. J\u00e1 o Noroeste e o Norte de Minas Gerais\u00a0encaram n\u00e9voa seca ao longo do dia.<\/p>\n<p>O Instituto Nacional de Meteorologia (Inmet) emitiu um alerta de perigo potencial de baixa umidade para o Tri\u00e2ngulo Mineiro\/Alto Parana\u00edba, Central Mineira, Vale do Rio Doce, Campo das Vertentes, Jequitinhonha, Norte, Oeste, Sul\/Sudoeste, Noroeste de Minas, Metropolitana de Belo Horizonte, Central, Noroeste e Sul Esp\u00edrito-santense, Sul, Noroeste, Centro e Norte Fluminense, Metropolitana do Rio de Janeiro, Presidente Prudente, S\u00e3o Jos\u00e9 do Rio Preto, Campinas, Bauru, Piracicaba, Itapetininga, Ribeir\u00e3o Preto, Ara\u00e7atuba, Mar\u00edlia, Araraquara, Assis, Macro Metropolitana Paulista, Vale do Para\u00edba Paulista e Litoral Sul Paulista.<\/p>\n<p>Tamb\u00e9m tem alerta de grande perigo de onda de calor para todo o estado de S\u00e3o Paulo, Rio de Janeiro, Sul Esp\u00edrito-santense, Tri\u00e2ngulo Mineiro\/Alto Parana\u00edba, Campo das Vertentes, Metropolitana de Belo Horizonte, Central Mineira, Oeste, Sul\/Sudoeste e Noroeste de Minas.<\/p>\n<p>Entre as capitais, a temperatura m\u00ednima deve ficar em torno de 17\u00b0C em Belo Horizonte (MG) e a m\u00e1xima pode chegar aos 38\u00b0C na cidade do Rio de Janeiro. A umidade relativa do ar pode variar entre 90% e 15%.<\/p>\n<p>As informa\u00e7\u00f5es s\u00e3o do Instituto Nacional de Meteorologia.<\/p>\n<p>\t\t\t\t\t\t\t\t\t<img loading=\"lazy\" decoding=\"async\" src=\"https:\/\/brasil61.com\/api\/v1\/serve_pixel\/17677\/77639\" alt=\"Pixel Brasil 61\" class=\"b61_pixel\" width=\"0\" height=\"0\"><\/p>\n<input type=\"hidden\" id=\"baseurl\" value=\"https:\/\/noticiasdestaque.com.br\"><input type=\"hidden\" id=\"audio_nonce\" value=\"6f73a554f1\">","protected":false},"excerpt":{"rendered":"<p>A temperatura na Regi\u00e3o Sudeste do pa\u00eds pode variar entre 17\u00b0C e 38\u00b0C<\/p>\n","protected":false},"author":1,"featured_media":38732,"comment_status":"open","ping_status":"open","sticky":false,"template":"","format":"standard","meta":{"fifu_image_url":"","fifu_image_alt":"","footnotes":""},"categories":[58],"tags":[],"class_list":["post-38731","post","type-post","status-publish","format-standard","has-post-thumbnail","hentry","category-cotidiano"],"distributor_meta":false,"distributor_terms":false,"distributor_media":false,"distributor_original_site_name":"Noticias em Destaque","distributor_original_site_url":"https:\/\/noticiasdestaque.com.br","push-errors":false,"_links":{"self":[{"href":"https:\/\/noticiasdestaque.com.br\/index.php\/wp-json\/wp\/v2\/posts\/38731","targetHints":{"allow":["GET"]}}],"collection":[{"href":"https:\/\/noticiasdestaque.com.br\/index.php\/wp-json\/wp\/v2\/posts"}],"about":[{"href":"https:\/\/noticiasdestaque.com.br\/index.php\/wp-json\/wp\/v2\/types\/post"}],"author":[{"embeddable":true,"href":"https:\/\/noticiasdestaque.com.br\/index.php\/wp-json\/wp\/v2\/users\/1"}],"replies":[{"embeddable":true,"href":"https:\/\/noticiasdestaque.com.br\/index.php\/wp-json\/wp\/v2\/comments?post=38731"}],"version-history":[{"count":0,"href":"https:\/\/noticiasdestaque.com.br\/index.php\/wp-json\/wp\/v2\/posts\/38731\/revisions"}],"wp:featuredmedia":[{"embeddable":true,"href":"https:\/\/noticiasdestaque.com.br\/index.php\/wp-json\/wp\/v2\/media\/38732"}],"wp:attachment":[{"href":"https:\/\/noticiasdestaque.com.br\/index.php\/wp-json\/wp\/v2\/media?parent=38731"}],"wp:term":[{"taxonomy":"category","embeddable":true,"href":"https:\/\/noticiasdestaque.com.br\/index.php\/wp-json\/wp\/v2\/categories?post=38731"},{"taxonomy":"post_tag","embeddable":true,"href":"https:\/\/noticiasdestaque.com.br\/index.php\/wp-json\/wp\/v2\/tags?post=38731"}],"curies":[{"name":"wp","href":"https:\/\/api.w.org\/{rel}","templated":true}]}}