{"id":38724,"date":"2024-09-27T02:05:00","date_gmt":"2024-09-27T05:05:00","guid":{"rendered":"https:\/\/noticiasdestaque.com.br\/index.php\/2024\/09\/27\/dolar-esta-cotado-a-r-544-apos-recuo\/"},"modified":"2024-09-27T02:05:00","modified_gmt":"2024-09-27T05:05:00","slug":"dolar-esta-cotado-a-r-544-apos-recuo","status":"publish","type":"post","link":"https:\/\/noticiasdestaque.com.br\/index.php\/2024\/09\/27\/dolar-esta-cotado-a-r-544-apos-recuo\/","title":{"rendered":"D\u00f3lar est\u00e1 cotado a R$ 5,44 ap\u00f3s recuo"},"content":{"rendered":"<p>\t\t\t\t\t\t\t\t\t\t<audio controls class=\"b61_audio_player\" data-noticia=\"77682\" src=\"https:\/\/brasil61.com\/rails\/active_storage\/blobs\/eyJfcmFpbHMiOnsibWVzc2FnZSI6IkJBaHBBL01FQXc9PSIsImV4cCI6bnVsbCwicHVyIjoiYmxvYl9pZCJ9fQ==--7fb61fd6306897fa11b15d79a74c26c15523556b\/BRAS2412712A\"><\/audio><\/p>\n<p>O pre\u00e7o do d\u00f3lar est\u00e1 cotado a R$ 5,44 ap\u00f3s recuo de 0,59% no \u00faltimo fechamento. Segundo os economistas, o valor do \u00faltimo fechamento reverteu os ganhos da v\u00e9spera e reflete um comportamento global da moeda norte-americana. O motivo \u00e9 que a expectativa de novos est\u00edmulos \u00e0 economia da China impulsionaram o pre\u00e7o do min\u00e9rio de ferro e, por consequ\u00eancia, das moedas ligadas \u00e0s commodities, como o real.<\/p>\n<p>Nesta quinta-feira (26), o Politburo chin\u00eas \u2014 que \u00e9 a mais alta inst\u00e2ncia do Partido Comunista da China \u2014 disse que far\u00e1 o \u201cest\u00edmulo fiscal necess\u00e1rio\u201d para que o Produtor Interno Bruto (PIB) chin\u00eas cres\u00e7a 5%, que \u00e9 a meta estabelecida pelo governo para 2024.<\/p>\n<p>Uma vez que o Brasil \u00e9 um grande exportador de commodities para a China, qualquer fato que aconte\u00e7a em rela\u00e7\u00e3o \u00e0 expans\u00e3o da economia chinesa reflete no d\u00f3lar para os brasileiros.<\/p>\n<p>J\u00e1 o euro comercial tamb\u00e9m teve queda e fechou em R$ 6,08. As cota\u00e7\u00f5es s\u00e3o da companhia <a href=\"https:\/\/www.google.com\/intl\/en-BR\/googlefinance\/disclaimer\/\" target=\"_blank\" rel=\"noopener\">Morningstar<\/a>.\u00a0<\/p>\n<p>\t\t\t\t\t\t\t\t\t<img loading=\"lazy\" decoding=\"async\" src=\"https:\/\/brasil61.com\/api\/v1\/serve_pixel\/17677\/77682\" alt=\"Pixel Brasil 61\" class=\"b61_pixel\" width=\"0\" height=\"0\"><\/p>\n<input type=\"hidden\" id=\"baseurl\" value=\"https:\/\/noticiasdestaque.com.br\"><input type=\"hidden\" id=\"audio_nonce\" value=\"6a24ca502e\">","protected":false},"excerpt":{"rendered":"<p>O euro tamb\u00e9m teve queda e fechou em R$ 6,08<\/p>\n","protected":false},"author":1,"featured_media":38725,"comment_status":"open","ping_status":"open","sticky":false,"template":"","format":"standard","meta":{"fifu_image_url":"","fifu_image_alt":"","footnotes":""},"categories":[59],"tags":[],"class_list":["post-38724","post","type-post","status-publish","format-standard","has-post-thumbnail","hentry","category-economia"],"distributor_meta":false,"distributor_terms":false,"distributor_media":false,"distributor_original_site_name":"Noticias em Destaque","distributor_original_site_url":"https:\/\/noticiasdestaque.com.br","push-errors":false,"_links":{"self":[{"href":"https:\/\/noticiasdestaque.com.br\/index.php\/wp-json\/wp\/v2\/posts\/38724","targetHints":{"allow":["GET"]}}],"collection":[{"href":"https:\/\/noticiasdestaque.com.br\/index.php\/wp-json\/wp\/v2\/posts"}],"about":[{"href":"https:\/\/noticiasdestaque.com.br\/index.php\/wp-json\/wp\/v2\/types\/post"}],"author":[{"embeddable":true,"href":"https:\/\/noticiasdestaque.com.br\/index.php\/wp-json\/wp\/v2\/users\/1"}],"replies":[{"embeddable":true,"href":"https:\/\/noticiasdestaque.com.br\/index.php\/wp-json\/wp\/v2\/comments?post=38724"}],"version-history":[{"count":0,"href":"https:\/\/noticiasdestaque.com.br\/index.php\/wp-json\/wp\/v2\/posts\/38724\/revisions"}],"wp:featuredmedia":[{"embeddable":true,"href":"https:\/\/noticiasdestaque.com.br\/index.php\/wp-json\/wp\/v2\/media\/38725"}],"wp:attachment":[{"href":"https:\/\/noticiasdestaque.com.br\/index.php\/wp-json\/wp\/v2\/media?parent=38724"}],"wp:term":[{"taxonomy":"category","embeddable":true,"href":"https:\/\/noticiasdestaque.com.br\/index.php\/wp-json\/wp\/v2\/categories?post=38724"},{"taxonomy":"post_tag","embeddable":true,"href":"https:\/\/noticiasdestaque.com.br\/index.php\/wp-json\/wp\/v2\/tags?post=38724"}],"curies":[{"name":"wp","href":"https:\/\/api.w.org\/{rel}","templated":true}]}}