{"id":38720,"date":"2024-09-27T02:00:00","date_gmt":"2024-09-27T05:00:00","guid":{"rendered":"https:\/\/noticiasdestaque.com.br\/index.php\/2024\/09\/27\/reforma-tributaria-imposto-sobre-aluguel-de-equipamentos-medicos-pode-subir-de-8-para-21\/"},"modified":"2024-09-27T02:00:00","modified_gmt":"2024-09-27T05:00:00","slug":"reforma-tributaria-imposto-sobre-aluguel-de-equipamentos-medicos-pode-subir-de-8-para-21","status":"publish","type":"post","link":"https:\/\/noticiasdestaque.com.br\/index.php\/2024\/09\/27\/reforma-tributaria-imposto-sobre-aluguel-de-equipamentos-medicos-pode-subir-de-8-para-21\/","title":{"rendered":"Reforma Tribut\u00e1ria: imposto sobre aluguel de equipamentos m\u00e9dicos pode subir de 8% para 21%"},"content":{"rendered":"<p>\t\t\t\t\t\t\t\t\t\t<audio controls class=\"b61_audio_player\" data-noticia=\"77675\" src=\"https:\/\/brasil61.com\/rails\/active_storage\/blobs\/eyJfcmFpbHMiOnsibWVzc2FnZSI6IkJBaHBBK1FFQXc9PSIsImV4cCI6bnVsbCwicHVyIjoiYmxvYl9pZCJ9fQ==--ddcf509b020e3b49791603d17dcbf4417bd8be35\/BRAS2412708A\"><\/audio><\/p>\n<p>Santas Casas e entidades beneficentes que dependem do aluguel de m\u00e1quinas e equipamentos m\u00e9dicos podem ter um impacto econ\u00f4mico importante se o texto do <a href=\"https:\/\/www25.senado.leg.br\/web\/atividade\/materias\/-\/materia\/164914\">PLP 68\/2024 <\/a>\u2014 que regulamenta a Reforma Tribut\u00e1ria \u2014 n\u00e3o sofrer altera\u00e7\u00f5es no Senado.<\/p>\n<p>De acordo com um estudo feito pela Tend\u00eancias Consultoria, em parceria com a Associa\u00e7\u00e3o Brasileira das Locadoras de Equipamentos M\u00e9dicos (ABLEM), a carga tribut\u00e1ria sobre o aluguel desses equipamentos passaria dos atuais 8,34% para 20,95%. No texto que tramita hoje est\u00e1 prevista uma redu\u00e7\u00e3o dos tributos apenas para a venda desses dispositivos, mas a loca\u00e7\u00e3o fica de fora.<\/p>\n<p>O advogado membro e representante da ABLEM, Ricardo Fiuza Neto, explica que a loca\u00e7\u00e3o com uma tributa\u00e7\u00e3o reduzida beneficia diretamente o SUS e a popula\u00e7\u00e3o que depende do servi\u00e7o p\u00fablico de sa\u00fade, j\u00e1 que renova e amplia o n\u00famero de equipamentos m\u00e9dicos, sem causar impactos significativos sobre a arrecada\u00e7\u00e3o.<\/p>\n<p>\u201cA reda\u00e7\u00e3o atual desses artigos vai causar um impacto tribut\u00e1rio gigantesco, principalmente para as Santa Casas, entidades beneficentes e hospitais de pequeno porte, que atendem hoje cerca de 80% da demanda do SUS no Brasil. Como essas entidades s\u00e3o custeadas pelo SUS, elas n\u00e3o v\u00e3o ser creditadas do CBS e do IBS.\u00a0Consequentemente, o custo de loca\u00e7\u00e3o dos equipamentos vai ficar muito mais alto do que para o setor privado\u201d, alerta Fiuza.\u00a0<\/p>\n<h2>Pequenas altera\u00e7\u00f5es no texto<\/h2>\n<p>Para a ABLEM, apenas uma pequena mudan\u00e7a no texto do PLP 68 pode resolver a quest\u00e3o. A substitui\u00e7\u00e3o do termo &#8220;venda&#8221; para &#8220;fornecimento&#8221; \u00a0passaria a permitir que o setor de aluguel tamb\u00e9m fosse beneficiado pela al\u00edquota reduzida.<\/p>\n<p>Hoje, o tributo que incide sobre a loca\u00e7\u00e3o de equipamentos \u00e9 de 3,65%, mas a venda desses dispositivos tem uma carga de cerca de 28% de impostos. Com o texto atual da reforma, o cen\u00e1rio muda. A loca\u00e7\u00e3o passa a ser taxada em 26,5%, enquanto a venda deixaria de ser tributada.<\/p>\n<h2>Inconstitucionalidade<\/h2>\n<p>A mudan\u00e7a na tributa\u00e7\u00e3o, segundo a ABLEM, fere a Emenda Constitucional 132\/2023, precursora da reforma tribut\u00e1ria e que prev\u00ea a n\u00e3o distin\u00e7\u00e3o entre opera\u00e7\u00f5es de loca\u00e7\u00e3o e venda. No art. 9\u00ba da EC est\u00e1 previsto que todas as opera\u00e7\u00f5es com dispositivos m\u00e9dicos ter\u00e3o redu\u00e7\u00e3o entre 60% e 100% da al\u00edquota, n\u00e3o havendo distin\u00e7\u00e3o entre opera\u00e7\u00f5es de loca\u00e7\u00e3o, venda ou presta\u00e7\u00e3o de servi\u00e7os.\u00a0<\/p>\n<p>A ABLEM vem trabalhando no Congresso para tentar ajustar o texto, afirma Fiuza.<\/p>\n<p>\u201cA falha nessa reda\u00e7\u00e3o \u00e9 clara e n\u00e3o prejudica apenas a loca\u00e7\u00e3o de equipamento, mas principalmente, a popula\u00e7\u00e3o que mais precisa, que depende do servi\u00e7o p\u00fablico para ter acesso \u00e0 sa\u00fade.\u201d Detalha o advogado que vem trabalhando junto aos parlamentares para esclarecer e tentar reverter a reda\u00e7\u00e3o do texto.\u00a0<\/p>\n<p>Para o SUS, a possibilidade de loca\u00e7\u00e3o com redu\u00e7\u00e3o de tributos poderia acelerar muito a renova\u00e7\u00e3o e o aumento do n\u00famero de equipamentos m\u00e9dicos. A loca\u00e7\u00e3o \u00e9 uma solu\u00e7\u00e3o mais flex\u00edvel e que exige menos capital, permitindo que o SUS responda rapidamente \u00e0s demandas emergentes de sa\u00fade.<br \/>\n\u00a0<\/p>\n<p>\t\t\t\t\t\t\t\t\t<img loading=\"lazy\" decoding=\"async\" src=\"https:\/\/brasil61.com\/api\/v1\/serve_pixel\/17677\/77675\" alt=\"Pixel Brasil 61\" class=\"b61_pixel\" width=\"0\" height=\"0\"><\/p>\n<input type=\"hidden\" id=\"baseurl\" value=\"https:\/\/noticiasdestaque.com.br\"><input type=\"hidden\" id=\"audio_nonce\" value=\"6a24ca502e\">","protected":false},"excerpt":{"rendered":"<p>Aumento de cerca de 11 pontos percentuais pode ter impacto negativo para entidades beneficentes, hospitais menores e at\u00e9 mesmo para o SUS <\/p>\n","protected":false},"author":1,"featured_media":38721,"comment_status":"open","ping_status":"open","sticky":false,"template":"","format":"standard","meta":{"fifu_image_url":"","fifu_image_alt":"","footnotes":""},"categories":[59],"tags":[],"class_list":["post-38720","post","type-post","status-publish","format-standard","has-post-thumbnail","hentry","category-economia"],"distributor_meta":false,"distributor_terms":false,"distributor_media":false,"distributor_original_site_name":"Noticias em Destaque","distributor_original_site_url":"https:\/\/noticiasdestaque.com.br","push-errors":false,"_links":{"self":[{"href":"https:\/\/noticiasdestaque.com.br\/index.php\/wp-json\/wp\/v2\/posts\/38720","targetHints":{"allow":["GET"]}}],"collection":[{"href":"https:\/\/noticiasdestaque.com.br\/index.php\/wp-json\/wp\/v2\/posts"}],"about":[{"href":"https:\/\/noticiasdestaque.com.br\/index.php\/wp-json\/wp\/v2\/types\/post"}],"author":[{"embeddable":true,"href":"https:\/\/noticiasdestaque.com.br\/index.php\/wp-json\/wp\/v2\/users\/1"}],"replies":[{"embeddable":true,"href":"https:\/\/noticiasdestaque.com.br\/index.php\/wp-json\/wp\/v2\/comments?post=38720"}],"version-history":[{"count":0,"href":"https:\/\/noticiasdestaque.com.br\/index.php\/wp-json\/wp\/v2\/posts\/38720\/revisions"}],"wp:featuredmedia":[{"embeddable":true,"href":"https:\/\/noticiasdestaque.com.br\/index.php\/wp-json\/wp\/v2\/media\/38721"}],"wp:attachment":[{"href":"https:\/\/noticiasdestaque.com.br\/index.php\/wp-json\/wp\/v2\/media?parent=38720"}],"wp:term":[{"taxonomy":"category","embeddable":true,"href":"https:\/\/noticiasdestaque.com.br\/index.php\/wp-json\/wp\/v2\/categories?post=38720"},{"taxonomy":"post_tag","embeddable":true,"href":"https:\/\/noticiasdestaque.com.br\/index.php\/wp-json\/wp\/v2\/tags?post=38720"}],"curies":[{"name":"wp","href":"https:\/\/api.w.org\/{rel}","templated":true}]}}