{"id":38716,"date":"2024-09-26T01:01:00","date_gmt":"2024-09-26T04:01:00","guid":{"rendered":"https:\/\/noticiasdestaque.com.br\/index.php\/2024\/09\/26\/ibovespa-volta-a-fechar-em-baixa-nesta-quarta-25\/"},"modified":"2024-09-26T01:01:00","modified_gmt":"2024-09-26T04:01:00","slug":"ibovespa-volta-a-fechar-em-baixa-nesta-quarta-25","status":"publish","type":"post","link":"https:\/\/noticiasdestaque.com.br\/index.php\/2024\/09\/26\/ibovespa-volta-a-fechar-em-baixa-nesta-quarta-25\/","title":{"rendered":"Ibovespa volta a fechar em baixa nesta quarta (25)"},"content":{"rendered":"<p>\t\t\t\t\t\t\t\t\t\t<audio controls class=\"b61_audio_player\" data-noticia=\"77646\" src=\"https:\/\/brasil61.com\/rails\/active_storage\/blobs\/eyJfcmFpbHMiOnsibWVzc2FnZSI6IkJBaHBBOGNFQXc9PSIsImV4cCI6bnVsbCwicHVyIjoiYmxvYl9pZCJ9fQ==--6fea463811dd96e2907480b66af877f69b40bda7\/BRAS2412705A\"><\/audio><\/p>\n<p dir=\"ltr\">A quarta-feira (25) foi de mais uma queda da bolsa de valores brasileira que recuou 0,43% aos 131.586 pontos. A baixa veio em meio a not\u00edcias positivas, como a redu\u00e7\u00e3o da taxa de empr\u00e9stimo de m\u00e9dio prazo do Banco Central da China, medida que segundo especialistas estimula a economia.<\/p>\n<p dir=\"ltr\">A outra not\u00edcia favor\u00e1vel foi a desacelera\u00e7\u00e3o do IPCA-15 de setembro. A pr\u00e9via da infla\u00e7\u00e3o do m\u00eas caiu 0,13% e no acumulado dos \u00faltimos 12 meses ficou em 4,12%, menor que os 4,35% previstos.<\/p>\n<p dir=\"ltr\">Um dos motivos do fechamento negativo foi a queda de 3,34% na B3. BB tamb\u00e9m caiu, com 0,29%. BRF subiu 2,39% e Azul fechou em alta de 0,20%.<\/p>\n<p dir=\"ltr\">Os dados da bolsa de valores brasileira podem ser consultados no site da B3.<\/p>\n<p dir=\"ltr\">\u00a0<\/p>\n<p>\t\t\t\t\t\t\t\t\t<img loading=\"lazy\" decoding=\"async\" src=\"https:\/\/brasil61.com\/api\/v1\/serve_pixel\/17677\/77646\" alt=\"Pixel Brasil 61\" class=\"b61_pixel\" width=\"0\" height=\"0\"><\/p>\n<input type=\"hidden\" id=\"baseurl\" value=\"https:\/\/noticiasdestaque.com.br\"><input type=\"hidden\" id=\"audio_nonce\" value=\"6f73a554f1\">","protected":false},"excerpt":{"rendered":"<p>Queda vem mesmo diante de not\u00edcias positivas como recuo da taxa de empr\u00e9stimos chinesa e a queda do IPCA-15<\/p>\n","protected":false},"author":1,"featured_media":38717,"comment_status":"open","ping_status":"open","sticky":false,"template":"","format":"standard","meta":{"fifu_image_url":"","fifu_image_alt":"","footnotes":""},"categories":[59],"tags":[],"class_list":["post-38716","post","type-post","status-publish","format-standard","has-post-thumbnail","hentry","category-economia"],"distributor_meta":false,"distributor_terms":false,"distributor_media":false,"distributor_original_site_name":"Noticias em Destaque","distributor_original_site_url":"https:\/\/noticiasdestaque.com.br","push-errors":false,"_links":{"self":[{"href":"https:\/\/noticiasdestaque.com.br\/index.php\/wp-json\/wp\/v2\/posts\/38716","targetHints":{"allow":["GET"]}}],"collection":[{"href":"https:\/\/noticiasdestaque.com.br\/index.php\/wp-json\/wp\/v2\/posts"}],"about":[{"href":"https:\/\/noticiasdestaque.com.br\/index.php\/wp-json\/wp\/v2\/types\/post"}],"author":[{"embeddable":true,"href":"https:\/\/noticiasdestaque.com.br\/index.php\/wp-json\/wp\/v2\/users\/1"}],"replies":[{"embeddable":true,"href":"https:\/\/noticiasdestaque.com.br\/index.php\/wp-json\/wp\/v2\/comments?post=38716"}],"version-history":[{"count":0,"href":"https:\/\/noticiasdestaque.com.br\/index.php\/wp-json\/wp\/v2\/posts\/38716\/revisions"}],"wp:featuredmedia":[{"embeddable":true,"href":"https:\/\/noticiasdestaque.com.br\/index.php\/wp-json\/wp\/v2\/media\/38717"}],"wp:attachment":[{"href":"https:\/\/noticiasdestaque.com.br\/index.php\/wp-json\/wp\/v2\/media?parent=38716"}],"wp:term":[{"taxonomy":"category","embeddable":true,"href":"https:\/\/noticiasdestaque.com.br\/index.php\/wp-json\/wp\/v2\/categories?post=38716"},{"taxonomy":"post_tag","embeddable":true,"href":"https:\/\/noticiasdestaque.com.br\/index.php\/wp-json\/wp\/v2\/tags?post=38716"}],"curies":[{"name":"wp","href":"https:\/\/api.w.org\/{rel}","templated":true}]}}