{"id":38714,"date":"2024-09-26T02:02:00","date_gmt":"2024-09-26T05:02:00","guid":{"rendered":"https:\/\/noticiasdestaque.com.br\/index.php\/2024\/09\/26\/revisao-da-vida-toda-entenda-o-que-esta-em-discussao-no-stf\/"},"modified":"2024-09-26T02:02:00","modified_gmt":"2024-09-26T05:02:00","slug":"revisao-da-vida-toda-entenda-o-que-esta-em-discussao-no-stf","status":"publish","type":"post","link":"https:\/\/noticiasdestaque.com.br\/index.php\/2024\/09\/26\/revisao-da-vida-toda-entenda-o-que-esta-em-discussao-no-stf\/","title":{"rendered":"Revis\u00e3o da vida toda: entenda o que est\u00e1 em discuss\u00e3o no STF"},"content":{"rendered":"<p>\t\t\t\t\t\t\t\t\t\t<audio controls class=\"b61_audio_player\" data-noticia=\"77647\" src=\"https:\/\/brasil61.com\/rails\/active_storage\/blobs\/eyJfcmFpbHMiOnsibWVzc2FnZSI6IkJBaHBBOFFFQXc9PSIsImV4cCI6bnVsbCwicHVyIjoiYmxvYl9pZCJ9fQ==--4a16228772e27c4856faad389f8182a07f987c7f\/BRAS2412706A\"><\/audio><\/p>\n<p>O recurso contra o julgamento que inviabilizou a chamada \u201crevis\u00e3o da vida toda\u201d dos benef\u00edcios do Instituto Nacional do Seguro Social (INSS) est\u00e1 em vota\u00e7\u00e3o no Supremo Tribunal Federal (STF). A an\u00e1lise deve seguir at\u00e9 esta sexta-feira (27). At\u00e9 o momento, h\u00e1 maioria para rejeitar esse recurso, ou seja, para manter a derrubada da revis\u00e3o.<\/p>\n<p>O recurso foi apresentado pela Confedera\u00e7\u00e3o Nacional dos Trabalhadores Metal\u00fargicos (CNTM) e pelo Instituto de Estudos Previdenci\u00e1rios (Ieprev). Esses recursos est\u00e3o sendo analisados no plen\u00e1rio virtual. Se at\u00e9 o fim do julgamento do recurso algum ministro pedir vista ou destaque, a discuss\u00e3o poder\u00e1 ser levada para o plen\u00e1rio f\u00edsico.<\/p>\n<h2>O que \u00e9 a revis\u00e3o da vida toda e o que est\u00e1 em jogo?\u00a0<\/h2>\n<p>A discuss\u00e3o \u00e9 acerca da possibilidade de aposentados utilizarem todo o per\u00edodo de contribui\u00e7\u00e3o com a previd\u00eancia para fins de c\u00e1lculo da aposentadoria e n\u00e3o apenas a partir da institui\u00e7\u00e3o do Plano Real, em julho de 1994.\u00a0<\/p>\n<p>O especialista em direito previdenci\u00e1rio, Washington Barbosa, d\u00e1 mais detalhes sobre o tema discutido no STF.\u00a0<\/p>\n<p>\u201cEssa revis\u00e3o da vida toda \u00e9 uma tese jur\u00eddica que tenta fazer com que as suas contribui\u00e7\u00f5es antes de julho de 1994 sejam consideradas no c\u00e1lculo do seu benef\u00edcio. Ent\u00e3o, pessoas que come\u00e7aram a trabalhar muito cedo e de repente l\u00e1 antes de julho de 1994 essas contribui\u00e7\u00f5es n\u00e3o foram usadas, quando \u00e9 colocado no c\u00e1lculo, geralmente isso impacta positivamente o valor do teu benef\u00edcio, aumenta o valor do teu benef\u00edcio&#8221;, explica.\u00a0<\/p>\n<p><a href=\"https:\/\/brasil61.com\/n\/cidades-bilionarias-92-municipios-tem-receita-acima-de-r-1-bi-confira-ranking-bras2412697\" target=\"_blank\" rel=\"noopener\">Cidades bilion\u00e1rias: 92 munic\u00edpios t\u00eam receita acima de R$ 1 bi; confira ranking<\/a><\/p>\n<p><a href=\"https:\/\/brasil61.com\/n\/emendas-pix-estados-e-municipios-tem-ate-27-de-setembro-para-prestar-contas-bras2412691\" target=\"_blank\" rel=\"noopener\">Emendas Pix: estados e munic\u00edpios t\u00eam at\u00e9 27 de setembro para prestar contas<\/a><\/p>\n<p>Essa limita\u00e7\u00e3o impede que as contribui\u00e7\u00f5es anteriores a esse per\u00edodo entrem no c\u00e1lculo. Ou seja, com a \u201crevis\u00e3o da vida toda\u201d, todas as contribui\u00e7\u00f5es s\u00e3o levadas em considera\u00e7\u00e3o e a m\u00e9dia dos valores pagos aos aposentados pode subir.\u00a0<\/p>\n<p>Em 2022, o STF chegou a decidir pela constitucionalidade do mecanismo da \u201crevis\u00e3o da vida toda\u201d, permitindo o direito de os aposentados optarem entre o regime de transi\u00e7\u00e3o e o definitivo.<\/p>\n<p>No entanto, em mar\u00e7o de 2024, em uma reviravolta, a Suprema Corte entendeu, por uma quest\u00e3o processual, que os aposentados n\u00e3o teriam mais o direito de escolher a regra mais vantajosa.\u00a0<\/p>\n<p>Caso isso seja mantido, as aposentadorias ser\u00e3o corrigidas a partir do fator previdenci\u00e1rio, ou seja, quanto menor o tempo de contribui\u00e7\u00e3o e a idade do segurado, menor o valor pago na aposentadoria.<\/p>\n<p>\u00c9 justamente essa \u00faltima decis\u00e3o do STF que est\u00e1 sendo questionada pela CNTM e pelo Ieprev. As duas entidades alegam que o julgamento da \u201crevis\u00e3o da vida toda\u201d n\u00e3o foi levado em considera\u00e7\u00e3o. Elas defendem que a revis\u00e3o seja mantida para quem estava com processos na Justi\u00e7a. Inst\u00e2ncias inferiores da Justi\u00e7a j\u00e1 garantiram o direito \u00e0 revis\u00e3o.<br \/>\n\u00a0<\/p>\n<p>\t\t\t\t\t\t\t\t\t<img loading=\"lazy\" decoding=\"async\" src=\"https:\/\/brasil61.com\/api\/v1\/serve_pixel\/17677\/77647\" alt=\"Pixel Brasil 61\" class=\"b61_pixel\" width=\"0\" height=\"0\"><\/p>\n<input type=\"hidden\" id=\"baseurl\" value=\"https:\/\/noticiasdestaque.com.br\"><input type=\"hidden\" id=\"audio_nonce\" value=\"6f73a554f1\">","protected":false},"excerpt":{"rendered":"<p>At\u00e9 o momento, h\u00e1 maioria para manter a derrubada da revis\u00e3o da vida<\/p>\n","protected":false},"author":1,"featured_media":38715,"comment_status":"open","ping_status":"open","sticky":false,"template":"","format":"standard","meta":{"fifu_image_url":"","fifu_image_alt":"","footnotes":""},"categories":[59],"tags":[],"class_list":["post-38714","post","type-post","status-publish","format-standard","has-post-thumbnail","hentry","category-economia"],"distributor_meta":false,"distributor_terms":false,"distributor_media":false,"distributor_original_site_name":"Noticias em Destaque","distributor_original_site_url":"https:\/\/noticiasdestaque.com.br","push-errors":false,"_links":{"self":[{"href":"https:\/\/noticiasdestaque.com.br\/index.php\/wp-json\/wp\/v2\/posts\/38714","targetHints":{"allow":["GET"]}}],"collection":[{"href":"https:\/\/noticiasdestaque.com.br\/index.php\/wp-json\/wp\/v2\/posts"}],"about":[{"href":"https:\/\/noticiasdestaque.com.br\/index.php\/wp-json\/wp\/v2\/types\/post"}],"author":[{"embeddable":true,"href":"https:\/\/noticiasdestaque.com.br\/index.php\/wp-json\/wp\/v2\/users\/1"}],"replies":[{"embeddable":true,"href":"https:\/\/noticiasdestaque.com.br\/index.php\/wp-json\/wp\/v2\/comments?post=38714"}],"version-history":[{"count":0,"href":"https:\/\/noticiasdestaque.com.br\/index.php\/wp-json\/wp\/v2\/posts\/38714\/revisions"}],"wp:featuredmedia":[{"embeddable":true,"href":"https:\/\/noticiasdestaque.com.br\/index.php\/wp-json\/wp\/v2\/media\/38715"}],"wp:attachment":[{"href":"https:\/\/noticiasdestaque.com.br\/index.php\/wp-json\/wp\/v2\/media?parent=38714"}],"wp:term":[{"taxonomy":"category","embeddable":true,"href":"https:\/\/noticiasdestaque.com.br\/index.php\/wp-json\/wp\/v2\/categories?post=38714"},{"taxonomy":"post_tag","embeddable":true,"href":"https:\/\/noticiasdestaque.com.br\/index.php\/wp-json\/wp\/v2\/tags?post=38714"}],"curies":[{"name":"wp","href":"https:\/\/api.w.org\/{rel}","templated":true}]}}