{"id":38708,"date":"2024-09-27T02:20:00","date_gmt":"2024-09-27T05:20:00","guid":{"rendered":"https:\/\/noticiasdestaque.com.br\/index.php\/2024\/09\/27\/medicos-93-das-regioes-do-rs-apresentam-niveis-abaixo-do-recomendado-pela-ocde-rejeicao-de-novos-cursos-de-medicina-pode-agravar-situacao\/"},"modified":"2024-09-27T02:20:00","modified_gmt":"2024-09-27T05:20:00","slug":"medicos-93-das-regioes-do-rs-apresentam-niveis-abaixo-do-recomendado-pela-ocde-rejeicao-de-novos-cursos-de-medicina-pode-agravar-situacao","status":"publish","type":"post","link":"https:\/\/noticiasdestaque.com.br\/index.php\/2024\/09\/27\/medicos-93-das-regioes-do-rs-apresentam-niveis-abaixo-do-recomendado-pela-ocde-rejeicao-de-novos-cursos-de-medicina-pode-agravar-situacao\/","title":{"rendered":"M\u00e9dicos: 93% das regi\u00f5es do RS apresentam n\u00edveis abaixo do recomendado pela OCDE; rejei\u00e7\u00e3o de novos cursos de medicina pode agravar situa\u00e7\u00e3o"},"content":{"rendered":"<p>\t\t\t\t\t\t\t\t\t\t<audio controls class=\"b61_audio_player\" data-noticia=\"77641\" src=\"https:\/\/brasil61.com\/rails\/active_storage\/blobs\/eyJfcmFpbHMiOnsibWVzc2FnZSI6IkJBaHBBOFlFQXc9PSIsImV4cCI6bnVsbCwicHVyIjoiYmxvYl9pZCJ9fQ==--807e9282ad15b5bf82ab8bfbc29af512c62c2237\/BRAS2412703A\"><\/audio><\/p>\n<p>Em meio \u00e0 reconstru\u00e7\u00e3o de casas, escolas e hospitais \u2014 depois de viver a pior trag\u00e9dia clim\u00e1tica do estado \u2014 o Rio Grande do Sul ainda enfrenta uma outra realidade no que diz respeito \u00e0 sa\u00fade: a distribui\u00e7\u00e3o desigual e a falta de m\u00e9dicos.\u00a0<\/p>\n<p>A m\u00e9dia de profissionais est\u00e1 abaixo do n\u00edvel recomendado pela Organiza\u00e7\u00e3o para a Coopera\u00e7\u00e3o e Desenvolvimento Econ\u00f4mico (OCDE), de acordo com dados do DataSUS. De acordo com a OCDE, o ideal \u00e9 que haja 3,73 m\u00e9dicos para cada mil habitantes, mas no estado ga\u00facho apenas 6,67% das regi\u00f5es de sa\u00fade \u2014 munic\u00edpios que compartilham identidades culturais, econ\u00f4micas, sociais e infraestrutura de transporte e comunica\u00e7\u00f5es \u2014 conseguiram superar essa marca, ou seja, 93,33% est\u00e3o abaixo deste n\u00famero.<\/p>\n<p>O desastre clim\u00e1tico atinge mais fortemente algumas \u00e1reas\u00a0e impacta a sa\u00fade de formas diferentes, destaca Alcindo Ferla, pesquisador e professor da Universidade Federal do Rio Grande do Sul (UFRGS).\u00a0<\/p>\n<p>\u201cMuitas unidades de sa\u00fade no Rio Grande do Sul foram destru\u00eddas e o lugar de trabalho de muitos profissionais foi afetado. Objetivamente, n\u00e3o t\u00ednhamos uma forma\u00e7\u00e3o adequada e faltaram profissionais de sa\u00fade.\u201d\u00a0<\/p>\n<h2>Cidades afetadas<\/h2>\n<p>Com mais de 10 milh\u00f5es de habitantes e cerca de 54 mil m\u00e9dicos especialistas, o Rio Grande do Sul tem 20% de regi\u00f5es com at\u00e9 1,7 m\u00e9dico por mil habitantes, n\u00famero que confirma a distribui\u00e7\u00e3o desproporcional de m\u00e9dicos no estado.<\/p>\n<p>Cidades que foram fortemente afetadas pelas enchentes, como Uruguaiana e Estrela, por exemplo, fazem parte de regi\u00f5es com n\u00famero de m\u00e9dicos abaixo do recomendado.<\/p>\n<p>O pesquisador ainda explica que os indicadores usados pela OCDE \u2014 baseado em n\u00fameros de profissionais \u2014 s\u00e3o usados de maneira generalizada e podem n\u00e3o ser t\u00e3o precisos, ainda mais quando se trata de pequenas cidades.\u00a0<\/p>\n<p>\u201cN\u00f3s temos tido dificuldade de encontrar m\u00e9dicos justamente pelo pleno emprego, j\u00e1 que os profissionais t\u00eam preferido as grandes cidades e as regi\u00f5es metropolitanas. Enquanto 70% dos munic\u00edpios brasileiros t\u00eam menos de 30 mil habitantes.\u201d\u00a0<\/p>\n<p>Para o pesquisador, se usarmos essa l\u00f3gica regulat\u00f3ria \u2014 tanto da forma\u00e7\u00e3o, quanto do trabalho \u2014 a popula\u00e7\u00e3o que est\u00e1 nos outros 70%, que englobam os munic\u00edpios menores \u201c t\u00eam menos direito \u00e0 sa\u00fade\u201d, o que para Alcindo Ferla, do ponto de vista \u00e9tico, \u00e9 uma atrocidade.<\/p>\n<h2>Novos cursos em xeque<\/h2>\n<p>E o cen\u00e1rio da cobertura m\u00e9dica ainda pode ficar pior, j\u00e1 que o Minist\u00e9rio da Educa\u00e7\u00e3o (MEC) pode negar 23 pedidos de abertura de novos cursos ou de aumento de vagas nas faculdades\u00a0j\u00e1 existentes no estado, com base em uma mudan\u00e7a nos crit\u00e9rios de avalia\u00e7\u00e3o.<\/p>\n<p>Hoje, h\u00e1 23 processos para a abertura de novos cursos no estado tramitando no MEC, mas a tend\u00eancia \u00e9 que todos eles sejam rejeitados, considerando a mudan\u00e7a de crit\u00e9rios imposta pelo MEC a partir da Portaria n\u00ba 531\/2023. A portaria considera apenas o n\u00famero de m\u00e9dicos por munic\u00edpio\u00a0e n\u00e3o as regi\u00f5es da sa\u00fade, conceito muito mais amplo e abrangente. Avalia\u00e7\u00e3o que descumpre a Lei do Mais M\u00e9dicos.<\/p>\n<p>A restri\u00e7\u00e3o tem um impacto grande na educa\u00e7\u00e3o e na sa\u00fade, como explica o pesquisador.<\/p>\n<p>\u201cPrimeiro, por ela revelar uma incapacidade grande do fluxo regulat\u00f3rio do atual MEC, de entender como funciona o sistema de sa\u00fade brasileiro. Parece que o MEC ainda tem a expectativa de fazer uma regula\u00e7\u00e3o com base nos modelos pedag\u00f3gicos e n\u00e3o entrar muito em certos conflitos de interesses, sejam eles corporativos e da pr\u00f3pria capacidade de compreens\u00e3o.\u201d\u00a0<\/p>\n<p><a href=\"https:\/\/brasil61.com\/n\/medicina-mec-nega-abertura-de-9-novos-cursos-decisao-impacta-formacao-de-medicos-no-pais-defende-entidade-bras2412641\">Medicina: MEC nega abertura de 9 novos cursos; decis\u00e3o impacta forma\u00e7\u00e3o de m\u00e9dicos no pa\u00eds, defende entidade<\/a><\/p>\n<h2>Painel de acompanhamento<\/h2>\n<p>Recentemente, a Associa\u00e7\u00e3o dos Mantenedores Independentes Educadores do Ensino Superior (AMIES) lan\u00e7ou o <a href=\"https:\/\/amies.org.br\/estudos\/#tab-32421\">Painel de Acompanhamento dos Processos Regulat\u00f3rios de Medicina<\/a>, uma das iniciativas da institui\u00e7\u00e3o com foco no setor de educa\u00e7\u00e3o superior do pa\u00eds.<\/p>\n<p>O painel \u00e9 atualizado semanalmente com as publica\u00e7\u00f5es de portarias do MEC sobre os cursos de Medicina. A ferramenta traz um panorama sobre os processos em tramita\u00e7\u00e3o na Secretaria de Regula\u00e7\u00e3o e Supervis\u00e3o da Educa\u00e7\u00e3o Superior (Seres) e a distribui\u00e7\u00e3o de vagas autorizadas em todo o pa\u00eds. De acordo com o painel, 73 processos foram conclu\u00eddos neste ano, sendo 36 indeferidos, 29 deferidos e oito deferidos parcialmente. H\u00e1 ainda 221 processos que aguardam parecer final e publica\u00e7\u00e3o de portaria.<br \/>\n\u00a0<\/p>\n<p>\t\t\t\t\t\t\t\t\t<img loading=\"lazy\" decoding=\"async\" src=\"https:\/\/brasil61.com\/api\/v1\/serve_pixel\/17677\/77641\" alt=\"Pixel Brasil 61\" class=\"b61_pixel\" width=\"0\" height=\"0\"><\/p>\n<input type=\"hidden\" id=\"baseurl\" value=\"https:\/\/noticiasdestaque.com.br\"><input type=\"hidden\" id=\"audio_nonce\" value=\"6a24ca502e\">","protected":false},"excerpt":{"rendered":"<p>De acordo com a Organiza\u00e7\u00e3o para a Coopera\u00e7\u00e3o e Desenvolvimento Econ\u00f4mico, o ideal \u00e9 que haja 3,73 m\u00e9dicos para cada mil habitantes. No estado ga\u00facho, apenas 6,67% das regi\u00f5es de sa\u00fade conseguiram superar essa marca. <\/p>\n","protected":false},"author":1,"featured_media":38709,"comment_status":"open","ping_status":"open","sticky":false,"template":"","format":"standard","meta":{"fifu_image_url":"","fifu_image_alt":"","footnotes":""},"categories":[51],"tags":[],"class_list":["post-38708","post","type-post","status-publish","format-standard","has-post-thumbnail","hentry","category-saude"],"distributor_meta":false,"distributor_terms":false,"distributor_media":false,"distributor_original_site_name":"Noticias em Destaque","distributor_original_site_url":"https:\/\/noticiasdestaque.com.br","push-errors":false,"_links":{"self":[{"href":"https:\/\/noticiasdestaque.com.br\/index.php\/wp-json\/wp\/v2\/posts\/38708","targetHints":{"allow":["GET"]}}],"collection":[{"href":"https:\/\/noticiasdestaque.com.br\/index.php\/wp-json\/wp\/v2\/posts"}],"about":[{"href":"https:\/\/noticiasdestaque.com.br\/index.php\/wp-json\/wp\/v2\/types\/post"}],"author":[{"embeddable":true,"href":"https:\/\/noticiasdestaque.com.br\/index.php\/wp-json\/wp\/v2\/users\/1"}],"replies":[{"embeddable":true,"href":"https:\/\/noticiasdestaque.com.br\/index.php\/wp-json\/wp\/v2\/comments?post=38708"}],"version-history":[{"count":0,"href":"https:\/\/noticiasdestaque.com.br\/index.php\/wp-json\/wp\/v2\/posts\/38708\/revisions"}],"wp:featuredmedia":[{"embeddable":true,"href":"https:\/\/noticiasdestaque.com.br\/index.php\/wp-json\/wp\/v2\/media\/38709"}],"wp:attachment":[{"href":"https:\/\/noticiasdestaque.com.br\/index.php\/wp-json\/wp\/v2\/media?parent=38708"}],"wp:term":[{"taxonomy":"category","embeddable":true,"href":"https:\/\/noticiasdestaque.com.br\/index.php\/wp-json\/wp\/v2\/categories?post=38708"},{"taxonomy":"post_tag","embeddable":true,"href":"https:\/\/noticiasdestaque.com.br\/index.php\/wp-json\/wp\/v2\/tags?post=38708"}],"curies":[{"name":"wp","href":"https:\/\/api.w.org\/{rel}","templated":true}]}}