{"id":38698,"date":"2024-09-20T03:04:00","date_gmt":"2024-09-20T06:04:00","guid":{"rendered":"https:\/\/noticiasdestaque.com.br\/index.php\/2024\/09\/20\/medicamentos-no-sus-acordo-promovido-pelo-stf-pode-melhorar-acesso\/"},"modified":"2024-09-20T03:04:00","modified_gmt":"2024-09-20T06:04:00","slug":"medicamentos-no-sus-acordo-promovido-pelo-stf-pode-melhorar-acesso","status":"publish","type":"post","link":"https:\/\/noticiasdestaque.com.br\/index.php\/2024\/09\/20\/medicamentos-no-sus-acordo-promovido-pelo-stf-pode-melhorar-acesso\/","title":{"rendered":"Medicamentos no SUS: acordo promovido pelo STF pode melhorar acesso"},"content":{"rendered":"<p>\t\t\t\t\t\t\t\t\t\t<audio controls class=\"b61_audio_player\" data-noticia=\"77309\" src=\"https:\/\/brasil61.com\/rails\/active_storage\/blobs\/eyJfcmFpbHMiOnsibWVzc2FnZSI6IkJBaHBBMGNEQXc9PSIsImV4cCI6bnVsbCwicHVyIjoiYmxvYl9pZCJ9fQ==--b953a46d82430d83bdd48abb4b77703bac7662c6\/BRAS2412671A\"><\/audio><\/p>\n<p dir=\"ltr\">Um acordo conduzido pelo Supremo Tribunal Federal e firmado entre Uni\u00e3o, estados e munic\u00edpios deve facilitar as decis\u00f5es judiciais para quem precisa de medicamentos por meio do Sistema \u00danico de Sa\u00fade (SUS). A quest\u00e3o foi discutida no <a href=\"https:\/\/portal.stf.jus.br\/jurisprudenciaRepercussao\/verAndamentoProcesso.asp?incidente=6335939&amp;numeroProcesso=1366243&amp;classeProcesso=RE&amp;numeroTema=1234\">Recurso Extraordin\u00e1rio 1366243 <\/a>em setembro do ano passado, que levou \u00e0 cria\u00e7\u00e3o, pelo ministro Gilmar Mendes, de uma comiss\u00e3o entre a Uni\u00e3o e os entes federativos.<\/p>\n<p dir=\"ltr\">Esta semana, uma sess\u00e3o virtual homologou o acordo que estabelece diretrizes importantes para a concess\u00e3o judicial de medicamentos pelo SUS. O advogado da Kolbe Advogados e Associados, Gabriel Jos\u00e9 Victor, detalha.<\/p>\n<p dir=\"ltr\">&#8220;A principal mudan\u00e7a \u00e9 o crit\u00e9rio de compet\u00eancia que determina que a\u00e7\u00f5es envolvendo medicamentos registrados na Anvisa, mas n\u00e3o incorporados ao SUS, devem ser julgados na Justi\u00e7a Federal, quando o custo anual do tratamento for superior a 210 sal\u00e1rios m\u00ednimos.&#8221;<\/p>\n<p dir=\"ltr\">Nesses casos, os medicamentos ser\u00e3o custeados integralmente pela Uni\u00e3o. Quando o custo anual unit\u00e1rio do medicamento ficar entre sete e 210 sal\u00e1rios m\u00ednimos, os casos permanecem na Justi\u00e7a Estadual. O acordo prev\u00ea que a Uni\u00e3o dever\u00e1 ressarcir 65% das despesas decorrentes de condena\u00e7\u00f5es dos estados e dos munic\u00edpios.<\/p>\n<h2 dir=\"ltr\">Medicamentos<\/h2>\n<p dir=\"ltr\">O acordo tamb\u00e9m define &#8220;medicamentos n\u00e3o incorporados&#8221; como aqueles sem registro na Anvisa ou usados de forma off label \u2014 quando o medicamento \u00e9 criado para uma determinada doen\u00e7a, mas tem efeito tamb\u00e9m para outras.<\/p>\n<p dir=\"ltr\">A decis\u00e3o, explica o advogado, tamb\u00e9m &#8220;estabelece regras de custeio entre os entes federativos e prev\u00ea que os ju\u00edzes analisem obrigatoriamente a ades\u00e3o administrativa de n\u00e3o incorpora\u00e7\u00e3o.&#8221;<\/p>\n<h2 dir=\"ltr\">Plataforma nacional<\/h2>\n<p dir=\"ltr\">&#8220;Al\u00e9m disso, o acordo\u00a0cria uma plataforma nacional para centralizar essas demandas e cabe ao autor da a\u00e7\u00e3o comprovar a seguran\u00e7a e efic\u00e1cia do medicamento\u00a0solicitado e ainda comprovar a inexist\u00eancia de substituto terap\u00eautico incorporado pelo SUS&#8221;, explica o advogado.<\/p>\n<p dir=\"ltr\">Para isso, a pessoa dever\u00e1 preencher dados b\u00e1sicos que permitam a an\u00e1lise administrativa do pedido pelo poder p\u00fablico\u00a0e as informa\u00e7\u00f5es poder\u00e3o ser compartilhadas com o Judici\u00e1rio. A plataforma deve facilitar a gest\u00e3o e o acompanhamento de casos, al\u00e9m da defini\u00e7\u00e3o das responsabilidades entre Uni\u00e3o, estados e munic\u00edpios.<\/p>\n<p>\t\t\t\t\t\t\t\t\t<img loading=\"lazy\" decoding=\"async\" src=\"https:\/\/brasil61.com\/api\/v1\/serve_pixel\/17677\/77309\" alt=\"Pixel Brasil 61\" class=\"b61_pixel\" width=\"0\" height=\"0\"><\/p>\n<input type=\"hidden\" id=\"baseurl\" value=\"https:\/\/noticiasdestaque.com.br\"><input type=\"hidden\" id=\"audio_nonce\" value=\"6a24ca502e\">","protected":false},"excerpt":{"rendered":"<p>Plataforma digital compartilhada, lista de medicamentos e defini\u00e7\u00e3o de compet\u00eancia entre cidades, estados e Uni\u00e3o est\u00e3o entre os pontos previstos no acordo firmado esta semana no Supremo<\/p>\n","protected":false},"author":1,"featured_media":0,"comment_status":"open","ping_status":"open","sticky":false,"template":"","format":"standard","meta":{"fifu_image_url":"","fifu_image_alt":"","footnotes":""},"categories":[51],"tags":[],"class_list":["post-38698","post","type-post","status-publish","format-standard","hentry","category-saude"],"distributor_meta":false,"distributor_terms":false,"distributor_media":false,"distributor_original_site_name":"Noticias em Destaque","distributor_original_site_url":"https:\/\/noticiasdestaque.com.br","push-errors":false,"_links":{"self":[{"href":"https:\/\/noticiasdestaque.com.br\/index.php\/wp-json\/wp\/v2\/posts\/38698","targetHints":{"allow":["GET"]}}],"collection":[{"href":"https:\/\/noticiasdestaque.com.br\/index.php\/wp-json\/wp\/v2\/posts"}],"about":[{"href":"https:\/\/noticiasdestaque.com.br\/index.php\/wp-json\/wp\/v2\/types\/post"}],"author":[{"embeddable":true,"href":"https:\/\/noticiasdestaque.com.br\/index.php\/wp-json\/wp\/v2\/users\/1"}],"replies":[{"embeddable":true,"href":"https:\/\/noticiasdestaque.com.br\/index.php\/wp-json\/wp\/v2\/comments?post=38698"}],"version-history":[{"count":0,"href":"https:\/\/noticiasdestaque.com.br\/index.php\/wp-json\/wp\/v2\/posts\/38698\/revisions"}],"wp:attachment":[{"href":"https:\/\/noticiasdestaque.com.br\/index.php\/wp-json\/wp\/v2\/media?parent=38698"}],"wp:term":[{"taxonomy":"category","embeddable":true,"href":"https:\/\/noticiasdestaque.com.br\/index.php\/wp-json\/wp\/v2\/categories?post=38698"},{"taxonomy":"post_tag","embeddable":true,"href":"https:\/\/noticiasdestaque.com.br\/index.php\/wp-json\/wp\/v2\/tags?post=38698"}],"curies":[{"name":"wp","href":"https:\/\/api.w.org\/{rel}","templated":true}]}}