{"id":38692,"date":"2024-09-21T14:00:00","date_gmt":"2024-09-21T17:00:00","guid":{"rendered":"https:\/\/noticiasdestaque.com.br\/index.php\/2024\/09\/21\/infogripe-covid-19-continua-em-crescimento-e-expansao-pelo-pais\/"},"modified":"2024-09-21T14:00:00","modified_gmt":"2024-09-21T17:00:00","slug":"infogripe-covid-19-continua-em-crescimento-e-expansao-pelo-pais","status":"publish","type":"post","link":"https:\/\/noticiasdestaque.com.br\/index.php\/2024\/09\/21\/infogripe-covid-19-continua-em-crescimento-e-expansao-pelo-pais\/","title":{"rendered":"InfoGripe: Covid-19 continua em crescimento e expans\u00e3o pelo pa\u00eds"},"content":{"rendered":"<p>\t\t\t\t\t\t\t\t\t\t<audio controls class=\"b61_audio_player\" data-noticia=\"77337\" src=\"https:\/\/brasil61.com\/rails\/active_storage\/blobs\/eyJfcmFpbHMiOnsibWVzc2FnZSI6IkJBaHBBNGNEQXc9PSIsImV4cCI6bnVsbCwicHVyIjoiYmxvYl9pZCJ9fQ==--f8a269cb2ad3ae429c5f257b3b6a0d4f402e5024\/BRAS2412677A\"><\/audio><\/p>\n<p>O Boletim InfoGripe da Funda\u00e7\u00e3o Oswaldo Cruz (Fiocruz) desta semana mostra que os casos de S\u00edndrome Respirat\u00f3ria Aguda Grave (SRAG) associados \u00e0 Covid-19 continuam em crescimento e expans\u00e3o pelo pa\u00eds. O aumento se deu principalmente no Distrito Federal, Goi\u00e1s, Rio de Janeiro, Mato Grosso do Sul e S\u00e3o Paulo. Em Minas Gerais e no Paran\u00e1 tamb\u00e9m houve um leve aumento de SRAG em idosos, provavelmente associado \u00e0 Covid-19, segundo a Fiocruz.<\/p>\n<p>O boletim tamb\u00e9m revela o cont\u00ednuo aumento dos casos de SRAG associada ao rinov\u00edrus em crian\u00e7as e adolescentes de at\u00e9 14 anos em v\u00e1rios estados da regi\u00e3o Centro-Sul e Norte-Nordeste. Nessa mesma faixa et\u00e1ria, o v\u00edrus sincicial respirat\u00f3rio (VSR) e o rinov\u00edrus continuam sendo as principais causas de interna\u00e7\u00f5es e \u00f3bitos.<\/p>\n<p>Na tend\u00eancia de curto e longo prazo, h\u00e1 um sinal de aumento de SRAG, em fun\u00e7\u00e3o do avan\u00e7o dos casos de rinov\u00edrus e Covid-19 em muitas regi\u00f5es do pa\u00eds. Segundo o InfoGripe, 14 unidades federativas apresentam ind\u00edcios de crescimento da s\u00edndrome respirat\u00f3ria: Amap\u00e1, Cear\u00e1, Distrito Federal, Goi\u00e1s, Mato Grosso, Mato Grosso do Sul, Minas Gerais, Paran\u00e1, Pernambuco, Piau\u00ed, Rio de Janeiro, Rio Grande do Sul, S\u00e3o Paulo e Tocantins.\u00a0<\/p>\n<p>Entre as capitais, os ind\u00edcios de aumento dos casos foram observados em Bel\u00e9m (PA), Belo Horizonte (MG), Campo Grande (MS), Curitiba (PR), Florian\u00f3polis (SC), Fortaleza (CE), Goi\u00e2nia (GO), Jo\u00e3o Pessoa (PB), Macap\u00e1 (AP), Porto Alegre (RS), Recife (PE), Teresina (PI).\u00a0<\/p>\n<p>Outro ponto importante do boletim \u00e9 que, apesar da diminui\u00e7\u00e3o dos casos graves de influenza A na maior parte do pa\u00eds, houve um aumento no estado do Rio Grande do Sul.<\/p>\n<p>A pesquisadora do Boletim InfoGripe Tatiana Portella refor\u00e7a a import\u00e2ncia da imuniza\u00e7\u00e3o contra o v\u00edrus.<\/p>\n<p>\u201c\u00c9 importante que todas as pessoas dos grupos de risco do estado do Rio Grande do Sul, que ainda n\u00e3o tomaram a vacina contra a influenza, procurem um posto de sa\u00fade para tomar a vacina contra o v\u00edrus.\u201d<\/p>\n<p>Nas \u00faltimas quatro semanas epidemiol\u00f3gicas, 13,1% dos casos positivos de SRAG estavam associados \u00e0 influenza A; 4,4% \u00e0 influenza B; 8,1% ao VSR, 32,1% ao rinov\u00edrus, e 34,8% \u00e0 Covid-19. Entre os \u00f3bitos, 22,3% estavam associados \u00e0 influenza A, 4,6% \u00e0 influenza B, 1,8% ao VSR, 8% ao rinov\u00edrus e 56% \u00e0 Covid-19.<\/p>\n<p>Diante desse cen\u00e1rio de alta da Covid-19, Tatiana Portella refor\u00e7a a import\u00e2ncia de estar em dia com a vacina\u00e7\u00e3o.<\/p>\n<p>\u201c\u00c9 muito importante que todas as pessoas dos grupos de risco tamb\u00e9m estejam em dia com a vacina\u00e7\u00e3o contra o v\u00edrus. N\u00f3s tamb\u00e9m mantemos a recomenda\u00e7\u00e3o do uso de m\u00e1scaras em locais fechados, em locais com maior aglomera\u00e7\u00e3o de pessoas, dentro dos postos de sa\u00fade. E n\u00f3s tamb\u00e9m recomendamos que, em caso de aparecimento de sintomas, o ideal \u00e9 que a pessoa fique em isolamento em casa, evitando transmitir o v\u00edrus para outras pessoas.\u201d<\/p>\n<h2>Doen\u00e7as respirat\u00f3rias<\/h2>\n<p>A an\u00e1lise do Boletim InfoGripe, referente \u00e0 Semana Epidemiol\u00f3gica 37, tem como base os dados inseridos no Sistema de Informa\u00e7\u00e3o da Vigil\u00e2ncia Epidemiol\u00f3gica da Gripe, entre 8 a 14 de setembro, e apresenta informa\u00e7\u00f5es sobre os v\u00edrus respirat\u00f3rios, como VSR, rinov\u00edrus, influenza e Covid-19.\u00a0<\/p>\n<p><u><strong>VSR: V\u00edrus Sincicial Respirat\u00f3rio<\/strong><\/u><\/p>\n<p>Este v\u00edrus atinge, principalmente, crian\u00e7as pequenas \u2014 de at\u00e9 dois anos \u2014 ou idosos acima de 65 anos. Geralmente \u00e9 o respons\u00e1vel pelos casos de bronquiolite em crian\u00e7as pequenas.\u00a0<\/p>\n<p>Segundo a pesquisadora da Fiocruz Tatiana Portella, \u201cos sintomas s\u00e3o parecidos com os da gripe: dor de garganta, calafrios, coriza, tosse. Mas \u00e9 preciso prestar aten\u00e7\u00e3o nos sintomas das crian\u00e7as pequenas. Verificar se elas est\u00e3o com dificuldade de respirar, com os l\u00e1bios arroxeados \u2014 isso pode ser um indicativo que ela est\u00e1 evoluindo para uma forma mais grave da doen\u00e7a. Nesses casos, \u00e9 preciso procurar atendimento m\u00e9dico r\u00e1pido\u201d.<\/p>\n<p><u><strong>Influenza A ou H1N1<\/strong><\/u><\/p>\n<p>Trata-se do v\u00edrus da gripe. Com alta circula\u00e7\u00e3o pelo pa\u00eds, sobretudo este ano, a Influenza A tamb\u00e9m \u00e9 conhecida como H1N1 \u2014 anteriormente chamada de gripe su\u00edna.<br \/>\n\u201cGeralmente ele pode dar uma febre mais repentina, mas tem os sintomas muito parecidos com outros v\u00edrus respirat\u00f3rios, como tosse coriza, calafrios. Ele atinge todas as faixas et\u00e1rias, mas assim como os outros v\u00edrus, evolui de forma mais grave nos idosos, crian\u00e7as pequenas e pessoas com comorbidades\u201d, explica Portella.<\/p>\n<p><u><strong>Rinov\u00edrus<\/strong><\/u><strong>\u00a0<\/strong><\/p>\n<p>Assim como o VSR, atinge crian\u00e7as pequenas e pode evoluir para casos de bronquite. Mas \u00e9 uma doen\u00e7a autolimitada \u201cque vai se curar sozinha entre 7 e 14 dias\u201d, explica a pesquisadora.\u00a0<\/p>\n<p>\u201cMas ele pode evoluir para as formas mais graves em crian\u00e7as pequenas que tenham hist\u00f3rico de asma, doen\u00e7a cr\u00f4nica no pulm\u00e3o, imunossuprimidos.\u201d Tatiana ainda explica que o rinov\u00edrus pode ter uma comportamento sazonal \u2014 como Influenza e VSR \u2014 e neste momento a Fiocruz observa uma incid\u00eancia alta desse v\u00edrus em crian\u00e7as pequenas e adolescentes.\u00a0<\/p>\n<p><u><strong>Covid-19<\/strong><\/u><\/p>\n<p>O velho conhecido \u2014 respons\u00e1vel pela pandemia entre 2020 e 2021 \u2014 ainda causa muitos casos de SRAGs. Isso porque ao longo do tempo ele vem sofrendo muta\u00e7\u00f5es e evoluiu rapidamente. As novas variantes mostram que ainda trata-se do v\u00edrus da covid, mas com um poder de infec\u00e7\u00e3o maior.<\/p>\n<p>Por isso a vacina\u00e7\u00e3o anual \u00e9 importante para prevenir os casos mais graves da doen\u00e7a, alerta Tatiana Portella.<\/p>\n<p>\u201cA vacina da covid-19 \u00e9 atualizada para as novas variantes e, apesar de termos esse v\u00edrus circulando h\u00e1 alguns anos, \u00e9 importante que as pessoas atualizem a vacina. Porque a vacina que as pessoas tomaram no ano passado n\u00e3o confere a mesma prote\u00e7\u00e3o do que a vacina que est\u00e1 dispon\u00edvel este ano.\u201d\u00a0<\/p>\n<p>Confira outros detalhes no <a href=\"https:\/\/portal.fiocruz.br\/noticia\/2024\/09\/infogripe-covid-19-mantem-curva-de-crescimento-e-ampliacao-no-pais\" target=\"_blank\" rel=\"noopener\">link<\/a>.<\/p>\n<p><a href=\"https:\/\/brasil61.com\/n\/covid-19-e-responsavel-por-metade-das-mortes-por-doencas-respiratorias-bras2412659\" target=\"_blank\" rel=\"noopener\">Covid-19 \u00e9 respons\u00e1vel por metade das mortes por doen\u00e7as respirat\u00f3rias<\/a><\/p>\n<p><a href=\"https:\/\/brasil61.com\/n\/covid-19-boletim-infogripe-registra-aumento-de-casos-em-ms-rj-e-df-bras2412637\" target=\"_blank\" rel=\"noopener\">Covid-19: boletim InfoGripe registra aumento de casos em MS, RJ e DF<\/a><\/p>\n<p>\t\t\t\t\t\t\t\t\t<img loading=\"lazy\" decoding=\"async\" src=\"https:\/\/brasil61.com\/api\/v1\/serve_pixel\/17677\/77337\" alt=\"Pixel Brasil 61\" class=\"b61_pixel\" width=\"0\" height=\"0\"><\/p>\n<input type=\"hidden\" id=\"baseurl\" value=\"https:\/\/noticiasdestaque.com.br\"><input type=\"hidden\" id=\"audio_nonce\" value=\"6a24ca502e\">","protected":false},"excerpt":{"rendered":"<p>O aumento dos casos se deu principalmente no Distrito Federal, Goi\u00e1s, Rio de Janeiro, Mato Grosso do Sul e S\u00e3o Paulo, segundo o Boletim InfoGripe da Fiocruz<\/p>\n","protected":false},"author":1,"featured_media":38693,"comment_status":"open","ping_status":"open","sticky":false,"template":"","format":"standard","meta":{"fifu_image_url":"","fifu_image_alt":"","footnotes":""},"categories":[51],"tags":[],"class_list":["post-38692","post","type-post","status-publish","format-standard","has-post-thumbnail","hentry","category-saude"],"distributor_meta":false,"distributor_terms":false,"distributor_media":false,"distributor_original_site_name":"Noticias em Destaque","distributor_original_site_url":"https:\/\/noticiasdestaque.com.br","push-errors":false,"_links":{"self":[{"href":"https:\/\/noticiasdestaque.com.br\/index.php\/wp-json\/wp\/v2\/posts\/38692","targetHints":{"allow":["GET"]}}],"collection":[{"href":"https:\/\/noticiasdestaque.com.br\/index.php\/wp-json\/wp\/v2\/posts"}],"about":[{"href":"https:\/\/noticiasdestaque.com.br\/index.php\/wp-json\/wp\/v2\/types\/post"}],"author":[{"embeddable":true,"href":"https:\/\/noticiasdestaque.com.br\/index.php\/wp-json\/wp\/v2\/users\/1"}],"replies":[{"embeddable":true,"href":"https:\/\/noticiasdestaque.com.br\/index.php\/wp-json\/wp\/v2\/comments?post=38692"}],"version-history":[{"count":0,"href":"https:\/\/noticiasdestaque.com.br\/index.php\/wp-json\/wp\/v2\/posts\/38692\/revisions"}],"wp:featuredmedia":[{"embeddable":true,"href":"https:\/\/noticiasdestaque.com.br\/index.php\/wp-json\/wp\/v2\/media\/38693"}],"wp:attachment":[{"href":"https:\/\/noticiasdestaque.com.br\/index.php\/wp-json\/wp\/v2\/media?parent=38692"}],"wp:term":[{"taxonomy":"category","embeddable":true,"href":"https:\/\/noticiasdestaque.com.br\/index.php\/wp-json\/wp\/v2\/categories?post=38692"},{"taxonomy":"post_tag","embeddable":true,"href":"https:\/\/noticiasdestaque.com.br\/index.php\/wp-json\/wp\/v2\/tags?post=38692"}],"curies":[{"name":"wp","href":"https:\/\/api.w.org\/{rel}","templated":true}]}}