{"id":38690,"date":"2024-09-26T02:01:00","date_gmt":"2024-09-26T05:01:00","guid":{"rendered":"https:\/\/noticiasdestaque.com.br\/index.php\/2024\/09\/26\/covid-19-secretarias-estaduais-de-saude-registraram-tendencia-de-queda-de-casos-no-df-go-e-rj\/"},"modified":"2024-09-26T02:01:00","modified_gmt":"2024-09-26T05:01:00","slug":"covid-19-secretarias-estaduais-de-saude-registraram-tendencia-de-queda-de-casos-no-df-go-e-rj","status":"publish","type":"post","link":"https:\/\/noticiasdestaque.com.br\/index.php\/2024\/09\/26\/covid-19-secretarias-estaduais-de-saude-registraram-tendencia-de-queda-de-casos-no-df-go-e-rj\/","title":{"rendered":"COVID-19: secretarias estaduais de sa\u00fade registraram tend\u00eancia de queda de casos no DF, GO e RJ"},"content":{"rendered":"<p>\t\t\t\t\t\t\t\t\t\t<audio controls class=\"b61_audio_player\" data-noticia=\"77666\" src=\"https:\/\/brasil61.com\/rails\/active_storage\/blobs\/eyJfcmFpbHMiOnsibWVzc2FnZSI6IkJBaHBBOFVFQXc9PSIsImV4cCI6bnVsbCwicHVyIjoiYmxvYl9pZCJ9fQ==--fdb2508771d416c5daffcd935d548a557cb0ae73\/BRAS2412707A\"><\/audio><\/p>\n<p>O mais recente Boletim InfoGripe da Funda\u00e7\u00e3o Oswaldo Cruz (Fiocruz), com dados at\u00e9 14 de setembro, destacou um aumento dos casos de S\u00edndrome Respirat\u00f3ria Aguda Grave (SRAG) associados \u00e0 Covid-19 nos estados de Goi\u00e1s, Rio de Janeiro, Mato Grosso do Sul, S\u00e3o Paulo e \u00a0Distrito Federal.<\/p>\n<p>A infectologista Joana D\u2019arc Gon\u00e7alves da Silva explica que esse aumento dos casos ocorreu por conta da maior aglomera\u00e7\u00e3o de pessoas em S\u00e3o Paulo e do fluxo de indiv\u00edduos que entram e saem desse estado para outras regi\u00f5es do pa\u00eds.<\/p>\n<p>\u201cEm S\u00e3o Paulo, a densidade populacional \u00e9 maior, as pessoas circulam muito de v\u00e1rios locais do pa\u00eds e do mundo. E esse aglomerado de pessoas e movimenta\u00e7\u00e3o em diferentes regi\u00f5es, passando por S\u00e3o Paulo, levam tamb\u00e9m a um aumento de doen\u00e7as, principalmente essas de transmiss\u00e3o respirat\u00f3ria e doen\u00e7as de contato.\u201d<\/p>\n<p>Ap\u00f3s a an\u00e1lise da Fiocruz, os levantamentos mais recentes das secretarias estaduais de sa\u00fade desses estados mostram uma tend\u00eancia de queda. Em Goi\u00e1s, o <a href=\"https:\/\/indicadores.saude.go.gov.br\/pentaho\/api\/repos\/:coronavirus:paineis:painel.wcdf\/generatedContent\" target=\"_blank\" rel=\"noopener\">painel de indicadores da Covid-19<\/a> da Secretaria de Estado de Sa\u00fade registrou 1.377 casos confirmados da doen\u00e7a na semana epidemiol\u00f3gica entre 15 e 21 de setembro. O n\u00famero mostra um recuo em rela\u00e7\u00e3o \u00e0 semana imediatamente anterior, quando foram registrados 1.980 novos casos e uma queda ainda maior, se comparado ao pico de 2.825 notifica\u00e7\u00f5es entre 25 e 31 de agosto.<\/p>\n<p>No Rio de Janeiro, o <a href=\"https:\/\/painel.saude.rj.gov.br\/monitoramento\/covid19.html\" target=\"_blank\" rel=\"noopener\">painel da Secretaria de Sa\u00fade<\/a>, atualizado no \u00faltimo dia 23 de setembro, mostra um aumento de 709 casos em rela\u00e7\u00e3o \u00e0 semana anterior. Na atualiza\u00e7\u00e3o do dia 16 de setembro, o estado fluminense havia registrado 898 novos casos. Na primeira semana do m\u00eas foram 1.415 notifica\u00e7\u00f5es, o que tamb\u00e9m revela uma tend\u00eancia de queda.<\/p>\n<p>No Distrito Federal, o <a href=\"https:\/\/www.saude.df.gov.br\/boletinsinformativos-divep-cieves\" target=\"_blank\" rel=\"noopener\">Boletim Epidemiol\u00f3gico<\/a> da Secretaria de Sa\u00fade indicou 641 novos casos da doen\u00e7a na semana terminada em 21 de setembro, um recuo de 21% em compara\u00e7\u00e3o \u00e0s 811 notifica\u00e7\u00f5es da semana anterior.<\/p>\n<p>Apenas no Mato Grosso do Sul, o mais recente <a href=\"https:\/\/www.vs.saude.ms.gov.br\/wp-content\/uploads\/2024\/09\/Boletim-Epidemiologico-COVID-19-2024.37.pdf\" target=\"_blank\" rel=\"noopener\">Boletim Epidemiol\u00f3gico<\/a> da Secretaria de Estado de Sa\u00fade registrou 368 novos casos confirmados de Covid-19 na semana epidemiol\u00f3gica 37, um aumento desde a semana epidemiol\u00f3gica 35, quando o estado confirmou 20 novos casos e, na semana seguinte, 197 notifica\u00e7\u00f5es.<\/p>\n<p>Em S\u00e3o Paulo, os dados mais recentes publicados pela <a href=\"https:\/\/www.saude.sp.gov.br\/cve-centro-de-vigilancia-epidemiologica-prof.-alexandre-vranjac\/areas-de-vigilancia\/doencas-de-transmissao-respiratoria\/coronavirus-covid-19\/situacao-epidemiologica\" target=\"_blank\" rel=\"noopener\">Secretaria de Estado de Sa\u00fade<\/a> sobre a situa\u00e7\u00e3o epidemiol\u00f3gica da Covid-19 s\u00e3o de 27 de junho de 2024. Nem mesmo o <a href=\"https:\/\/infoms.saude.gov.br\/extensions\/covid-19_html\/covid-19_html.html\" target=\"_blank\" rel=\"noopener\">painel de monitoramento do Minist\u00e9rio da Sa\u00fade<\/a> atualizou as informa\u00e7\u00f5es sobre o estado paulista. A equipe de reportagem do <strong>Brasil 61<\/strong> entrou em contato com a Secretaria de Estado de Sa\u00fade, mas n\u00e3o obteve resposta at\u00e9 o fechamento da reportagem.<\/p>\n<h2>Preven\u00e7\u00e3o e cuidados<\/h2>\n<p>Apesar dos dados mostrarem uma tend\u00eancia de queda dos casos de Covid-19 nesses estados, a pesquisadora do Boletim InfoGripe da Fiocruz, Tatiana Portella, refor\u00e7a a import\u00e2ncia de estar em dia com a vacina\u00e7\u00e3o.<\/p>\n<p>\u201c\u00c9 muito importante que todas as pessoas dos grupos de risco \u2014 como idosos, crian\u00e7as, pessoas com comorbidade \u2014 estejam em dia com a vacina\u00e7\u00e3o contra a Covid-19. A gente mant\u00e9m as recomenda\u00e7\u00f5es de sempre, como o uso de m\u00e1scaras em locais fechados. Tamb\u00e9m dentro dos postos de sa\u00fade \u00e9 importante usar m\u00e1scara. E em caso de aparecimento dos sintomas, o recomendado \u00e9 ficar em isolamento em casa, se recuperando da infec\u00e7\u00e3o, evitando transmitir esse v\u00edrus para outras pessoas.\u201d<\/p>\n<p><strong><a href=\"https:\/\/brasil61.com\/n\/infogripe-covid-19-continua-em-crescimento-e-expansao-pelo-pais-bras2412677\" target=\"_blank\" rel=\"noopener\">InfoGripe: Covid-19 continua em crescimento e expans\u00e3o pelo pa\u00eds<\/a><\/strong><\/p>\n<p><strong><a href=\"https:\/\/brasil61.com\/n\/covid-19-e-responsavel-por-metade-das-mortes-por-doencas-respiratorias-bras2412659\" target=\"_blank\" rel=\"noopener\">Covid-19 \u00e9 respons\u00e1vel por metade das mortes por doen\u00e7as respirat\u00f3rias<\/a><\/strong><\/p>\n<p>\t\t\t\t\t\t\t\t\t<img loading=\"lazy\" decoding=\"async\" src=\"https:\/\/brasil61.com\/api\/v1\/serve_pixel\/17677\/77666\" alt=\"Pixel Brasil 61\" class=\"b61_pixel\" width=\"0\" height=\"0\"><\/p>\n<input type=\"hidden\" id=\"baseurl\" value=\"https:\/\/noticiasdestaque.com.br\"><input type=\"hidden\" id=\"audio_nonce\" value=\"6a24ca502e\">","protected":false},"excerpt":{"rendered":"<p>At\u00e9 as \u00faltimas semanas epidemiol\u00f3gicas, essas unidades federativas registraram os maiores aumentos de novos casos de Covid-19<\/p>\n","protected":false},"author":1,"featured_media":38691,"comment_status":"open","ping_status":"open","sticky":false,"template":"","format":"standard","meta":{"fifu_image_url":"","fifu_image_alt":"","footnotes":""},"categories":[51],"tags":[],"class_list":["post-38690","post","type-post","status-publish","format-standard","has-post-thumbnail","hentry","category-saude"],"distributor_meta":false,"distributor_terms":false,"distributor_media":false,"distributor_original_site_name":"Noticias em Destaque","distributor_original_site_url":"https:\/\/noticiasdestaque.com.br","push-errors":false,"_links":{"self":[{"href":"https:\/\/noticiasdestaque.com.br\/index.php\/wp-json\/wp\/v2\/posts\/38690","targetHints":{"allow":["GET"]}}],"collection":[{"href":"https:\/\/noticiasdestaque.com.br\/index.php\/wp-json\/wp\/v2\/posts"}],"about":[{"href":"https:\/\/noticiasdestaque.com.br\/index.php\/wp-json\/wp\/v2\/types\/post"}],"author":[{"embeddable":true,"href":"https:\/\/noticiasdestaque.com.br\/index.php\/wp-json\/wp\/v2\/users\/1"}],"replies":[{"embeddable":true,"href":"https:\/\/noticiasdestaque.com.br\/index.php\/wp-json\/wp\/v2\/comments?post=38690"}],"version-history":[{"count":0,"href":"https:\/\/noticiasdestaque.com.br\/index.php\/wp-json\/wp\/v2\/posts\/38690\/revisions"}],"wp:featuredmedia":[{"embeddable":true,"href":"https:\/\/noticiasdestaque.com.br\/index.php\/wp-json\/wp\/v2\/media\/38691"}],"wp:attachment":[{"href":"https:\/\/noticiasdestaque.com.br\/index.php\/wp-json\/wp\/v2\/media?parent=38690"}],"wp:term":[{"taxonomy":"category","embeddable":true,"href":"https:\/\/noticiasdestaque.com.br\/index.php\/wp-json\/wp\/v2\/categories?post=38690"},{"taxonomy":"post_tag","embeddable":true,"href":"https:\/\/noticiasdestaque.com.br\/index.php\/wp-json\/wp\/v2\/tags?post=38690"}],"curies":[{"name":"wp","href":"https:\/\/api.w.org\/{rel}","templated":true}]}}