{"id":38688,"date":"2024-09-22T13:00:00","date_gmt":"2024-09-22T16:00:00","guid":{"rendered":"https:\/\/noticiasdestaque.com.br\/index.php\/2024\/09\/22\/seis-em-cada-dez-cidades-brasileiras-sofrem-com-a-falta-de-vacinas-aponta-cnm\/"},"modified":"2024-09-22T13:00:00","modified_gmt":"2024-09-22T16:00:00","slug":"seis-em-cada-dez-cidades-brasileiras-sofrem-com-a-falta-de-vacinas-aponta-cnm","status":"publish","type":"post","link":"https:\/\/noticiasdestaque.com.br\/index.php\/2024\/09\/22\/seis-em-cada-dez-cidades-brasileiras-sofrem-com-a-falta-de-vacinas-aponta-cnm\/","title":{"rendered":"Seis em cada dez cidades brasileiras sofrem com a falta de vacinas, aponta CNM"},"content":{"rendered":"<p>\t\t\t\t\t\t\t\t\t\t<audio controls class=\"b61_audio_player\" data-noticia=\"77359\" src=\"https:\/\/brasil61.com\/rails\/active_storage\/blobs\/eyJfcmFpbHMiOnsibWVzc2FnZSI6IkJBaHBBN01EQXc9PSIsImV4cCI6bnVsbCwicHVyIjoiYmxvYl9pZCJ9fQ==--4d8be4812e049b87ee1e59e4e40d4721c5e8d8cd\/BRAS2412683A\"><\/audio><\/p>\n<p>Pesquisa da <a href=\"https:\/\/cnm.org.br\/storage\/biblioteca\/2024\/Estudos_tecnicos\/202409_ET_SAU_Falta_vacina_proteger_criancas_brasileira.pdf?_t=1726236417\" target=\"_blank\" rel=\"noopener\">Confedera\u00e7\u00e3o Nacional dos Munic\u00edpios<\/a> (CNM) revela que em 64,7% dos munic\u00edpios brasileiros faltam vacinas, especialmente os imunizantes voltados para crian\u00e7as. Segundo a CNM, o Minist\u00e9rio da Sa\u00fade \u00e9 o respons\u00e1vel por comprar e distribuir todas as vacinas do Calend\u00e1rio Nacional de Vacina\u00e7\u00e3o, enquanto os estados s\u00e3o incumbidos de prover as seringas e agulhas.\u00a0<\/p>\n<p>De acordo com o estudo, os munic\u00edpios sinalizaram que a falta de vacinas ocorre h\u00e1 mais de um m\u00eas. Em algumas localidades, os imunizantes est\u00e3o em falta h\u00e1 mais de 90 dias. A varicela foi apontada como a vacina que est\u00e1 mais desfalcada, n\u00e3o chegando a 1.210 estoques municipais. O imunizante \u00e9 utilizado como refor\u00e7o contra a catapora em crian\u00e7as de 4 anos.<\/p>\n<p>J\u00e1 a vacina contra a Covid-19 para crian\u00e7as \u00e9 a segunda mais desfalcada, em falta em 770 munic\u00edpios, com uma m\u00e9dia de 30 dias de atraso. A Meningoc\u00f3cica C, respons\u00e1vel por proteger crian\u00e7as contra a meningite, est\u00e1 em falta em 546 cidades, com uma m\u00e9dia de 90 dias sem o imunizante.\u00a0<\/p>\n<p>Outras doses tamb\u00e9m est\u00e3o em falta, como a tetraviral \u2014 que combate sarampo, caxumba, varicela e rub\u00e9ola \u2014 desfalcada em 447 munic\u00edpios; hepatite A, em 307 munic\u00edpios; e a DTP \u2014 que protege contra difteria, t\u00e9tano e coqueluche \u2014, desfalcada em 288 cidades.<\/p>\n<p>Segundo o levantamento, o estado que possui a maior falta de vacinas nos munic\u00edpios \u00e9 Santa Catarina, onde 128 gestores municipais relataram esse cen\u00e1rio. Na sequ\u00eancia est\u00e3o Pernambuco, com 58, e Paran\u00e1, com 155.<\/p>\n<p>A CNM enviou um of\u00edcio ao Minist\u00e9rio da Sa\u00fade cobrando provid\u00eancias para sanar a falta de vacinas nas cidades brasileiras.\u00a0<\/p>\n<p><strong><a href=\"https:\/\/brasil61.com\/n\/minas-gerais-amm-relata-falta-de-vacinas-em-todas-as-regioes-do-estado-bras2412597\" target=\"_blank\" rel=\"noopener\">Minas Gerais: AMM relata falta de vacinas em todas as regi\u00f5es do estado<\/a><\/strong><\/p>\n<p><strong><a href=\"https:\/\/brasil61.com\/n\/mpox-sao-paulo-lidera-ranking-de-estados-com-mais-casos-bras2412576\" target=\"_blank\" rel=\"noopener\">MPOX: S\u00e3o Paulo lidera ranking de estados com mais casos<\/a><\/strong><\/p>\n<p>\t\t\t\t\t\t\t\t\t<img loading=\"lazy\" decoding=\"async\" src=\"https:\/\/brasil61.com\/api\/v1\/serve_pixel\/17677\/77359\" alt=\"Pixel Brasil 61\" class=\"b61_pixel\" width=\"0\" height=\"0\"><\/p>\n<input type=\"hidden\" id=\"baseurl\" value=\"https:\/\/noticiasdestaque.com.br\"><input type=\"hidden\" id=\"audio_nonce\" value=\"6a24ca502e\">","protected":false},"excerpt":{"rendered":"<p>Varicela e Covid-19 foram apontadas como as vacinas que mais est\u00e3o desfalcadas nos estoques municipais<\/p>\n","protected":false},"author":1,"featured_media":38689,"comment_status":"open","ping_status":"open","sticky":false,"template":"","format":"standard","meta":{"fifu_image_url":"","fifu_image_alt":"","footnotes":""},"categories":[51],"tags":[],"class_list":["post-38688","post","type-post","status-publish","format-standard","has-post-thumbnail","hentry","category-saude"],"distributor_meta":false,"distributor_terms":false,"distributor_media":false,"distributor_original_site_name":"Noticias em Destaque","distributor_original_site_url":"https:\/\/noticiasdestaque.com.br","push-errors":false,"_links":{"self":[{"href":"https:\/\/noticiasdestaque.com.br\/index.php\/wp-json\/wp\/v2\/posts\/38688","targetHints":{"allow":["GET"]}}],"collection":[{"href":"https:\/\/noticiasdestaque.com.br\/index.php\/wp-json\/wp\/v2\/posts"}],"about":[{"href":"https:\/\/noticiasdestaque.com.br\/index.php\/wp-json\/wp\/v2\/types\/post"}],"author":[{"embeddable":true,"href":"https:\/\/noticiasdestaque.com.br\/index.php\/wp-json\/wp\/v2\/users\/1"}],"replies":[{"embeddable":true,"href":"https:\/\/noticiasdestaque.com.br\/index.php\/wp-json\/wp\/v2\/comments?post=38688"}],"version-history":[{"count":0,"href":"https:\/\/noticiasdestaque.com.br\/index.php\/wp-json\/wp\/v2\/posts\/38688\/revisions"}],"wp:featuredmedia":[{"embeddable":true,"href":"https:\/\/noticiasdestaque.com.br\/index.php\/wp-json\/wp\/v2\/media\/38689"}],"wp:attachment":[{"href":"https:\/\/noticiasdestaque.com.br\/index.php\/wp-json\/wp\/v2\/media?parent=38688"}],"wp:term":[{"taxonomy":"category","embeddable":true,"href":"https:\/\/noticiasdestaque.com.br\/index.php\/wp-json\/wp\/v2\/categories?post=38688"},{"taxonomy":"post_tag","embeddable":true,"href":"https:\/\/noticiasdestaque.com.br\/index.php\/wp-json\/wp\/v2\/tags?post=38688"}],"curies":[{"name":"wp","href":"https:\/\/api.w.org\/{rel}","templated":true}]}}