{"id":38661,"date":"2024-09-24T18:00:00","date_gmt":"2024-09-24T21:00:00","guid":{"rendered":"https:\/\/noticiasdestaque.com.br\/index.php\/2024\/09\/24\/tempo-quente-e-seco-continua-no-centro-oeste\/"},"modified":"2024-09-24T18:00:00","modified_gmt":"2024-09-24T21:00:00","slug":"tempo-quente-e-seco-continua-no-centro-oeste","status":"publish","type":"post","link":"https:\/\/noticiasdestaque.com.br\/index.php\/2024\/09\/24\/tempo-quente-e-seco-continua-no-centro-oeste\/","title":{"rendered":"Tempo quente e seco continua no Centro-Oeste"},"content":{"rendered":"<p>\t\t\t\t\t\t\t\t\t\t<audio controls class=\"b61_audio_player\" data-noticia=\"77571\" src=\"https:\/\/brasil61.com\/rails\/active_storage\/blobs\/eyJfcmFpbHMiOnsibWVzc2FnZSI6IkJBaHBBMk1FQXc9PSIsImV4cCI6bnVsbCwicHVyIjoiYmxvYl9pZCJ9fQ==--8770ea8b911a88e319d5f335189314828c7a7159\/PTCO243845A\"><\/audio><\/p>\n<p>Nesta quarta-feira (25) predomina o sol, mas h\u00e1 possibilidade de chuvas isoladas em algumas \u00e1reas da regi\u00e3o Centro-Oeste.\u00a0<\/p>\n<p>Em Mato Grosso, o dia come\u00e7a com temperaturas amenas, entre 18\u00b0C e 30\u00b0C. Embora o sol predomine, h\u00e1 previs\u00e3o de chuvas r\u00e1pidas e pontuais, especialmente no norte do estado, durante a tarde. A umidade relativa do ar deve aumentar, deixando o clima mais abafado.<\/p>\n<p>Situa\u00e7\u00e3o parecida em Mato Grosso do Sul, onde o dia ser\u00e1 ensolarado, com temperaturas podendo chegar a 32\u00b0C. No entanto, h\u00e1 risco de chuvas r\u00e1pidas e trovoadas no per\u00edodo da tarde, especialmente nas regi\u00f5es sul e sudeste. O Inmet e a Defesa Civil alertam para a possibilidade de rajadas de vento durante as tempestades e para ondas de calor. O que vale para Goi\u00e1s, onde as temperaturas podem chegar a 39\u00ba C em Goi\u00e2nia com umidade do ar caindo a 20%.<\/p>\n<p>No Distrito Federal, a previs\u00e3o \u00e9 de sol entre nuvens, com temperaturas variando de 23\u00b0C a 33\u00b0C e alerta tamb\u00e9m para queda de umidade.\u00a0<\/p>\n<p>As informa\u00e7\u00f5es s\u00e3o do Inmet<\/p>\n<p>\n\u00a0<\/p>\n<p>\t\t\t\t\t\t\t\t\t<img loading=\"lazy\" decoding=\"async\" src=\"https:\/\/brasil61.com\/api\/v1\/serve_pixel\/17677\/77571\" alt=\"Pixel Brasil 61\" class=\"b61_pixel\" width=\"0\" height=\"0\"><\/p>\n<input type=\"hidden\" id=\"baseurl\" value=\"https:\/\/noticiasdestaque.com.br\"><input type=\"hidden\" id=\"audio_nonce\" value=\"6f73a554f1\">","protected":false},"excerpt":{"rendered":"<p>Inmet alerta para onda de calor que pode aumentar 5\u00baC em MS e Goi\u00e1s<\/p>\n","protected":false},"author":1,"featured_media":38662,"comment_status":"open","ping_status":"open","sticky":false,"template":"","format":"standard","meta":{"fifu_image_url":"","fifu_image_alt":"","footnotes":""},"categories":[58],"tags":[],"class_list":["post-38661","post","type-post","status-publish","format-standard","has-post-thumbnail","hentry","category-cotidiano"],"distributor_meta":false,"distributor_terms":false,"distributor_media":false,"distributor_original_site_name":"Noticias em Destaque","distributor_original_site_url":"https:\/\/noticiasdestaque.com.br","push-errors":false,"_links":{"self":[{"href":"https:\/\/noticiasdestaque.com.br\/index.php\/wp-json\/wp\/v2\/posts\/38661","targetHints":{"allow":["GET"]}}],"collection":[{"href":"https:\/\/noticiasdestaque.com.br\/index.php\/wp-json\/wp\/v2\/posts"}],"about":[{"href":"https:\/\/noticiasdestaque.com.br\/index.php\/wp-json\/wp\/v2\/types\/post"}],"author":[{"embeddable":true,"href":"https:\/\/noticiasdestaque.com.br\/index.php\/wp-json\/wp\/v2\/users\/1"}],"replies":[{"embeddable":true,"href":"https:\/\/noticiasdestaque.com.br\/index.php\/wp-json\/wp\/v2\/comments?post=38661"}],"version-history":[{"count":0,"href":"https:\/\/noticiasdestaque.com.br\/index.php\/wp-json\/wp\/v2\/posts\/38661\/revisions"}],"wp:featuredmedia":[{"embeddable":true,"href":"https:\/\/noticiasdestaque.com.br\/index.php\/wp-json\/wp\/v2\/media\/38662"}],"wp:attachment":[{"href":"https:\/\/noticiasdestaque.com.br\/index.php\/wp-json\/wp\/v2\/media?parent=38661"}],"wp:term":[{"taxonomy":"category","embeddable":true,"href":"https:\/\/noticiasdestaque.com.br\/index.php\/wp-json\/wp\/v2\/categories?post=38661"},{"taxonomy":"post_tag","embeddable":true,"href":"https:\/\/noticiasdestaque.com.br\/index.php\/wp-json\/wp\/v2\/tags?post=38661"}],"curies":[{"name":"wp","href":"https:\/\/api.w.org\/{rel}","templated":true}]}}