{"id":38657,"date":"2024-09-24T18:00:00","date_gmt":"2024-09-24T21:00:00","guid":{"rendered":"https:\/\/noticiasdestaque.com.br\/index.php\/2024\/09\/24\/quarta-feira-sera-de-sol-e-calor-em-boa-parte-do-nordeste-brasileiro\/"},"modified":"2024-09-24T18:00:00","modified_gmt":"2024-09-24T21:00:00","slug":"quarta-feira-sera-de-sol-e-calor-em-boa-parte-do-nordeste-brasileiro","status":"publish","type":"post","link":"https:\/\/noticiasdestaque.com.br\/index.php\/2024\/09\/24\/quarta-feira-sera-de-sol-e-calor-em-boa-parte-do-nordeste-brasileiro\/","title":{"rendered":"Quarta-feira ser\u00e1 de sol e calor em boa parte do Nordeste brasileiro"},"content":{"rendered":"<p>\t\t\t\t\t\t\t\t\t\t<audio controls class=\"b61_audio_player\" data-noticia=\"77569\" src=\"https:\/\/brasil61.com\/rails\/active_storage\/blobs\/eyJfcmFpbHMiOnsibWVzc2FnZSI6IkJBaHBBMlVFQXc9PSIsImV4cCI6bnVsbCwicHVyIjoiYmxvYl9pZCJ9fQ==--ac332bede47a4b436d62b814aeb17ff0d7dbde81\/PTND244439A\"><\/audio><\/p>\n<p>O tempo fica est\u00e1vel na maior parte da regi\u00e3o, sem previs\u00e3o de chuvas significativas. Com predom\u00ednio de sol e calor na parte da manh\u00e3 e nas \u00e1reas litor\u00e2neas, segundo o Instituto Nacional de Meteorologia (INMET). Pode haver aumento da nebulosidade em algumas \u00e1reas, especialmente no norte e sul da regi\u00e3o, com possibilidade de chuvas isoladas.\u00a0<\/p>\n<p>Nas \u00e1reas costeiras h\u00e1 previs\u00e3o de ventos moderados. Em fun\u00e7\u00e3o disso, a sensa\u00e7\u00e3o t\u00e9rmica pode ser um pouco maior que a temperatura real, justamente pela combina\u00e7\u00e3o de calor e umidade.<\/p>\n<p>Em Salvador (BA), capital baiana, faz calor \u2014 m\u00e1xima de 32\u00b0C e m\u00ednima de 24\u00b0C. Recife (PE) e Fortaleza (CE) t\u00eam temperaturas entre 25\u00b0C e 31\u00b0C, j\u00e1 em S\u00e3o Lu\u00eds (MA) a m\u00e1xima pode chegar aos 33\u00b0C.\u00a0<\/p>\n<p>Salvador e Fortaleza podem registrar umidade um pouco mais baixa do que as outras capitais nordestina, especialmente durante a tarde, quando os n\u00edveis podem cair para cerca de 55%.<\/p>\n<p>As informa\u00e7\u00f5es s\u00e3o do Inmet.<br \/>\n\u00a0<\/p>\n<p>\t\t\t\t\t\t\t\t\t<img loading=\"lazy\" decoding=\"async\" src=\"https:\/\/brasil61.com\/api\/v1\/serve_pixel\/17677\/77569\" alt=\"Pixel Brasil 61\" class=\"b61_pixel\" width=\"0\" height=\"0\"><\/p>\n<input type=\"hidden\" id=\"baseurl\" value=\"https:\/\/noticiasdestaque.com.br\"><input type=\"hidden\" id=\"audio_nonce\" value=\"6f73a554f1\">","protected":false},"excerpt":{"rendered":"<p>Umidade do ar fica entre 60% e 70% na maior parte da regi\u00e3o<\/p>\n","protected":false},"author":1,"featured_media":38658,"comment_status":"open","ping_status":"open","sticky":false,"template":"","format":"standard","meta":{"fifu_image_url":"","fifu_image_alt":"","footnotes":""},"categories":[58],"tags":[],"class_list":["post-38657","post","type-post","status-publish","format-standard","has-post-thumbnail","hentry","category-cotidiano"],"distributor_meta":false,"distributor_terms":false,"distributor_media":false,"distributor_original_site_name":"Noticias em Destaque","distributor_original_site_url":"https:\/\/noticiasdestaque.com.br","push-errors":false,"_links":{"self":[{"href":"https:\/\/noticiasdestaque.com.br\/index.php\/wp-json\/wp\/v2\/posts\/38657","targetHints":{"allow":["GET"]}}],"collection":[{"href":"https:\/\/noticiasdestaque.com.br\/index.php\/wp-json\/wp\/v2\/posts"}],"about":[{"href":"https:\/\/noticiasdestaque.com.br\/index.php\/wp-json\/wp\/v2\/types\/post"}],"author":[{"embeddable":true,"href":"https:\/\/noticiasdestaque.com.br\/index.php\/wp-json\/wp\/v2\/users\/1"}],"replies":[{"embeddable":true,"href":"https:\/\/noticiasdestaque.com.br\/index.php\/wp-json\/wp\/v2\/comments?post=38657"}],"version-history":[{"count":0,"href":"https:\/\/noticiasdestaque.com.br\/index.php\/wp-json\/wp\/v2\/posts\/38657\/revisions"}],"wp:featuredmedia":[{"embeddable":true,"href":"https:\/\/noticiasdestaque.com.br\/index.php\/wp-json\/wp\/v2\/media\/38658"}],"wp:attachment":[{"href":"https:\/\/noticiasdestaque.com.br\/index.php\/wp-json\/wp\/v2\/media?parent=38657"}],"wp:term":[{"taxonomy":"category","embeddable":true,"href":"https:\/\/noticiasdestaque.com.br\/index.php\/wp-json\/wp\/v2\/categories?post=38657"},{"taxonomy":"post_tag","embeddable":true,"href":"https:\/\/noticiasdestaque.com.br\/index.php\/wp-json\/wp\/v2\/tags?post=38657"}],"curies":[{"name":"wp","href":"https:\/\/api.w.org\/{rel}","templated":true}]}}