{"id":38655,"date":"2024-09-24T18:00:00","date_gmt":"2024-09-24T21:00:00","guid":{"rendered":"https:\/\/noticiasdestaque.com.br\/index.php\/2024\/09\/24\/quarta-feira-de-tempo-firme-e-sol-na-maior-parte-da-regiao-norte\/"},"modified":"2024-09-24T18:00:00","modified_gmt":"2024-09-24T21:00:00","slug":"quarta-feira-de-tempo-firme-e-sol-na-maior-parte-da-regiao-norte","status":"publish","type":"post","link":"https:\/\/noticiasdestaque.com.br\/index.php\/2024\/09\/24\/quarta-feira-de-tempo-firme-e-sol-na-maior-parte-da-regiao-norte\/","title":{"rendered":"Quarta-feira de tempo firme e sol na maior parte da Regi\u00e3o Norte"},"content":{"rendered":"<p>\t\t\t\t\t\t\t\t\t\t<audio controls class=\"b61_audio_player\" data-noticia=\"77568\" src=\"https:\/\/brasil61.com\/rails\/active_storage\/blobs\/eyJfcmFpbHMiOnsibWVzc2FnZSI6IkJBaHBBMllFQXc9PSIsImV4cCI6bnVsbCwicHVyIjoiYmxvYl9pZCJ9fQ==--ad293ff408b829b87f153dad7b39ccf993553510\/PTRN244197A\"><\/audio><\/p>\n<p>A quarta-feira ser\u00e1 de varia\u00e7\u00f5es clim\u00e1ticas significativas na Regi\u00e3o Norte do pa\u00eds. Segundo o Instituto Nacional de Meteorologia (Inmet) h\u00e1 previs\u00e3o de temperaturas elevadas e alta umidade do ar.<\/p>\n<p>Uma frente fria que chega nas \u00e1reas mais ao sul da regi\u00e3o\u00a0pode intensificar as chuvas no noroeste do Amazonas, leste do Acre e sul de Roraima, com volumes mais significativos. J\u00e1 o interior do Par\u00e1 e Tocantins ter\u00e3o um dia predominantemente seco, sem previs\u00e3o de chuvas.<\/p>\n<p>A umidade relativa do ar na regi\u00e3o deve permanecer alta, com \u00edndices acima de 70% em praticamente todas as capitais. Manaus e Rio Branco podem registrar n\u00edveis de umidade chegando a 75%, enquanto Bel\u00e9m e Porto Velho ter\u00e3o umidade em torno de 70%.<\/p>\n<p>Na capital amazonense faz calor, m\u00ednima de 24\u00b0C e m\u00e1xima de 32\u00b0C. Em Bel\u00e9m (PA), as temperaturas devem oscilar entre 25\u00b0C e 31\u00b0C.\u00a0 Porto Velho (RO) e\u00a0Rio Branco (AC) t\u00eam m\u00ednimas de 24\u00b0C e m\u00e1ximas de 33\u00b0C, com pancadas de chuva e trovoadas em pontos isolados.<\/p>\n<p>As informa\u00e7\u00f5es s\u00e3o do Inmet.<br \/>\n\u00a0<\/p>\n<p>\t\t\t\t\t\t\t\t\t<img loading=\"lazy\" decoding=\"async\" src=\"https:\/\/brasil61.com\/api\/v1\/serve_pixel\/17677\/77568\" alt=\"Pixel Brasil 61\" class=\"b61_pixel\" width=\"0\" height=\"0\"><\/p>\n<input type=\"hidden\" id=\"baseurl\" value=\"https:\/\/noticiasdestaque.com.br\"><input type=\"hidden\" id=\"audio_nonce\" value=\"6f73a554f1\">","protected":false},"excerpt":{"rendered":"<p>Sol entre nuvens predomina no Amazonas, Acre e Roraima<\/p>\n","protected":false},"author":1,"featured_media":38656,"comment_status":"open","ping_status":"open","sticky":false,"template":"","format":"standard","meta":{"fifu_image_url":"","fifu_image_alt":"","footnotes":""},"categories":[58],"tags":[],"class_list":["post-38655","post","type-post","status-publish","format-standard","has-post-thumbnail","hentry","category-cotidiano"],"distributor_meta":false,"distributor_terms":false,"distributor_media":false,"distributor_original_site_name":"Noticias em Destaque","distributor_original_site_url":"https:\/\/noticiasdestaque.com.br","push-errors":false,"_links":{"self":[{"href":"https:\/\/noticiasdestaque.com.br\/index.php\/wp-json\/wp\/v2\/posts\/38655","targetHints":{"allow":["GET"]}}],"collection":[{"href":"https:\/\/noticiasdestaque.com.br\/index.php\/wp-json\/wp\/v2\/posts"}],"about":[{"href":"https:\/\/noticiasdestaque.com.br\/index.php\/wp-json\/wp\/v2\/types\/post"}],"author":[{"embeddable":true,"href":"https:\/\/noticiasdestaque.com.br\/index.php\/wp-json\/wp\/v2\/users\/1"}],"replies":[{"embeddable":true,"href":"https:\/\/noticiasdestaque.com.br\/index.php\/wp-json\/wp\/v2\/comments?post=38655"}],"version-history":[{"count":0,"href":"https:\/\/noticiasdestaque.com.br\/index.php\/wp-json\/wp\/v2\/posts\/38655\/revisions"}],"wp:featuredmedia":[{"embeddable":true,"href":"https:\/\/noticiasdestaque.com.br\/index.php\/wp-json\/wp\/v2\/media\/38656"}],"wp:attachment":[{"href":"https:\/\/noticiasdestaque.com.br\/index.php\/wp-json\/wp\/v2\/media?parent=38655"}],"wp:term":[{"taxonomy":"category","embeddable":true,"href":"https:\/\/noticiasdestaque.com.br\/index.php\/wp-json\/wp\/v2\/categories?post=38655"},{"taxonomy":"post_tag","embeddable":true,"href":"https:\/\/noticiasdestaque.com.br\/index.php\/wp-json\/wp\/v2\/tags?post=38655"}],"curies":[{"name":"wp","href":"https:\/\/api.w.org\/{rel}","templated":true}]}}