{"id":38649,"date":"2024-09-25T13:01:00","date_gmt":"2024-09-25T16:01:00","guid":{"rendered":"https:\/\/noticiasdestaque.com.br\/index.php\/2024\/09\/25\/previsao-do-tempo-regiao-nordeste-tem-alerta-de-baixa-umidade-nesta-quinta-feira-26\/"},"modified":"2024-09-25T13:01:00","modified_gmt":"2024-09-25T16:01:00","slug":"previsao-do-tempo-regiao-nordeste-tem-alerta-de-baixa-umidade-nesta-quinta-feira-26","status":"publish","type":"post","link":"https:\/\/noticiasdestaque.com.br\/index.php\/2024\/09\/25\/previsao-do-tempo-regiao-nordeste-tem-alerta-de-baixa-umidade-nesta-quinta-feira-26\/","title":{"rendered":"PREVIS\u00c3O DO TEMPO: Regi\u00e3o Nordeste tem alerta de baixa umidade nesta quinta-feira (26)"},"content":{"rendered":"<p>\t\t\t\t\t\t\t\t\t\t<audio controls class=\"b61_audio_player\" data-noticia=\"77636\" src=\"https:\/\/brasil61.com\/rails\/active_storage\/blobs\/eyJfcmFpbHMiOnsibWVzc2FnZSI6IkJBaHBBN1FFQXc9PSIsImV4cCI6bnVsbCwicHVyIjoiYmxvYl9pZCJ9fQ==--53f1fe76033ab50a93221050be4179305f4c8bc5\/PTND244440A\"><\/audio><\/p>\n<p>Nesta quinta-feira (26), o dia ter\u00e1 varia\u00e7\u00e3o entre poucas e muitas nuvens e baixa umidade na Regi\u00e3o Nordeste do pa\u00eds. Pela manh\u00e3, h\u00e1 possibilidade de chuvas isoladas por toda a faixa central do Maranh\u00e3o, al\u00e9m da Mata Paraibana, Mata Meridional Pernambucana, Leste Alagoano e Metropolitana de Salvador.<\/p>\n<p>\u00c0 tarde e \u00e0 noite, a possibilidade de chuva diminui, podendo ocorrer apenas no Oeste Maranhense, Mata Pernambucana, Metropolitana do Recife, Mata Alagoana, Litoral Norte Alagoano e Metropolitana de Salvador.<\/p>\n<p>O Instituto Nacional de Meteorologia (Inmet) emitiu um alerta de perigo potencial de baixa umidade para o Leste, Sul e Centro Maranhenses, Sudeste, Centro-Norte, Sudoeste e Norte Piauienses, Jaguaribe, Centro-Sul, Noroeste e Sert\u00f5es Cearenses, Oeste e Central Potiguar, Sert\u00e3o Paraibano, Sert\u00e3o Pernambucano, S\u00e3o Francisco Pernambucano, Sert\u00e3o Alagoano, Sert\u00e3o Sergipano, Centro Sul, Centro Norte, Extremo Oeste e Nordeste Baianos, Vale S\u00e3o-Franciscano da Bahia e Zona da Mata.<\/p>\n<p>Entre as capitais, a temperatura m\u00ednima deve ficar em torno de 21\u00b0C em Macei\u00f3 (AL) e a m\u00e1xima pode chegar aos 39\u00b0C em Teresina (PI). A umidade relativa do ar pode variar entre 95% e 25%<\/p>\n<p>As informa\u00e7\u00f5es s\u00e3o do Instituto Nacional de Meteorologia.\u00a0<\/p>\n<p>\t\t\t\t\t\t\t\t\t<img loading=\"lazy\" decoding=\"async\" src=\"https:\/\/brasil61.com\/api\/v1\/serve_pixel\/17677\/77636\" alt=\"Pixel Brasil 61\" class=\"b61_pixel\" width=\"0\" height=\"0\"><\/p>\n<input type=\"hidden\" id=\"baseurl\" value=\"https:\/\/noticiasdestaque.com.br\"><input type=\"hidden\" id=\"audio_nonce\" value=\"6f73a554f1\">","protected":false},"excerpt":{"rendered":"<p>A temperatura na Regi\u00e3o Nordeste do pa\u00eds pode variar entre 21\u00b0C e 39\u00b0C<\/p>\n","protected":false},"author":1,"featured_media":38650,"comment_status":"open","ping_status":"open","sticky":false,"template":"","format":"standard","meta":{"fifu_image_url":"","fifu_image_alt":"","footnotes":""},"categories":[58],"tags":[],"class_list":["post-38649","post","type-post","status-publish","format-standard","has-post-thumbnail","hentry","category-cotidiano"],"distributor_meta":false,"distributor_terms":false,"distributor_media":false,"distributor_original_site_name":"Noticias em Destaque","distributor_original_site_url":"https:\/\/noticiasdestaque.com.br","push-errors":false,"_links":{"self":[{"href":"https:\/\/noticiasdestaque.com.br\/index.php\/wp-json\/wp\/v2\/posts\/38649","targetHints":{"allow":["GET"]}}],"collection":[{"href":"https:\/\/noticiasdestaque.com.br\/index.php\/wp-json\/wp\/v2\/posts"}],"about":[{"href":"https:\/\/noticiasdestaque.com.br\/index.php\/wp-json\/wp\/v2\/types\/post"}],"author":[{"embeddable":true,"href":"https:\/\/noticiasdestaque.com.br\/index.php\/wp-json\/wp\/v2\/users\/1"}],"replies":[{"embeddable":true,"href":"https:\/\/noticiasdestaque.com.br\/index.php\/wp-json\/wp\/v2\/comments?post=38649"}],"version-history":[{"count":0,"href":"https:\/\/noticiasdestaque.com.br\/index.php\/wp-json\/wp\/v2\/posts\/38649\/revisions"}],"wp:featuredmedia":[{"embeddable":true,"href":"https:\/\/noticiasdestaque.com.br\/index.php\/wp-json\/wp\/v2\/media\/38650"}],"wp:attachment":[{"href":"https:\/\/noticiasdestaque.com.br\/index.php\/wp-json\/wp\/v2\/media?parent=38649"}],"wp:term":[{"taxonomy":"category","embeddable":true,"href":"https:\/\/noticiasdestaque.com.br\/index.php\/wp-json\/wp\/v2\/categories?post=38649"},{"taxonomy":"post_tag","embeddable":true,"href":"https:\/\/noticiasdestaque.com.br\/index.php\/wp-json\/wp\/v2\/tags?post=38649"}],"curies":[{"name":"wp","href":"https:\/\/api.w.org\/{rel}","templated":true}]}}