{"id":38645,"date":"2024-09-24T03:01:00","date_gmt":"2024-09-24T06:01:00","guid":{"rendered":"https:\/\/noticiasdestaque.com.br\/index.php\/2024\/09\/24\/seca-extrema-acao-humana-e-uma-das-causas-principais-do-fenomeno-climatico\/"},"modified":"2024-09-24T03:01:00","modified_gmt":"2024-09-24T06:01:00","slug":"seca-extrema-acao-humana-e-uma-das-causas-principais-do-fenomeno-climatico","status":"publish","type":"post","link":"https:\/\/noticiasdestaque.com.br\/index.php\/2024\/09\/24\/seca-extrema-acao-humana-e-uma-das-causas-principais-do-fenomeno-climatico\/","title":{"rendered":"Seca extrema: a\u00e7\u00e3o humana \u00e9 uma das causas principais do fen\u00f4meno clim\u00e1tico"},"content":{"rendered":"<p>\t\t\t\t\t\t\t\t\t\t<audio controls class=\"b61_audio_player\" data-noticia=\"77540\" src=\"https:\/\/brasil61.com\/rails\/active_storage\/blobs\/eyJfcmFpbHMiOnsibWVzc2FnZSI6IkJBaHBBeGdFQXc9PSIsImV4cCI6bnVsbCwicHVyIjoiYmxvYl9pZCJ9fQ==--4162a7121c706b6cc21d45d1a3112d09ae4af2c6\/BRAS2412690A\"><\/audio><\/p>\n<p>A a\u00e7\u00e3o humana \u00e9 uma das principais causas da seca mais severa da hist\u00f3ria do Brasil. Segundo an\u00e1lise mais recente do Centro Nacional de Monitoramento e Alertas de Desastres Naturais (Cemaden), a seca em 2024 \u00e9 a de maior extens\u00e3o e intensidade j\u00e1 registrada no pa\u00eds. Ao todo, s\u00e3o cerca de 5 milh\u00f5es de km\u00b2 com alguma condi\u00e7\u00e3o de seca, o equivalente a 58% do territ\u00f3rio nacional.\u00a0<\/p>\n<p>Entre as causas da seca recorde, est\u00e3o:<\/p>\n<ul>\n<li>as poucas precipita\u00e7\u00f5es no \u00faltimo per\u00edodo chuvoso, em decorr\u00eancia do El Ni\u00f1o, n\u00e3o sendo capaz de repor os mananciais e a umidade do solo;<\/li>\n<li>a intensifica\u00e7\u00e3o da seca no inverno, que come\u00e7ou de forma antecipada, j\u00e1 no m\u00eas de abril, favorecendo a perda de umidade do solo e da vegeta\u00e7\u00e3o;<\/li>\n<li>as mudan\u00e7as clim\u00e1ticas provocadas pelos gases de efeito estufa, que geram o aquecimento da atmosfera e provocam longas sequ\u00eancias de dias sem chuva;<\/li>\n<li>o desmatamento para agricultura ou pastagem, degradando uma importante fonte de reten\u00e7\u00e3o da umidade do ar e do solo.<\/li>\n<\/ul>\n<p>A professora Ana \u00c1vila, pesquisadora do Centro de Pesquisas Meteorol\u00f3gicas e Clim\u00e1ticas Aplicadas \u00e0 Agricultura da Universidade Estadual de Campinas (Cepagri\/Unicamp), explica que a a\u00e7\u00e3o do ser humano \u00e9 fator importante para as mudan\u00e7as clim\u00e1ticas, tanto para a seca extrema quanto para os grandes volumes de chuvas na Regi\u00e3o Sul do pa\u00eds.<\/p>\n<p>\u201cA mudan\u00e7a de uso e ocupa\u00e7\u00e3o do solo, o desmatamento das matas ciliares, tudo isso tem impactado as nascentes dos rios. O regime de chuvas vem mudando em fun\u00e7\u00e3o da emiss\u00e3o de gases de efeito estufa, que tende a prolongar os per\u00edodos de estiagem. E, por outro lado, os sistemas meteorol\u00f3gicos que provocam chuva passam mais rapidamente ou ficam mais retidos na Regi\u00e3o Sul, com chuvas mais intensas, sobretudo na regi\u00e3o dos Pampas, no Rio Grande do Sul, e pega um pouco a Argentina, o Uruguai.\u201d<\/p>\n<h2>Seca nos biomas<\/h2>\n<p>Entre os biomas brasileiros, os mais afetados pela seca s\u00e3o a Amaz\u00f4nia e o Cerrado. Segundo o Cemaden, em agosto de 2024, v\u00e1rios estados desses biomas registraram seca extrema, como Mato Grosso, Acre e oeste do Amazonas. O munic\u00edpio de\u00a0Santa Isabel do Rio Negro (AM) enfrenta\u00a0seca severa e extrema h\u00e1 12 meses e a cidade de\u00a0Apiac\u00e1s (MT) registra\u00a0essa condi\u00e7\u00e3o h\u00e1 10 meses.<\/p>\n<p>A proje\u00e7\u00e3o para setembro tamb\u00e9m destaca v\u00e1rias localidades no Amazonas e Mato Grosso.<\/p>\n<p><u><strong>Seca &#8211; Agosto\/Setembro 2024 (M\u00e9dia Municipal)<\/strong><\/u><\/p>\n<p><img decoding=\"async\" style=\"width:100%\" alt=\"Imagem: Cemaden\" src=\"https:\/\/noticiasdestaque.com.br\/wp-content\/uploads\/2024\/09\/Secaextremaaohumanaumadascausasprincipaisdofenmenoclimtico_0749126001727301813.png\" title=\"Imagem: Cemaden\" \/><img decoding=\"async\" style=\"width:100%\" alt=\"Imagem: Cemaden\" src=\"https:\/\/noticiasdestaque.com.br\/wp-content\/uploads\/2024\/09\/Secaextremaaohumanaumadascausasprincipaisdofenmenoclimtico_0033779001727301815.png\" title=\"Imagem: Cemaden\" \/><\/p>\n<p>Segundo a pesquisadora Ana \u00c1vila, em geral, todos os biomas brasileiros foram afetados, especialmente pelas queimadas.<\/p>\n<p>\u201c\u00c9 dif\u00edcil a gente ter uma estimativa do quanto foi impactado sem ter uma an\u00e1lise mais criteriosa e nas diferentes especificidades. Ent\u00e3o, a recupera\u00e7\u00e3o vai depender muito tamb\u00e9m de como as a\u00e7\u00f5es ser\u00e3o tomadas. Porque parte dessa queima, consequ\u00eancia dessa seca extrema, n\u00e3o vai regenerar, porque h\u00e1 uma inten\u00e7\u00e3o de explora\u00e7\u00e3o agr\u00edcola e pecu\u00e1ria. Ent\u00e3o, parte se regenera, mas uma parte j\u00e1 n\u00e3o retoma em fun\u00e7\u00e3o desse interesse econ\u00f4mico.\u201d<\/p>\n<h2>Secas e enchentes hist\u00f3ricas<\/h2>\n<p>No passado da hist\u00f3ria do Brasil, outro per\u00edodo de seca levou \u00e0 morte 500 mil pessoas de fome, sede e doen\u00e7as. O per\u00edodo ficou conhecido como a Grande Seca e assolou a Regi\u00e3o Nordeste entre os anos \u00a0de 1877 e 1879. No entanto, a climatologista Ana \u00c1vila afirma que fen\u00f4menos extremos, como secas, chuvas, n\u00e3o t\u00eam periodicidade.\u00a0<\/p>\n<p>\u201cA Regi\u00e3o Nordeste \u00e9 uma regi\u00e3o que, por si s\u00f3, historicamente, tem o menor regime de chuvas. \u00c9 a regi\u00e3o que, com as mudan\u00e7as clim\u00e1ticas, tende a ser muito impactada exatamente em fun\u00e7\u00e3o desse regime de chuvas que j\u00e1 castiga a regi\u00e3o.\u201d<\/p>\n<p>Da mesma forma, nos anos 1940, as \u00e1guas do lago Gua\u00edba, no Rio Grande do Sul, transbordaram, o que deixou 70 mil pessoas desabrigadas. O n\u00famero foi amplamente superado nas enchentes que ocorreram em 2024, quando mais de 500 mil pessoas ficaram desalojadas e todo o estado ga\u00facho foi amplamente afetado.<\/p>\n<p>\u201cEm 1940 houve chuvas por v\u00e1rios dias, volumosas, com impacto enorme, por\u00e9m essa de agora, nesse volume, nessa propor\u00e7\u00e3o, n\u00e3o se compara \u00e0 de 1940. Ela foi muito mais severa, com volume muito maior, em um per\u00edodo de tempo menor\u201d, afirma Ana \u00c1vila.<\/p>\n<p>Segundo a pesquisadora, com as mudan\u00e7as clim\u00e1ticas, os fen\u00f4menos severos devem ocorrer com mais frequ\u00eancia, intensidade e extens\u00e3o.<\/p>\n<p>\u201cE o que a gente pode destacar \u00e9 que esses eventos severos, por exemplo, como essa estiagem que a gente est\u00e1 vivendo agora,\u00a0podem ser mais frequentes com as mudan\u00e7as clim\u00e1ticas. Toda a regi\u00e3o tropical do Brasil \u00e9 altamente sens\u00edvel \u00e0s mudan\u00e7as clim\u00e1ticas em fun\u00e7\u00e3o do regime de chuvas. Ent\u00e3o, v\u00e1rios estudos apontam j\u00e1 uma tend\u00eancia de redu\u00e7\u00e3o da chuva nessa regi\u00e3o central aqui do pa\u00eds.\u201d<\/p>\n<p>A doutora Ana Paula Cunha, pesquisadora do Cemaden, afirma que, diferentemente dos outros anos \u2014 quando a seca ocorria de forma localizada em algumas regi\u00f5es \u2014, em 2024 o fen\u00f4meno passou a afetar mais \u00e1reas do territ\u00f3rio nacional.<\/p>\n<p>\u201cEm 2020, a gente teve uma seca muito extensiva na Regi\u00e3o Centro-Oeste do pa\u00eds. Entre\u00a02012 e 2017, a gente teve uma seca bastante extensiva no Semi\u00e1rido e, entre\u00a02015 e 2016, em grande parte do Centro-Norte do pa\u00eds. No entanto, essa de 2023-2024 \u00e9 a primeira que cobre desde o Norte at\u00e9 o Sudeste do pa\u00eds.\u201d<\/p>\n<p>Segundo a pesquisadora, em 2024, pela primeira vez foi identificada seca excepcional fora da regi\u00e3o do Semi\u00e1rido, desde que o Cemaden come\u00e7ou a monitorar as secas no pa\u00eds.<\/p>\n<p>\u201cHoje, existem \u00e1reas, principalmente no Par\u00e1, no Mato Grosso e no estado de S\u00e3o Paulo, com essa categoria m\u00e1xima de seca, que \u00e9 a seca excepcional, que indica que al\u00e9m da super falta de chuva prolongada, tamb\u00e9m h\u00e1 umidade do solo extremamente baixa e a vegeta\u00e7\u00e3o extremamente seca.\u201d<\/p>\n<h2>Causas naturais<\/h2>\n<p>Al\u00e9m da a\u00e7\u00e3o do ser humano, outros fen\u00f4menos naturais s\u00e3o apontados pelos climatologistas como causas para as secas severas. Entre eles, a pesquisadora do Cemaden, Ana Paula Cunha, destaca o El Ni\u00f1o.<\/p>\n<p>\u201cN\u00f3s tivemos a ocorr\u00eancia do fen\u00f4meno El Ni\u00f1o, principalmente ao longo do segundo semestre de 2023. O El Ni\u00f1o foi se intensificando ao longo do ano e, consequentemente, costuma causar secas, sobretudo nas regi\u00f5es Norte e Nordeste. Ent\u00e3o, essa combina\u00e7\u00e3o de um Atl\u00e2ntico mais aquecido, junto com o El Ni\u00f1o , que \u00e9 o Pac\u00edfico mais aquecido, contribuiu para que as secas ficassem mais regionalizadas ali entre as regi\u00f5es Centro-Oeste e Norte, e tamb\u00e9m pegando parte do Sudeste.\u201d<\/p>\n<p>A partir de setembro, a previs\u00e3o dos climatologistas \u00e9 que haja a a\u00e7\u00e3o do fen\u00f4meno La Ni\u00f1a (e n\u00e3o mais do El Ni\u00f1o), que \u00e9 o resfriamento das \u00e1guas do Pac\u00edfico. Nessa previs\u00e3o, tamb\u00e9m h\u00e1 um retorno gradual das chuvas durante a primavera, conforme explica a pesquisadora Ana \u00c1vila.<\/p>\n<p>\u201cOs modelos est\u00e3o apontando uma tend\u00eancia de redu\u00e7\u00e3o de chuvas, embora nesses pr\u00f3ximos dias, por exemplo, haja uma situa\u00e7\u00e3o de chuvas em excesso no Sul, com risco de alagamentos e enchentes no Rio Grande do Sul, principalmente. Mas a longo e m\u00e9dio prazo, n\u00e3o se espera chuvas mais t\u00e3o volumosas, exatamente em fun\u00e7\u00e3o da La Nin\u00e3, que tem uma tend\u00eancia de redu\u00e7\u00e3o do volume de chuvas no sul do pa\u00eds e aumento do volume de chuvas no norte.\u201d\u00a0<\/p>\n<p>Os meteorologistas afirmam que o La Ni\u00f1a j\u00e1 deve come\u00e7ar no Brasil agora em setembro, com 58% de chances de ocorr\u00eancias no trimestre que vai at\u00e9 novembro. J\u00e1 no trimestre de outubro a dezembro de 2024, a probabilidade de ocorrer o fen\u00f4meno aumenta para 60%.\u00a0<\/p>\n<p><strong><a href=\"https:\/\/brasil61.com\/n\/primavera-2024-clima-seco-deve-continuar-ate-meados-novembro-bras2412673\" target=\"_blank\" rel=\"noopener\">Primavera 2024: clima seco deve continuar at\u00e9 meados de novembro<\/a><\/strong><\/p>\n<p><strong><a href=\"https:\/\/brasil61.com\/n\/baixa-umidade-do-ar-e-ventos-potencializam-queimadas-do-centro-ao-nordeste-do-brasil-bras2412663\" target=\"_blank\" rel=\"noopener\">Baixa umidade do ar e ventos potencializam queimadas do centro ao nordeste do Brasil<\/a><\/strong><\/p>\n<p>\t\t\t\t\t\t\t\t\t<img loading=\"lazy\" decoding=\"async\" src=\"https:\/\/brasil61.com\/api\/v1\/serve_pixel\/17677\/77540\" alt=\"Pixel Brasil 61\" class=\"b61_pixel\" width=\"0\" height=\"0\"><\/p>\n<input type=\"hidden\" id=\"baseurl\" value=\"https:\/\/noticiasdestaque.com.br\"><input type=\"hidden\" id=\"audio_nonce\" value=\"6f73a554f1\">","protected":false},"excerpt":{"rendered":"<p>Desmatamento, emiss\u00e3o de gases de efeito estufa e fen\u00f4menos naturais s\u00e3o apontados pelo Cemaden como causas da seca hist\u00f3rica<\/p>\n","protected":false},"author":1,"featured_media":38646,"comment_status":"open","ping_status":"open","sticky":false,"template":"","format":"standard","meta":{"fifu_image_url":"","fifu_image_alt":"","footnotes":""},"categories":[58],"tags":[],"class_list":["post-38645","post","type-post","status-publish","format-standard","has-post-thumbnail","hentry","category-cotidiano"],"distributor_meta":false,"distributor_terms":false,"distributor_media":false,"distributor_original_site_name":"Noticias em Destaque","distributor_original_site_url":"https:\/\/noticiasdestaque.com.br","push-errors":false,"_links":{"self":[{"href":"https:\/\/noticiasdestaque.com.br\/index.php\/wp-json\/wp\/v2\/posts\/38645","targetHints":{"allow":["GET"]}}],"collection":[{"href":"https:\/\/noticiasdestaque.com.br\/index.php\/wp-json\/wp\/v2\/posts"}],"about":[{"href":"https:\/\/noticiasdestaque.com.br\/index.php\/wp-json\/wp\/v2\/types\/post"}],"author":[{"embeddable":true,"href":"https:\/\/noticiasdestaque.com.br\/index.php\/wp-json\/wp\/v2\/users\/1"}],"replies":[{"embeddable":true,"href":"https:\/\/noticiasdestaque.com.br\/index.php\/wp-json\/wp\/v2\/comments?post=38645"}],"version-history":[{"count":0,"href":"https:\/\/noticiasdestaque.com.br\/index.php\/wp-json\/wp\/v2\/posts\/38645\/revisions"}],"wp:featuredmedia":[{"embeddable":true,"href":"https:\/\/noticiasdestaque.com.br\/index.php\/wp-json\/wp\/v2\/media\/38646"}],"wp:attachment":[{"href":"https:\/\/noticiasdestaque.com.br\/index.php\/wp-json\/wp\/v2\/media?parent=38645"}],"wp:term":[{"taxonomy":"category","embeddable":true,"href":"https:\/\/noticiasdestaque.com.br\/index.php\/wp-json\/wp\/v2\/categories?post=38645"},{"taxonomy":"post_tag","embeddable":true,"href":"https:\/\/noticiasdestaque.com.br\/index.php\/wp-json\/wp\/v2\/tags?post=38645"}],"curies":[{"name":"wp","href":"https:\/\/api.w.org\/{rel}","templated":true}]}}