{"id":38636,"date":"2024-09-25T16:05:54","date_gmt":"2024-09-25T19:05:54","guid":{"rendered":"https:\/\/noticiasdestaque.com.br\/index.php\/2024\/09\/25\/mudriniz-apresenta-show-ao-vivo-e-cancoes-ineditas-do-futuro-album-em-sao-paulo\/"},"modified":"2024-09-25T16:16:35","modified_gmt":"2024-09-25T19:16:35","slug":"mudriniz-apresenta-show-ao-vivo-e-cancoes-ineditas-do-futuro-album-em-sao-paulo","status":"publish","type":"post","link":"https:\/\/noticiasdestaque.com.br\/index.php\/2024\/09\/25\/mudriniz-apresenta-show-ao-vivo-e-cancoes-ineditas-do-futuro-album-em-sao-paulo\/","title":{"rendered":"Mudriniz apresenta show ao vivo e can\u00e7\u00f5es in\u00e9ditas do futuro \u00e1lbum em S\u00e3o Paulo"},"content":{"rendered":"\n<p>Prestes a estrear seu novo \u00e1lbum de trabalho, o multifacetado&nbsp;<strong>Mudriniz<\/strong>, apresenta show in\u00e9dito no evento \u201c<strong>Sente Intensamente<\/strong>\u201c, neste s\u00e1bado (28), a partir das 21h30, no&nbsp;<strong>Teatro Parlapat\u00f5es<\/strong>, em<strong>&nbsp;S\u00e3o Paulo<\/strong>. Com can\u00e7\u00f5es in\u00e9ditas e faixas j\u00e1 lan\u00e7adas, o artista prepara muitas surpresas para o setlist e comemora um novo momento da carreira focado em performances ao vivo e em conectar-se com o p\u00fablico.<\/p>\n\n\n\n<p>Ap\u00f3s participar de um evento de grande sucesso na Casa Abbe, que reuniu mais de cem pessoas, o artista se une aos cantores<strong>&nbsp;Alexys Agosto, Victor John e Pedro Lara<\/strong>&nbsp;para o \u201cSente Intensamente\u201d, que acontece na mesma regi\u00e3o da apresenta\u00e7\u00e3o anterior. Tudo come\u00e7ou com uma festa em conjunto para o lan\u00e7amento da m\u00fasica de um dos artistas, e agora eles se aliam novamente com o objetivo de misturar as culturas musicais mais uma vez.<\/p>\n\n\n\n<p>O projeto promove o encontro de quatro artistas independentes em um espa\u00e7o voltado para a cultura, localizado na regi\u00e3o predominantemente queer. Isso \u00e9 algo muito valorizado por eles, tanto pelo p\u00fablico quanto pelo contexto da regi\u00e3o. A inten\u00e7\u00e3o do grupo \u00e9 tamb\u00e9m criar uma cena, movimentar os bares locais e estar pr\u00f3ximos de um ambiente que fa\u00e7a sentido para sua est\u00e9tica, linguagem e comunica\u00e7\u00e3o. Dessa forma, a mensagem deles pode alcan\u00e7ar ainda mais pessoas.<\/p>\n\n\n\n<p>\u201c<em><strong>A Pra\u00e7a Roosevelt e a Rua Augusta s\u00e3o lugares que t\u00eam um peso simb\u00f3lico enorme para mim, tanto na vida pessoal quanto art\u00edstica. Cantar ali, ao vivo, traz uma emo\u00e7\u00e3o \u00fanica<\/strong><\/em>\u201d, conta Mudriniz.<\/p>\n\n\n\n<h2 class=\"wp-block-heading\"><strong>O setlist\u00a0<\/strong><\/h2>\n\n\n\n<p>No repert\u00f3rio, o artista confirma a presen\u00e7a de m\u00fasicas j\u00e1 lan\u00e7adas nas plataformas digitais e, com exclusividade e em primeira m\u00e3o, can\u00e7\u00f5es que integram o tracklist de \u201cPotencial Latente\u201d, futuro \u00e1lbum.<\/p>\n\n\n\n<p>\u201c<em><strong>Ser\u00e1 uma combina\u00e7\u00e3o de novidades e at\u00e9 alguns covers. O ambiente \u00e9 super gostoso, um espa\u00e7o perfeito para se conectar, curtir junto, tomar uma bebida e se sentir \u00e0 vontade, aproveitar nossa apresenta\u00e7\u00e3o dentro de um espa\u00e7o cultural que abriu as portas para a gente. As pessoas podem esperar um show independente, feito por artistas que est\u00e3o se esfor\u00e7ando para mostrar sua arte e crescer<\/strong><\/em>\u201c, afirma o cantor.&nbsp;<\/p>\n\n\n\n<h2 class=\"wp-block-heading\"><strong>A conex\u00e3o com o p\u00fablico<\/strong><\/h2>\n\n\n\n<p>Para Mudriniz, as apresenta\u00e7\u00f5es ao vivo s\u00e3o uma das vertentes mais especiais de trabalhar com m\u00fasica e a energia de um show \u00e9 completamente diferente de estar em est\u00fadio ou compondo sozinho \u201c<em><strong>Consigo olhar nos das pessoas e perceber que minha m\u00fasica vai al\u00e9m do digital, de um play no Spotify ou nas redes sociais. Ali, tenho uma conex\u00e3o direta com o p\u00fablico, e acredito que \u00e9 por isso que fa\u00e7o m\u00fasica: para me conectar com as pessoas, para que minha mensagem chegue de fato e gere discuss\u00f5es positivas<\/strong><\/em>\u201c, ele pondera.&nbsp;<\/p>\n\n\n\n<p>Ele ainda usa o exemplo: \u201c<em><strong>\u00c9 como se fosse um atleta se preparando para as Olimp\u00edadas, treinando o ano todo para, no grande momento, dar o seu melhor. Quando estou montando um show, sinto que \u00e9 a hora de mostrar o que aprendi, de colocar em pr\u00e1tica tudo o que constru\u00ed internamente e em parceria com outras pessoas<\/strong><\/em>\u201c.<\/p>\n\n\n\n<p>Al\u00e9m disso, ele tamb\u00e9m refor\u00e7a a import\u00e2ncia do show ao vivo como um espa\u00e7o para rede de apoio dentro da comunidade. \u201c<em><strong>Dentro da nossa comunidade, entendemos que, fora do nosso c\u00edrculo, muitas vezes sentimos uma certa opress\u00e3o. Quando conseguimos nos unir e criar esse espa\u00e7o seguro, confort\u00e1vel e de conex\u00e3o, a experi\u00eancia \u00e9 completamente diferente e muito especial<\/strong><\/em>\u201c, ressalta.<\/p>\n\n\n\n<h2 class=\"wp-block-heading\"><strong>Expectativa e muitos shows&nbsp;<\/strong><\/h2>\n\n\n\n<p>Al\u00e9m do novo \u00e1lbum, o artista se prepara para mais apresenta\u00e7\u00f5es ainda neste ano e o \u201c<em><strong>Sente Intensamente\u201d d\u00e1 o start neste novo momento da carreira. \u201cJ\u00e1 estou estruturando um show com m\u00fasicas do meu novo disco. Todas as faixas estar\u00e3o no setlist do show que quero lan\u00e7ar depois do meu novo disco, junto com m\u00fasicas que j\u00e1 lancei. A expectativa \u00e9 encontrar espa\u00e7os que abracem e abram as portas para essa arte. Estou muito feliz e positivo. E claro, os planos dos pr\u00f3ximos passos est\u00e3o em constante movimento<\/strong><\/em>\u201c, explica.<\/p>\n\n\n\n<p>Quanto \u00e0 expectativa para o evento neste s\u00e1bado, ele finaliza: \u201c<em><strong>Minha expectativa \u00e9 de alegria. A m\u00fasica, a dan\u00e7a, e a arte em geral, s\u00e3o formas de express\u00e3o que me libertam, ent\u00e3o tamb\u00e9m espero me sentir mais transparente e em sintonia comigo mesmo e com o p\u00fablico<\/strong><\/em>\u201c.&nbsp;<\/p>\n\n\n\n<h2 class=\"wp-block-heading\"><strong>Servi\u00e7o:<\/strong><\/h2>\n\n\n\n<p>Data: 28\/09 (s\u00e1bado)<br>Hor\u00e1rio: 21h30<br>Local: Teatro Parlapat\u00f5es<br>Endere\u00e7o: Pra\u00e7a Franklin Roosevelt, 158 \u2013 Consola\u00e7\u00e3o, S\u00e3o Paulo<br>Entrada Gratuita<\/p>\n\n\n\n<h2 class=\"wp-block-heading\"><strong>Programa\u00e7\u00e3o do evento:&nbsp;<\/strong><\/h2>\n\n\n\n<p>21h30 \u2013 Mudriniz<\/p>\n\n\n\n<p>22h30 \u2013 Victor John<\/p>\n\n\n\n<p>23h00 \u2013 Alexys Agosto<\/p>\n\n\n\n<p>23h30 \u2013 Pedro Lara<\/p>\n\n\n\n<p><strong>Redes Sociais<\/strong><strong><br><\/strong><a href=\"https:\/\/www.instagram.com\/mudriniz\/\" target=\"_blank\" rel=\"noreferrer noopener\"><strong>Instagram<\/strong><\/a><strong>&nbsp;| @mudriniz<\/strong><strong><br><\/strong><a href=\"https:\/\/open.spotify.com\/intl-pt\/artist\/5YA1nFaDxPxBwdMIu7lReP?si=2M2PNjC-QYChHyH25GkW2A\" target=\"_blank\" rel=\"noreferrer noopener\"><strong>Spotify<\/strong><\/a><strong>&nbsp;|&nbsp; Mudriniz<\/strong><strong><br><\/strong><a href=\"https:\/\/www.youtube.com\/@mudriniz\" target=\"_blank\" rel=\"noreferrer noopener\"><strong>YouTube<\/strong><\/a><strong>&nbsp;| Mudriniz<\/strong><\/p>\n\n\n\n<figure class=\"wp-block-image\"><img decoding=\"async\" src=\"https:\/\/celebs.com.br\/wp-content\/uploads\/2024\/09\/Bruno-Maury-@brunomaury-1024x657.png\" alt=\"\" class=\"wp-image-57579\"\/><\/figure>\n\n\n\n<figure class=\"wp-block-image\"><img decoding=\"async\" src=\"https:\/\/celebs.com.br\/wp-content\/uploads\/2024\/09\/Bruno-Maury-@brunomaury-768x1024.jpeg\" alt=\"\" class=\"wp-image-57578\"\/><\/figure>\n\n\n\n<figure class=\"wp-block-image\"><img decoding=\"async\" src=\"https:\/\/celebs.com.br\/wp-content\/uploads\/2024\/09\/Pedro-Campana--682x1024.jpeg\" alt=\"\" class=\"wp-image-57577\"\/><\/figure>\n\n\n\n<figure class=\"wp-block-image\"><img decoding=\"async\" src=\"https:\/\/celebs.com.br\/wp-content\/uploads\/2024\/09\/WhatsApp-Image-2024-09-24-at-09.31.07-2-1024x1024.jpeg\" alt=\"\" class=\"wp-image-57580\"\/><\/figure>\n\n\n\n<h2 class=\"wp-block-heading\"><a href=\"https:\/\/celebs.com.br\/57575\/mudriniz-apresenta-show-ao-vivo-e-cancoes-ineditas-do-futuro-album-em-sao-paulo\/#pula-stories\"><\/a><\/h2>\n\n\n\n<p><\/p>\n<input type=\"hidden\" id=\"baseurl\" value=\"https:\/\/noticiasdestaque.com.br\"><input type=\"hidden\" id=\"audio_nonce\" value=\"6f73a554f1\">","protected":false},"excerpt":{"rendered":"<p>Prestes a estrear seu novo \u00e1lbum de trabalho, o multifacetado&nbsp;Mudriniz, apresenta show in\u00e9dito no evento \u201cSente Intensamente\u201c, neste s\u00e1bado (28), a partir das 21h30, no&nbsp;Teatro Parlapat\u00f5es, em&nbsp;S\u00e3o Paulo. Com can\u00e7\u00f5es in\u00e9ditas e faixas j\u00e1 lan\u00e7adas, o artista prepara muitas surpresas para o setlist e comemora um novo momento da carreira focado em performances ao vivo [&hellip;]<\/p>\n","protected":false},"author":1,"featured_media":38642,"comment_status":"open","ping_status":"open","sticky":false,"template":"","format":"standard","meta":{"fifu_image_url":"","fifu_image_alt":"","footnotes":""},"categories":[52],"tags":[],"class_list":["post-38636","post","type-post","status-publish","format-standard","has-post-thumbnail","hentry","category-entretenimento"],"distributor_meta":false,"distributor_terms":false,"distributor_media":false,"distributor_original_site_name":"Portal de Recupera\u00e7\u00e3o","distributor_original_site_url":"https:\/\/portalderecuperacao.com","push-errors":false,"_links":{"self":[{"href":"https:\/\/noticiasdestaque.com.br\/index.php\/wp-json\/wp\/v2\/posts\/38636","targetHints":{"allow":["GET"]}}],"collection":[{"href":"https:\/\/noticiasdestaque.com.br\/index.php\/wp-json\/wp\/v2\/posts"}],"about":[{"href":"https:\/\/noticiasdestaque.com.br\/index.php\/wp-json\/wp\/v2\/types\/post"}],"author":[{"embeddable":true,"href":"https:\/\/noticiasdestaque.com.br\/index.php\/wp-json\/wp\/v2\/users\/1"}],"replies":[{"embeddable":true,"href":"https:\/\/noticiasdestaque.com.br\/index.php\/wp-json\/wp\/v2\/comments?post=38636"}],"version-history":[{"count":1,"href":"https:\/\/noticiasdestaque.com.br\/index.php\/wp-json\/wp\/v2\/posts\/38636\/revisions"}],"predecessor-version":[{"id":38640,"href":"https:\/\/noticiasdestaque.com.br\/index.php\/wp-json\/wp\/v2\/posts\/38636\/revisions\/38640"}],"wp:featuredmedia":[{"embeddable":true,"href":"https:\/\/noticiasdestaque.com.br\/index.php\/wp-json\/wp\/v2\/media\/38642"}],"wp:attachment":[{"href":"https:\/\/noticiasdestaque.com.br\/index.php\/wp-json\/wp\/v2\/media?parent=38636"}],"wp:term":[{"taxonomy":"category","embeddable":true,"href":"https:\/\/noticiasdestaque.com.br\/index.php\/wp-json\/wp\/v2\/categories?post=38636"},{"taxonomy":"post_tag","embeddable":true,"href":"https:\/\/noticiasdestaque.com.br\/index.php\/wp-json\/wp\/v2\/tags?post=38636"}],"curies":[{"name":"wp","href":"https:\/\/api.w.org\/{rel}","templated":true}]}}