{"id":38630,"date":"2024-09-23T02:00:00","date_gmt":"2024-09-23T05:00:00","guid":{"rendered":"https:\/\/noticiasdestaque.com.br\/index.php\/2024\/09\/23\/dolar-sobe-026-e-fecha-a-r-553\/"},"modified":"2024-09-23T02:00:00","modified_gmt":"2024-09-23T05:00:00","slug":"dolar-sobe-026-e-fecha-a-r-553","status":"publish","type":"post","link":"https:\/\/noticiasdestaque.com.br\/index.php\/2024\/09\/23\/dolar-sobe-026-e-fecha-a-r-553\/","title":{"rendered":"D\u00f3lar sobe 0,26% e fecha a R$ 5,53"},"content":{"rendered":"<p>\t\t\t\t\t\t\t\t\t\t<audio controls class=\"b61_audio_player\" data-noticia=\"77542\" src=\"https:\/\/brasil61.com\/rails\/active_storage\/blobs\/eyJfcmFpbHMiOnsibWVzc2FnZSI6IkJBaHBBeDRFQXc9PSIsImV4cCI6bnVsbCwicHVyIjoiYmxvYl9pZCJ9fQ==--eae042c506a32810ff5f4e343550b6b83519ea9c\/BRAS2412692A\"><\/audio><\/p>\n<p>O d\u00f3lar comercial come\u00e7ou a semana em alta de 0,26% cotado a R$ 5,53. O euro, por sua vez, est\u00e1 cotado a R$ 6,15 \u2014 em queda de 0,17% com rela\u00e7\u00e3o ao \u00faltimo fechamento.\u00a0<\/p>\n<p>Apesar da alta recente, em setembro a moeda americana acumula perdas de 1,79%.\u00a0<\/p>\n<p>A alta do d\u00f3lar pode ter rela\u00e7\u00e3o com os ajustes fiscais frequentes que o Brasil tem passado e com mais um an\u00fancio recente de cortes e contingenciamentos para zerar o d\u00e9ficit, como deseja o Minist\u00e9rio da Fazenda.\u00a0<\/p>\n<p>Os dados s\u00e3o da companhia Morningstar. \u00a0<\/p>\n<p>\n\u00a0<\/p>\n<p>\t\t\t\t\t\t\t\t\t<img loading=\"lazy\" decoding=\"async\" src=\"https:\/\/brasil61.com\/api\/v1\/serve_pixel\/17677\/77542\" alt=\"Pixel Brasil 61\" class=\"b61_pixel\" width=\"0\" height=\"0\"><\/p>\n<input type=\"hidden\" id=\"baseurl\" value=\"https:\/\/noticiasdestaque.com.br\"><input type=\"hidden\" id=\"audio_nonce\" value=\"6f73a554f1\">","protected":false},"excerpt":{"rendered":"<p>A alta do d\u00f3lar pode ter rela\u00e7\u00e3o com os ajustes fiscais frequentes que o Brasil tem passado<\/p>\n","protected":false},"author":1,"featured_media":38631,"comment_status":"open","ping_status":"open","sticky":false,"template":"","format":"standard","meta":{"fifu_image_url":"","fifu_image_alt":"","footnotes":""},"categories":[59],"tags":[],"class_list":["post-38630","post","type-post","status-publish","format-standard","has-post-thumbnail","hentry","category-economia"],"distributor_meta":false,"distributor_terms":false,"distributor_media":false,"distributor_original_site_name":"Noticias em Destaque","distributor_original_site_url":"https:\/\/noticiasdestaque.com.br","push-errors":false,"_links":{"self":[{"href":"https:\/\/noticiasdestaque.com.br\/index.php\/wp-json\/wp\/v2\/posts\/38630","targetHints":{"allow":["GET"]}}],"collection":[{"href":"https:\/\/noticiasdestaque.com.br\/index.php\/wp-json\/wp\/v2\/posts"}],"about":[{"href":"https:\/\/noticiasdestaque.com.br\/index.php\/wp-json\/wp\/v2\/types\/post"}],"author":[{"embeddable":true,"href":"https:\/\/noticiasdestaque.com.br\/index.php\/wp-json\/wp\/v2\/users\/1"}],"replies":[{"embeddable":true,"href":"https:\/\/noticiasdestaque.com.br\/index.php\/wp-json\/wp\/v2\/comments?post=38630"}],"version-history":[{"count":0,"href":"https:\/\/noticiasdestaque.com.br\/index.php\/wp-json\/wp\/v2\/posts\/38630\/revisions"}],"wp:featuredmedia":[{"embeddable":true,"href":"https:\/\/noticiasdestaque.com.br\/index.php\/wp-json\/wp\/v2\/media\/38631"}],"wp:attachment":[{"href":"https:\/\/noticiasdestaque.com.br\/index.php\/wp-json\/wp\/v2\/media?parent=38630"}],"wp:term":[{"taxonomy":"category","embeddable":true,"href":"https:\/\/noticiasdestaque.com.br\/index.php\/wp-json\/wp\/v2\/categories?post=38630"},{"taxonomy":"post_tag","embeddable":true,"href":"https:\/\/noticiasdestaque.com.br\/index.php\/wp-json\/wp\/v2\/tags?post=38630"}],"curies":[{"name":"wp","href":"https:\/\/api.w.org\/{rel}","templated":true}]}}