{"id":38624,"date":"2024-09-24T03:03:00","date_gmt":"2024-09-24T06:03:00","guid":{"rendered":"https:\/\/noticiasdestaque.com.br\/index.php\/2024\/09\/24\/abono-salarial-ate-quando-pode-sacar-saiba-quem-tem-direito\/"},"modified":"2024-09-24T03:03:00","modified_gmt":"2024-09-24T06:03:00","slug":"abono-salarial-ate-quando-pode-sacar-saiba-quem-tem-direito","status":"publish","type":"post","link":"https:\/\/noticiasdestaque.com.br\/index.php\/2024\/09\/24\/abono-salarial-ate-quando-pode-sacar-saiba-quem-tem-direito\/","title":{"rendered":"Abono Salarial: at\u00e9 quando pode sacar? Saiba quem tem direito"},"content":{"rendered":"<p>\t\t\t\t\t\t\t\t\t\t<audio controls class=\"b61_audio_player\" data-noticia=\"77539\" src=\"https:\/\/brasil61.com\/rails\/active_storage\/blobs\/eyJfcmFpbHMiOnsibWVzc2FnZSI6IkJBaHBBeGNFQXc9PSIsImV4cCI6bnVsbCwicHVyIjoiYmxvYl9pZCJ9fQ==--6f26bdbb1d3deeb329cd5a1198382c15f6a3e15b\/BRAS2412689A\"><\/audio><\/p>\n<p>Os trabalhadores que ainda n\u00e3o sacaram o abono salarial PIS-Pasep 2024 &#8211; ano-base 2022 \u2013 t\u00eam at\u00e9 o dia 27 de dezembro para retirarem o dinheiro referente ao benef\u00edcio. At\u00e9 essa data, os pagamentos v\u00e3o continuar sendo feitos nos dias 15 de cada m\u00eas, ou no dia \u00fatil seguinte.<\/p>\n<p>O abono salarial corresponde a um valor de at\u00e9 um sal\u00e1rio-m\u00ednimo, concedido todos os anos aos trabalhadores e servidores que atendem aos requisitos do programa. De acordo com o Minist\u00e9rio do Trabalho, at\u00e9 o fim de agosto\u00a0um total de R$ 283,4 milh\u00f5es do abono salarial ainda havia sido sacado.<\/p>\n<p><a href=\"https:\/\/brasil61.com\/n\/reforma-tributaria-setores-de-infraestrutura-debatem-impactos-bras2412679\" target=\"_blank\" rel=\"noopener\">Reforma Tribut\u00e1ria: setores de infraestrutura debatem impactos<\/a><\/p>\n<p>Os valores s\u00e3o destinados aos trabalhadores da iniciativa privada, via PIS, e para os servidores p\u00fablicos, via Pasep. Os valores para as categorias variam entre R$ 118,00 e R$ 1.412,00, levando em conta o n\u00famero de meses trabalhados ao longo do ano-base 2022.<\/p>\n<h2>Quem tem direito?<\/h2>\n<p>O abono salarial do PIS\/Pasep \u00e9 pago a trabalhadores que atuam com carteira assinada e a servidores p\u00fablicos que receberam sal\u00e1rio mensal m\u00e9dio de at\u00e9 dois sal\u00e1rios-m\u00ednimos ao longo do ano-base. Diante disso, trabalhadores rurais ou urbanos empregados por pessoa f\u00edsica, assim como empregadas dom\u00e9sticas, n\u00e3o recebem o benef\u00edcio. Confira quem tem direito ao abono:<\/p>\n<ul>\n<li>Trabalhadores e servidores p\u00fablicos cadastrados no programa PIS\/PASEP ou no CNIS h\u00e1 pelo menos cinco anos;<\/li>\n<li>Quem recebeu at\u00e9 2 sal\u00e1rios-m\u00ednimos m\u00e9dios de remunera\u00e7\u00e3o mensal no ano-base;<\/li>\n<li>Quem trabalhou para empregadores que contribuem para o Programa de Integra\u00e7\u00e3o Social (PIS) ou para o Programa de Forma\u00e7\u00e3o do Patrim\u00f4nio do Servidor P\u00fablico (Pasep);<\/li>\n<li>Quem tem dados informados pelo empregador corretamente na Rela\u00e7\u00e3o Anual de Informa\u00e7\u00f5es Sociais (RAIS) ou no eSocial do ano-base;\u00a0<\/li>\n<li>Quem exerceu atividade remunerada por pelo menos 30 dias, consecutivos ou n\u00e3o, no ano-base.\u00a0<\/li>\n<\/ul>\n<h2>Quem n\u00e3o tem direito?<\/h2>\n<ul>\n<li>Trabalhadores rurais empregados por pessoa f\u00edsica;<\/li>\n<li>Trabalhadores empregados por pessoa f\u00edsica equiparada a jur\u00eddica.<\/li>\n<li>Trabalhadores urbanos empregados por pessoa f\u00edsica;<\/li>\n<li>Empregados dom\u00e9sticos.\u00a0<br \/>\n\t\u00a0<\/li>\n<\/ul>\n<p>\t\t\t\t\t\t\t\t\t<img loading=\"lazy\" decoding=\"async\" src=\"https:\/\/brasil61.com\/api\/v1\/serve_pixel\/17677\/77539\" alt=\"Pixel Brasil 61\" class=\"b61_pixel\" width=\"0\" height=\"0\"><\/p>\n<input type=\"hidden\" id=\"baseurl\" value=\"https:\/\/noticiasdestaque.com.br\"><input type=\"hidden\" id=\"audio_nonce\" value=\"6f73a554f1\">","protected":false},"excerpt":{"rendered":"<p>Os valores para as categorias variam entre R$ 118,00 e R$ 1.412,00, levando em conta o n\u00famero de meses trabalhados ao longo do ano-base 2022<\/p>\n","protected":false},"author":1,"featured_media":38625,"comment_status":"open","ping_status":"open","sticky":false,"template":"","format":"standard","meta":{"fifu_image_url":"","fifu_image_alt":"","footnotes":""},"categories":[59],"tags":[],"class_list":["post-38624","post","type-post","status-publish","format-standard","has-post-thumbnail","hentry","category-economia"],"distributor_meta":false,"distributor_terms":false,"distributor_media":false,"distributor_original_site_name":"Noticias em Destaque","distributor_original_site_url":"https:\/\/noticiasdestaque.com.br","push-errors":false,"_links":{"self":[{"href":"https:\/\/noticiasdestaque.com.br\/index.php\/wp-json\/wp\/v2\/posts\/38624","targetHints":{"allow":["GET"]}}],"collection":[{"href":"https:\/\/noticiasdestaque.com.br\/index.php\/wp-json\/wp\/v2\/posts"}],"about":[{"href":"https:\/\/noticiasdestaque.com.br\/index.php\/wp-json\/wp\/v2\/types\/post"}],"author":[{"embeddable":true,"href":"https:\/\/noticiasdestaque.com.br\/index.php\/wp-json\/wp\/v2\/users\/1"}],"replies":[{"embeddable":true,"href":"https:\/\/noticiasdestaque.com.br\/index.php\/wp-json\/wp\/v2\/comments?post=38624"}],"version-history":[{"count":0,"href":"https:\/\/noticiasdestaque.com.br\/index.php\/wp-json\/wp\/v2\/posts\/38624\/revisions"}],"wp:featuredmedia":[{"embeddable":true,"href":"https:\/\/noticiasdestaque.com.br\/index.php\/wp-json\/wp\/v2\/media\/38625"}],"wp:attachment":[{"href":"https:\/\/noticiasdestaque.com.br\/index.php\/wp-json\/wp\/v2\/media?parent=38624"}],"wp:term":[{"taxonomy":"category","embeddable":true,"href":"https:\/\/noticiasdestaque.com.br\/index.php\/wp-json\/wp\/v2\/categories?post=38624"},{"taxonomy":"post_tag","embeddable":true,"href":"https:\/\/noticiasdestaque.com.br\/index.php\/wp-json\/wp\/v2\/tags?post=38624"}],"curies":[{"name":"wp","href":"https:\/\/api.w.org\/{rel}","templated":true}]}}