{"id":38622,"date":"2024-09-23T03:02:00","date_gmt":"2024-09-23T06:02:00","guid":{"rendered":"https:\/\/noticiasdestaque.com.br\/index.php\/2024\/09\/23\/reforma-tributaria-setores-de-infraestrutura-debatem-impactos\/"},"modified":"2024-09-23T03:02:00","modified_gmt":"2024-09-23T06:02:00","slug":"reforma-tributaria-setores-de-infraestrutura-debatem-impactos","status":"publish","type":"post","link":"https:\/\/noticiasdestaque.com.br\/index.php\/2024\/09\/23\/reforma-tributaria-setores-de-infraestrutura-debatem-impactos\/","title":{"rendered":"Reforma Tribut\u00e1ria: setores de infraestrutura debatem impactos"},"content":{"rendered":"<p>\t\t\t\t\t\t\t\t\t\t<audio controls class=\"b61_audio_player\" data-noticia=\"77339\" src=\"https:\/\/brasil61.com\/rails\/active_storage\/blobs\/eyJfcmFpbHMiOnsibWVzc2FnZSI6IkJBaHBBNGtEQXc9PSIsImV4cCI6bnVsbCwicHVyIjoiYmxvYl9pZCJ9fQ==--4b73c0595b8aa71bd1935d09b2fa1c1ada299ab7\/BRAS2412679A\"><\/audio><\/p>\n<p>O setor de infraestrutura, sobretudo o de transportes, est\u00e1 preocupado com a regulamenta\u00e7\u00e3o da Reforma Tribut\u00e1ria. Os projetos de lei complementares\u00a0que tramitam tanto na C\u00e2mara quanto no Senado ainda t\u00eam pontos que precisam ser debatidos, para que n\u00e3o haja preju\u00edzos.\u00a0<\/p>\n<p>Especialistas de diversos setores se reuniram em audi\u00eancia p\u00fablica na Comiss\u00e3o de Assuntos Econ\u00f4micos do Senado\u00a0para debater sobre a import\u00e2ncia de aprimorar os textos, para garantir seguran\u00e7a jur\u00eddica nos contratos e diminuir as distor\u00e7\u00f5es. Entre os pontos de aten\u00e7\u00e3o, segundo os especialistas presentes no encontro, est\u00e3o: risco de cumulatividade de tributos, aumento de al\u00edquotas em setores estrat\u00e9gicos e incertezas sobre a sustentabilidade de concess\u00f5es ao setor privado.<\/p>\n<h2>Transportes<\/h2>\n<p>A Confedera\u00e7\u00e3o Nacional dos Transportes (CNT) esteve na audi\u00eancia e representada pela consultora tribut\u00e1ria Alessandra Brand\u00e3o, exp\u00f4s preocupa\u00e7\u00e3o com os seguintes pontos:\u00a0<\/p>\n<ul>\n<li><strong>concorr\u00eancia desleal <\/strong>\u2014 atualmente, o transporte internacional de cargas \u00e9 isento de PIS, Cofins e ICMS, tanto para exporta\u00e7\u00e3o quanto importa\u00e7\u00e3o. Mas o PLP 68\/2024 prop\u00f5e tributar as empresas brasileiras que contratarem transportadores nacionais. Mudan\u00e7a que, segundo a consultora, contraria o princ\u00edpio da reforma, que \u00e9 desonerar as exporta\u00e7\u00f5es.\u00a0<\/li>\n<li><strong>transporte de passageiros <\/strong>\u2014 outro ponto levantado foi a necessidade de manter as al\u00edquotas reduzidas para o transporte rodovi\u00e1rio e ferrovi\u00e1rio intermunicipal e interestadual de passageiros, j\u00e1 que esses segmentos operam com regimes de taxas diferenciadas e s\u00e3o servi\u00e7os p\u00fablicos essenciais;<\/li>\n<li><strong>reequil\u00edbrio de contratos<\/strong> \u2014 para um regime que torne o Brasil mais competitivo e produtivo, o diretor-presidente do Instituto Brasileiro de Infraestrutura (IBI), M\u00e1rio Povia, defendeu o Regime Tribut\u00e1rio para Incentivo \u00e0 Moderniza\u00e7\u00e3o e \u00e0 Amplia\u00e7\u00e3o da Estrutura Portu\u00e1ria (Reporto). Na ocasi\u00e3o, ele mostrou preocupa\u00e7\u00e3o com o reequil\u00edbrio dos contratos\u00a0e lembrou que o pa\u00eds depende muito de investimentos de origem privada para projetos de infraestrutura;<\/li>\n<li><strong>seguran\u00e7a jur\u00eddica<\/strong> \u2014 \u00a0a quest\u00e3o foi levantada pelo diretor-presidente da Associa\u00e7\u00e3o Brasileira de Concession\u00e1rias de Rodovias (ABCR), Marco Aur\u00e9lio de Barcelos Silva. Que resultou a import\u00e2ncia de manter o equil\u00edbrio econ\u00f4mico-financeiro dos contratos de concess\u00e3o, j\u00e1 que o texto que tramita no Senado n\u00e3o estabelece qualquer consequ\u00eancia se a respectiva ag\u00eancia reguladora n\u00e3o conseguir reanalisar um contrato no prazo legal de 90 dias.<\/li>\n<\/ul>\n<p>Outras audi\u00eancias ainda ser\u00e3o realizadas pelo grupo de trabalho da CAE. O senador Izalci Lucas (PL\/DF) deve entregar seu relat\u00f3rio com sugest\u00f5es de altera\u00e7\u00f5es ao senador Eduardo Braga (MDB\/AM), no m\u00eas de outubro.<br \/>\n\u00a0<\/p>\n<p>\t\t\t\t\t\t\t\t\t<img loading=\"lazy\" decoding=\"async\" src=\"https:\/\/brasil61.com\/api\/v1\/serve_pixel\/17677\/77339\" alt=\"Pixel Brasil 61\" class=\"b61_pixel\" width=\"0\" height=\"0\"><\/p>\n<input type=\"hidden\" id=\"baseurl\" value=\"https:\/\/noticiasdestaque.com.br\"><input type=\"hidden\" id=\"audio_nonce\" value=\"6f73a554f1\">","protected":false},"excerpt":{"rendered":"<p>Membros de confedera\u00e7\u00f5es pedem amplia\u00e7\u00e3o de di\u00e1logo sobre medidas que afetam setor de transporte, com pontos pol\u00eamicos ainda em aberto<\/p>\n","protected":false},"author":1,"featured_media":38623,"comment_status":"open","ping_status":"open","sticky":false,"template":"","format":"standard","meta":{"fifu_image_url":"","fifu_image_alt":"","footnotes":""},"categories":[59],"tags":[],"class_list":["post-38622","post","type-post","status-publish","format-standard","has-post-thumbnail","hentry","category-economia"],"distributor_meta":false,"distributor_terms":false,"distributor_media":false,"distributor_original_site_name":"Noticias em Destaque","distributor_original_site_url":"https:\/\/noticiasdestaque.com.br","push-errors":false,"_links":{"self":[{"href":"https:\/\/noticiasdestaque.com.br\/index.php\/wp-json\/wp\/v2\/posts\/38622","targetHints":{"allow":["GET"]}}],"collection":[{"href":"https:\/\/noticiasdestaque.com.br\/index.php\/wp-json\/wp\/v2\/posts"}],"about":[{"href":"https:\/\/noticiasdestaque.com.br\/index.php\/wp-json\/wp\/v2\/types\/post"}],"author":[{"embeddable":true,"href":"https:\/\/noticiasdestaque.com.br\/index.php\/wp-json\/wp\/v2\/users\/1"}],"replies":[{"embeddable":true,"href":"https:\/\/noticiasdestaque.com.br\/index.php\/wp-json\/wp\/v2\/comments?post=38622"}],"version-history":[{"count":0,"href":"https:\/\/noticiasdestaque.com.br\/index.php\/wp-json\/wp\/v2\/posts\/38622\/revisions"}],"wp:featuredmedia":[{"embeddable":true,"href":"https:\/\/noticiasdestaque.com.br\/index.php\/wp-json\/wp\/v2\/media\/38623"}],"wp:attachment":[{"href":"https:\/\/noticiasdestaque.com.br\/index.php\/wp-json\/wp\/v2\/media?parent=38622"}],"wp:term":[{"taxonomy":"category","embeddable":true,"href":"https:\/\/noticiasdestaque.com.br\/index.php\/wp-json\/wp\/v2\/categories?post=38622"},{"taxonomy":"post_tag","embeddable":true,"href":"https:\/\/noticiasdestaque.com.br\/index.php\/wp-json\/wp\/v2\/tags?post=38622"}],"curies":[{"name":"wp","href":"https:\/\/api.w.org\/{rel}","templated":true}]}}