{"id":38616,"date":"2024-09-22T18:00:00","date_gmt":"2024-09-22T21:00:00","guid":{"rendered":"https:\/\/noticiasdestaque.com.br\/index.php\/2024\/09\/22\/previsao-do-tempo-tempo-quente-e-seco-se-mantem-no-df-go-e-mt-possibilidade-de-chuva-no-sul-do-ms\/"},"modified":"2024-09-22T18:00:00","modified_gmt":"2024-09-22T21:00:00","slug":"previsao-do-tempo-tempo-quente-e-seco-se-mantem-no-df-go-e-mt-possibilidade-de-chuva-no-sul-do-ms","status":"publish","type":"post","link":"https:\/\/noticiasdestaque.com.br\/index.php\/2024\/09\/22\/previsao-do-tempo-tempo-quente-e-seco-se-mantem-no-df-go-e-mt-possibilidade-de-chuva-no-sul-do-ms\/","title":{"rendered":"PREVIS\u00c3O DO TEMPO: tempo quente e seco se mant\u00e9m no DF, GO e MT; possibilidade de chuva no sul do MS"},"content":{"rendered":"<p>\t\t\t\t\t\t\t\t\t\t<audio controls class=\"b61_audio_player\" data-noticia=\"77356\" src=\"https:\/\/brasil61.com\/rails\/active_storage\/blobs\/eyJfcmFpbHMiOnsibWVzc2FnZSI6IkJBaHBBN1lEQXc9PSIsImV4cCI6bnVsbCwicHVyIjoiYmxvYl9pZCJ9fQ==--168c97ebd3e68b52c41bd6ff2ae2ba48f0e14b2d\/PTCO243843A\"><\/audio><\/p>\n<p>A previs\u00e3o de tempo quente e seco se mant\u00e9m para a regi\u00e3o Centro-Oeste neste in\u00edcio de semana.\u00a0<\/p>\n<p>A segunda-feira (23) dever\u00e1 ser de c\u00e9u com poucas nuvens na maior parte do Mato Grosso, Goi\u00e1s e Distrito Federal. No Norte e Nordeste goiano, nas regi\u00f5es de Porangatu e da Chapada dos Veadeiros, a previs\u00e3o \u00e9 de n\u00e9voa seca e de altas temperaturas.<\/p>\n<p>No Mato Grosso do Sul, a segunda poder\u00e1 ser de muitas nuvens, com possibilidade de chuva no extremo sul, regi\u00e3o de Iguatemi (MS).<\/p>\n<p>Temperaturas m\u00ednimas de 20\u00b0C, em Bras\u00edlia (DF) e de 23\u00b0C, em Goi\u00e2nia (GO). Os term\u00f4metros podem chegar aos 42\u00b0C, em Cuiab\u00e1 (MT) e aos 40\u00b0C, em Campo Grande (MS).\u00a0<\/p>\n<p>As informa\u00e7\u00f5es s\u00e3o do Instituto Nacional de Meteorologia<\/p>\n<p>\t\t\t\t\t\t\t\t\t<img loading=\"lazy\" decoding=\"async\" src=\"https:\/\/brasil61.com\/api\/v1\/serve_pixel\/17677\/77356\" alt=\"Pixel Brasil 61\" class=\"b61_pixel\" width=\"0\" height=\"0\"><\/p>\n<input type=\"hidden\" id=\"baseurl\" value=\"https:\/\/noticiasdestaque.com.br\"><input type=\"hidden\" id=\"audio_nonce\" value=\"6f73a554f1\">","protected":false},"excerpt":{"rendered":"<p>No Norte e Nordeste goiano, nas regi\u00f5es de Porangatu e da Chapada dos Veadeiros, a previs\u00e3o de n\u00e9voa seca e de altas temperaturas<\/p>\n","protected":false},"author":1,"featured_media":38617,"comment_status":"open","ping_status":"open","sticky":false,"template":"","format":"standard","meta":{"fifu_image_url":"","fifu_image_alt":"","footnotes":""},"categories":[58],"tags":[],"class_list":["post-38616","post","type-post","status-publish","format-standard","has-post-thumbnail","hentry","category-cotidiano"],"distributor_meta":false,"distributor_terms":false,"distributor_media":false,"distributor_original_site_name":"Noticias em Destaque","distributor_original_site_url":"https:\/\/noticiasdestaque.com.br","push-errors":false,"_links":{"self":[{"href":"https:\/\/noticiasdestaque.com.br\/index.php\/wp-json\/wp\/v2\/posts\/38616","targetHints":{"allow":["GET"]}}],"collection":[{"href":"https:\/\/noticiasdestaque.com.br\/index.php\/wp-json\/wp\/v2\/posts"}],"about":[{"href":"https:\/\/noticiasdestaque.com.br\/index.php\/wp-json\/wp\/v2\/types\/post"}],"author":[{"embeddable":true,"href":"https:\/\/noticiasdestaque.com.br\/index.php\/wp-json\/wp\/v2\/users\/1"}],"replies":[{"embeddable":true,"href":"https:\/\/noticiasdestaque.com.br\/index.php\/wp-json\/wp\/v2\/comments?post=38616"}],"version-history":[{"count":0,"href":"https:\/\/noticiasdestaque.com.br\/index.php\/wp-json\/wp\/v2\/posts\/38616\/revisions"}],"wp:featuredmedia":[{"embeddable":true,"href":"https:\/\/noticiasdestaque.com.br\/index.php\/wp-json\/wp\/v2\/media\/38617"}],"wp:attachment":[{"href":"https:\/\/noticiasdestaque.com.br\/index.php\/wp-json\/wp\/v2\/media?parent=38616"}],"wp:term":[{"taxonomy":"category","embeddable":true,"href":"https:\/\/noticiasdestaque.com.br\/index.php\/wp-json\/wp\/v2\/categories?post=38616"},{"taxonomy":"post_tag","embeddable":true,"href":"https:\/\/noticiasdestaque.com.br\/index.php\/wp-json\/wp\/v2\/tags?post=38616"}],"curies":[{"name":"wp","href":"https:\/\/api.w.org\/{rel}","templated":true}]}}