{"id":38612,"date":"2024-09-22T18:00:00","date_gmt":"2024-09-22T21:00:00","guid":{"rendered":"https:\/\/noticiasdestaque.com.br\/index.php\/2024\/09\/22\/previsao-do-tempo-muitas-nuvens-no-es-rj-e-mg-possibilidade-de-chuva-em-areas-de-sp\/"},"modified":"2024-09-22T18:00:00","modified_gmt":"2024-09-22T21:00:00","slug":"previsao-do-tempo-muitas-nuvens-no-es-rj-e-mg-possibilidade-de-chuva-em-areas-de-sp","status":"publish","type":"post","link":"https:\/\/noticiasdestaque.com.br\/index.php\/2024\/09\/22\/previsao-do-tempo-muitas-nuvens-no-es-rj-e-mg-possibilidade-de-chuva-em-areas-de-sp\/","title":{"rendered":"PREVIS\u00c3O DO TEMPO: Muitas nuvens no ES, RJ e MG; possibilidade de chuva em \u00e1reas de SP"},"content":{"rendered":"<p>\t\t\t\t\t\t\t\t\t\t<audio controls class=\"b61_audio_player\" data-noticia=\"77357\" src=\"https:\/\/brasil61.com\/rails\/active_storage\/blobs\/eyJfcmFpbHMiOnsibWVzc2FnZSI6IkJBaHBBN0FEQXc9PSIsImV4cCI6bnVsbCwicHVyIjoiYmxvYl9pZCJ9fQ==--78a48c3e0e9a93f0ed901903238d972a2179db15\/PTSD243830A\"><\/audio><\/p>\n<p>O tempo para esta segunda-feira (23) deve ser de predom\u00ednio de muitas nuvens, sem chuvas, na regi\u00e3o Sudeste. Essa previs\u00e3o vale para o Esp\u00edrito Santo, Rio de Janeiro e para regi\u00f5es de Minas, como Rio Doce, Mata, Sul e Centro-Oeste.<\/p>\n<p>No Norte, Noroeste e Centro mineiro, poucas nuvens.<\/p>\n<p>J\u00e1 em S\u00e3o Paulo, mais ao leste do estado paulista, h\u00e1 possibilidade de chuva. Essa previs\u00e3o vale para os munic\u00edpios da regi\u00e3o metropolitana de S\u00e3o Paulo, do Vale do Para\u00edba, de Itapetininga e do Litoral.<\/p>\n<p>Temperaturas m\u00ednimas de 18\u00b0C, em Belo Horizonte (MG) e de \u00a019\u00b0C, em S\u00e3o Paulo (SP). Os term\u00f4metros podem chegar aos 35\u00b0C, no Rio de Janeiro (RJ) e aos 29\u00b0C, em Vit\u00f3ria (ES).\u00a0<\/p>\n<p>As informa\u00e7\u00f5es s\u00e3o do Instituto Nacional de Meteorologia<\/p>\n<p>\u00a0<\/p>\n<p>\t\t\t\t\t\t\t\t\t<img loading=\"lazy\" decoding=\"async\" src=\"https:\/\/brasil61.com\/api\/v1\/serve_pixel\/17677\/77357\" alt=\"Pixel Brasil 61\" class=\"b61_pixel\" width=\"0\" height=\"0\"><\/p>\n<input type=\"hidden\" id=\"baseurl\" value=\"https:\/\/noticiasdestaque.com.br\"><input type=\"hidden\" id=\"audio_nonce\" value=\"6f73a554f1\">","protected":false},"excerpt":{"rendered":"<p>No Norte, Noroeste e Centro mineiro, poucas nuvens.<\/p>\n","protected":false},"author":1,"featured_media":38613,"comment_status":"open","ping_status":"open","sticky":false,"template":"","format":"standard","meta":{"fifu_image_url":"","fifu_image_alt":"","footnotes":""},"categories":[58],"tags":[],"class_list":["post-38612","post","type-post","status-publish","format-standard","has-post-thumbnail","hentry","category-cotidiano"],"distributor_meta":false,"distributor_terms":false,"distributor_media":false,"distributor_original_site_name":"Noticias em Destaque","distributor_original_site_url":"https:\/\/noticiasdestaque.com.br","push-errors":false,"_links":{"self":[{"href":"https:\/\/noticiasdestaque.com.br\/index.php\/wp-json\/wp\/v2\/posts\/38612","targetHints":{"allow":["GET"]}}],"collection":[{"href":"https:\/\/noticiasdestaque.com.br\/index.php\/wp-json\/wp\/v2\/posts"}],"about":[{"href":"https:\/\/noticiasdestaque.com.br\/index.php\/wp-json\/wp\/v2\/types\/post"}],"author":[{"embeddable":true,"href":"https:\/\/noticiasdestaque.com.br\/index.php\/wp-json\/wp\/v2\/users\/1"}],"replies":[{"embeddable":true,"href":"https:\/\/noticiasdestaque.com.br\/index.php\/wp-json\/wp\/v2\/comments?post=38612"}],"version-history":[{"count":0,"href":"https:\/\/noticiasdestaque.com.br\/index.php\/wp-json\/wp\/v2\/posts\/38612\/revisions"}],"wp:featuredmedia":[{"embeddable":true,"href":"https:\/\/noticiasdestaque.com.br\/index.php\/wp-json\/wp\/v2\/media\/38613"}],"wp:attachment":[{"href":"https:\/\/noticiasdestaque.com.br\/index.php\/wp-json\/wp\/v2\/media?parent=38612"}],"wp:term":[{"taxonomy":"category","embeddable":true,"href":"https:\/\/noticiasdestaque.com.br\/index.php\/wp-json\/wp\/v2\/categories?post=38612"},{"taxonomy":"post_tag","embeddable":true,"href":"https:\/\/noticiasdestaque.com.br\/index.php\/wp-json\/wp\/v2\/tags?post=38612"}],"curies":[{"name":"wp","href":"https:\/\/api.w.org\/{rel}","templated":true}]}}