{"id":38608,"date":"2024-09-22T18:00:00","date_gmt":"2024-09-22T21:00:00","guid":{"rendered":"https:\/\/noticiasdestaque.com.br\/index.php\/2024\/09\/22\/previsao-do-tempo-tempo-quente-e-seco-ainda-predomina-na-regiao-nordeste\/"},"modified":"2024-09-22T18:00:00","modified_gmt":"2024-09-22T21:00:00","slug":"previsao-do-tempo-tempo-quente-e-seco-ainda-predomina-na-regiao-nordeste","status":"publish","type":"post","link":"https:\/\/noticiasdestaque.com.br\/index.php\/2024\/09\/22\/previsao-do-tempo-tempo-quente-e-seco-ainda-predomina-na-regiao-nordeste\/","title":{"rendered":"PREVIS\u00c3O DO TEMPO: tempo quente e seco ainda predomina na regi\u00e3o Nordeste"},"content":{"rendered":"<p>\t\t\t\t\t\t\t\t\t\t<audio controls class=\"b61_audio_player\" data-noticia=\"77354\" src=\"https:\/\/brasil61.com\/rails\/active_storage\/blobs\/eyJfcmFpbHMiOnsibWVzc2FnZSI6IkJBaHBBNjREQXc9PSIsImV4cCI6bnVsbCwicHVyIjoiYmxvYl9pZCJ9fQ==--7dcab16831c77cb6406faa84d71c662cd599580a\/PTND244437A\"><\/audio><\/p>\n<p>O tempo quente e seco ainda predomina na Regi\u00e3o Nordeste, nesta segunda-feira (23).<\/p>\n<p>Poucas nuvens com n\u00e9voa seca no sudoeste piauiense e no oeste baiano, na regi\u00e3o de Barreiras (BA), onde a umidade pode cair at\u00e9 os 20%.\u00a0<\/p>\n<p>Poucas nuvens na faixa de desce do centro-norte do Piau\u00ed, passando pelo sert\u00e3o da Para\u00edba, sert\u00e3o e S\u00e3o Francisco de Pernambuco at\u00e9 o interior da Bahia.<\/p>\n<p>A segunda-feira ser\u00e1 de muitas nuvens na faixa litor\u00e2nea. H\u00e1 possibilidade de chuva isolada no litoral da Para\u00edba, de Pernambuco, de Alagoas e de parte do litoral baiano.<\/p>\n<p>Temperaturas m\u00ednimas de 22\u00b0C, em Macei\u00f3 (AL), de 23\u00b0C, em Salvador (BA), e de 24\u00b0C, em Recife (PE) e Jo\u00e3o Pessoa (PB). M\u00e1ximas de 33\u00b0C, em S\u00e3o Lu\u00eds (MA), de 39\u00b0C, em Teresina (PI), de 32\u00b0C, em Fortaleza (CE), de 30\u00b0C, em Natal (RN) e Aracaju (SE).<\/p>\n<p>As informa\u00e7\u00f5es s\u00e3o do Instituto Nacional de Meteorologia<\/p>\n<p>\u00a0<\/p>\n<p>\t\t\t\t\t\t\t\t\t<img loading=\"lazy\" decoding=\"async\" src=\"https:\/\/brasil61.com\/api\/v1\/serve_pixel\/17677\/77354\" alt=\"Pixel Brasil 61\" class=\"b61_pixel\" width=\"0\" height=\"0\"><\/p>\n<input type=\"hidden\" id=\"baseurl\" value=\"https:\/\/noticiasdestaque.com.br\"><input type=\"hidden\" id=\"audio_nonce\" value=\"6f73a554f1\">","protected":false},"excerpt":{"rendered":"<p>Poucas nuvens com n\u00e9voa seca no Sudoeste piauiense e no Oeste baiano, na regi\u00e3o de Barreiras (BA), onde a umidade pode cair at\u00e9 os 20%<\/p>\n","protected":false},"author":1,"featured_media":38609,"comment_status":"open","ping_status":"open","sticky":false,"template":"","format":"standard","meta":{"fifu_image_url":"","fifu_image_alt":"","footnotes":""},"categories":[58],"tags":[],"class_list":["post-38608","post","type-post","status-publish","format-standard","has-post-thumbnail","hentry","category-cotidiano"],"distributor_meta":false,"distributor_terms":false,"distributor_media":false,"distributor_original_site_name":"Noticias em Destaque","distributor_original_site_url":"https:\/\/noticiasdestaque.com.br","push-errors":false,"_links":{"self":[{"href":"https:\/\/noticiasdestaque.com.br\/index.php\/wp-json\/wp\/v2\/posts\/38608","targetHints":{"allow":["GET"]}}],"collection":[{"href":"https:\/\/noticiasdestaque.com.br\/index.php\/wp-json\/wp\/v2\/posts"}],"about":[{"href":"https:\/\/noticiasdestaque.com.br\/index.php\/wp-json\/wp\/v2\/types\/post"}],"author":[{"embeddable":true,"href":"https:\/\/noticiasdestaque.com.br\/index.php\/wp-json\/wp\/v2\/users\/1"}],"replies":[{"embeddable":true,"href":"https:\/\/noticiasdestaque.com.br\/index.php\/wp-json\/wp\/v2\/comments?post=38608"}],"version-history":[{"count":0,"href":"https:\/\/noticiasdestaque.com.br\/index.php\/wp-json\/wp\/v2\/posts\/38608\/revisions"}],"wp:featuredmedia":[{"embeddable":true,"href":"https:\/\/noticiasdestaque.com.br\/index.php\/wp-json\/wp\/v2\/media\/38609"}],"wp:attachment":[{"href":"https:\/\/noticiasdestaque.com.br\/index.php\/wp-json\/wp\/v2\/media?parent=38608"}],"wp:term":[{"taxonomy":"category","embeddable":true,"href":"https:\/\/noticiasdestaque.com.br\/index.php\/wp-json\/wp\/v2\/categories?post=38608"},{"taxonomy":"post_tag","embeddable":true,"href":"https:\/\/noticiasdestaque.com.br\/index.php\/wp-json\/wp\/v2\/tags?post=38608"}],"curies":[{"name":"wp","href":"https:\/\/api.w.org\/{rel}","templated":true}]}}