{"id":38604,"date":"2024-09-23T12:52:00","date_gmt":"2024-09-23T15:52:00","guid":{"rendered":"https:\/\/noticiasdestaque.com.br\/index.php\/2024\/09\/23\/previsao-do-tempo-nesta-terca-24-regiao-sudeste-encara-mais-um-dia-quente-e-seco\/"},"modified":"2024-09-23T12:52:00","modified_gmt":"2024-09-23T15:52:00","slug":"previsao-do-tempo-nesta-terca-24-regiao-sudeste-encara-mais-um-dia-quente-e-seco","status":"publish","type":"post","link":"https:\/\/noticiasdestaque.com.br\/index.php\/2024\/09\/23\/previsao-do-tempo-nesta-terca-24-regiao-sudeste-encara-mais-um-dia-quente-e-seco\/","title":{"rendered":"PREVIS\u00c3O DO TEMPO: nesta ter\u00e7a (24), Regi\u00e3o Sudeste encara mais um dia quente e seco"},"content":{"rendered":"<p>\t\t\t\t\t\t\t\t\t\t<audio controls class=\"b61_audio_player\" data-noticia=\"77537\" src=\"https:\/\/brasil61.com\/rails\/active_storage\/blobs\/eyJfcmFpbHMiOnsibWVzc2FnZSI6IkJBaHBBd2dFQXc9PSIsImV4cCI6bnVsbCwicHVyIjoiYmxvYl9pZCJ9fQ==--df2b8ae9bc0f62a10ab418e6e092cf6a12001fd1\/PTSD243831A\"><\/audio><\/p>\n<p>Nesta ter\u00e7a-feira (24), a Regi\u00e3o Sudeste encara mais um dia quente e seco. A previs\u00e3o \u00e9 de c\u00e9u com poucas nuvens ao longo do dia em todos os estados. Somente pela manh\u00e3, h\u00e1 possibilidade de chuvas isoladas no Litoral Sul Paulista, Regi\u00e3o Metropolitana de S\u00e3o Paulo e Vale do Para\u00edba Paulista.<\/p>\n<p>O Instituto Nacional de Meteorologia (Inmet) emitiu um alerta de perigo potencial de baixa umidade para as regi\u00f5es do Tri\u00e2ngulo Mineiro\/Alto Parana\u00edba, Central Mineira, Sul\/Sudoeste, Noroeste, Oeste e Norte de Minas e regi\u00f5es paulistas de Presidente Prudente, S\u00e3o Jos\u00e9 do Rio Preto, Campinas, Bauru, Piracicaba, Itapetininga, Ribeir\u00e3o Preto, Ara\u00e7atuba, Mar\u00edlia, Araraquara, Assis, Macro Metropolitana Paulista e Vale do Para\u00edba Paulista.<\/p>\n<p>Tamb\u00e9m h\u00e1 alerta de perigo potencial de onda de calor para quase todo o estado de S\u00e3o Paulo e Tri\u00e2ngulo Mineiro e Alto Parana\u00edba, Oeste e Sul\/Sudoeste de Minas.<\/p>\n<p>Entre as capitais, a temperatura m\u00ednima deve ficar em torno de 17\u00b0C em Belo Horizonte (MG) e a m\u00e1xima pode chegar aos 35\u00b0C na cidade do Rio de Janeiro. A umidade relativa do ar pode variar entre 90% e 20%<\/p>\n<p>As informa\u00e7\u00f5es s\u00e3o do Instituto Nacional de Meteorologia.\u00a0<\/p>\n<p>\t\t\t\t\t\t\t\t\t<img loading=\"lazy\" decoding=\"async\" src=\"https:\/\/brasil61.com\/api\/v1\/serve_pixel\/17677\/77537\" alt=\"Pixel Brasil 61\" class=\"b61_pixel\" width=\"0\" height=\"0\"><\/p>\n<input type=\"hidden\" id=\"baseurl\" value=\"https:\/\/noticiasdestaque.com.br\"><input type=\"hidden\" id=\"audio_nonce\" value=\"6f73a554f1\">","protected":false},"excerpt":{"rendered":"<p>A temperatura na Regi\u00e3o Sudeste do pa\u00eds pode variar entre 17\u00b0C e 35\u00b0C<\/p>\n","protected":false},"author":1,"featured_media":38605,"comment_status":"open","ping_status":"open","sticky":false,"template":"","format":"standard","meta":{"fifu_image_url":"","fifu_image_alt":"","footnotes":""},"categories":[58],"tags":[],"class_list":["post-38604","post","type-post","status-publish","format-standard","has-post-thumbnail","hentry","category-cotidiano"],"distributor_meta":false,"distributor_terms":false,"distributor_media":false,"distributor_original_site_name":"Noticias em Destaque","distributor_original_site_url":"https:\/\/noticiasdestaque.com.br","push-errors":false,"_links":{"self":[{"href":"https:\/\/noticiasdestaque.com.br\/index.php\/wp-json\/wp\/v2\/posts\/38604","targetHints":{"allow":["GET"]}}],"collection":[{"href":"https:\/\/noticiasdestaque.com.br\/index.php\/wp-json\/wp\/v2\/posts"}],"about":[{"href":"https:\/\/noticiasdestaque.com.br\/index.php\/wp-json\/wp\/v2\/types\/post"}],"author":[{"embeddable":true,"href":"https:\/\/noticiasdestaque.com.br\/index.php\/wp-json\/wp\/v2\/users\/1"}],"replies":[{"embeddable":true,"href":"https:\/\/noticiasdestaque.com.br\/index.php\/wp-json\/wp\/v2\/comments?post=38604"}],"version-history":[{"count":0,"href":"https:\/\/noticiasdestaque.com.br\/index.php\/wp-json\/wp\/v2\/posts\/38604\/revisions"}],"wp:featuredmedia":[{"embeddable":true,"href":"https:\/\/noticiasdestaque.com.br\/index.php\/wp-json\/wp\/v2\/media\/38605"}],"wp:attachment":[{"href":"https:\/\/noticiasdestaque.com.br\/index.php\/wp-json\/wp\/v2\/media?parent=38604"}],"wp:term":[{"taxonomy":"category","embeddable":true,"href":"https:\/\/noticiasdestaque.com.br\/index.php\/wp-json\/wp\/v2\/categories?post=38604"},{"taxonomy":"post_tag","embeddable":true,"href":"https:\/\/noticiasdestaque.com.br\/index.php\/wp-json\/wp\/v2\/tags?post=38604"}],"curies":[{"name":"wp","href":"https:\/\/api.w.org\/{rel}","templated":true}]}}