{"id":38602,"date":"2024-09-23T12:45:00","date_gmt":"2024-09-23T15:45:00","guid":{"rendered":"https:\/\/noticiasdestaque.com.br\/index.php\/2024\/09\/23\/previsao-do-tempo-regiao-nordeste-tem-chuvas-isoladas-em-boa-parte-dos-estados-nesta-terca-24\/"},"modified":"2024-09-23T12:45:00","modified_gmt":"2024-09-23T15:45:00","slug":"previsao-do-tempo-regiao-nordeste-tem-chuvas-isoladas-em-boa-parte-dos-estados-nesta-terca-24","status":"publish","type":"post","link":"https:\/\/noticiasdestaque.com.br\/index.php\/2024\/09\/23\/previsao-do-tempo-regiao-nordeste-tem-chuvas-isoladas-em-boa-parte-dos-estados-nesta-terca-24\/","title":{"rendered":"PREVIS\u00c3O DO TEMPO: Regi\u00e3o Nordeste tem chuvas isoladas em boa parte dos estados nesta ter\u00e7a (24)"},"content":{"rendered":"<p>\t\t\t\t\t\t\t\t\t\t<audio controls class=\"b61_audio_player\" data-noticia=\"77534\" src=\"https:\/\/brasil61.com\/rails\/active_storage\/blobs\/eyJfcmFpbHMiOnsibWVzc2FnZSI6IkJBaHBBd3NFQXc9PSIsImV4cCI6bnVsbCwicHVyIjoiYmxvYl9pZCJ9fQ==--752d013655c35184e6b9fb7c49dc60a505e92b6f\/PTND244438A\"><\/audio><\/p>\n<p>Nesta ter\u00e7a-feira (24), h\u00e1 previs\u00e3o de chuvas em \u00e1reas isoladas em todos os estados da Regi\u00e3o Nordeste. Pela manh\u00e3, as precipita\u00e7\u00f5es devem ocorrer somente no Litoral Sul do Rio Grande do Norte, Litoral Norte da Para\u00edba, Regi\u00e3o Metropolitana de Jo\u00e3o Pessoa, Leste Sergipano, Leste Alagoano, Metropolitana de Salvador e Microrregi\u00e3o de Ilh\u00e9us Itabuna.<\/p>\n<p>\u00c0 tarde e \u00e0 noite, as nuvens de chuvas percorrem o norte do Maranh\u00e3o at\u00e9 chegar no norte de Sergipe, passando pelo norte do Piau\u00ed, centro-sul do Cear\u00e1, sudoeste do Rio Grande do Norte, oeste da Para\u00edba, centro de Pernambuco e todo o territ\u00f3rio de Alagoas. Nessas regi\u00f5es, a expectativa \u00e9 de muitas nuvens com pancadas de chuvas isoladas.<\/p>\n<p>Nas demais \u00e1reas do Nordeste, a ter\u00e7a-feira ser\u00e1 de poucas nuvens e sem chuva. Inclusive no\u00a0Extremo Oeste Baiano, deve haver uma n\u00e9voa seca ao longo de todo o dia.<\/p>\n<p>O Instituto Nacional de Meteorologia (Inmet)\u00a0emitiu um alerta de perigo potencial de baixa umidade para todos os estados do Nordeste, com exce\u00e7\u00e3o de Sergipe e Alagoas. O alerta \u00e9 v\u00e1lido para as localidades do interior, mais pr\u00f3ximas \u00e0 regi\u00e3o central do Brasil.<\/p>\n<p>Entre as capitais, a temperatura m\u00ednima deve ficar em torno de 21\u00b0C em Salvador (BA) e a m\u00e1xima pode chegar aos 39\u00b0C em Teresina (PI). A umidade relativa do ar pode variar entre 95% e 25%<\/p>\n<p>As informa\u00e7\u00f5es s\u00e3o do Instituto Nacional de Meteorologia.\u00a0<\/p>\n<p>\t\t\t\t\t\t\t\t\t<img loading=\"lazy\" decoding=\"async\" src=\"https:\/\/brasil61.com\/api\/v1\/serve_pixel\/17677\/77534\" alt=\"Pixel Brasil 61\" class=\"b61_pixel\" width=\"0\" height=\"0\"><\/p>\n<input type=\"hidden\" id=\"baseurl\" value=\"https:\/\/noticiasdestaque.com.br\"><input type=\"hidden\" id=\"audio_nonce\" value=\"6f73a554f1\">","protected":false},"excerpt":{"rendered":"<p>A temperatura na Regi\u00e3o Nordeste do pa\u00eds pode variar entre 21\u00b0C e 39\u00b0C<\/p>\n","protected":false},"author":1,"featured_media":38603,"comment_status":"open","ping_status":"open","sticky":false,"template":"","format":"standard","meta":{"fifu_image_url":"","fifu_image_alt":"","footnotes":""},"categories":[58],"tags":[],"class_list":["post-38602","post","type-post","status-publish","format-standard","has-post-thumbnail","hentry","category-cotidiano"],"distributor_meta":false,"distributor_terms":false,"distributor_media":false,"distributor_original_site_name":"Noticias em Destaque","distributor_original_site_url":"https:\/\/noticiasdestaque.com.br","push-errors":false,"_links":{"self":[{"href":"https:\/\/noticiasdestaque.com.br\/index.php\/wp-json\/wp\/v2\/posts\/38602","targetHints":{"allow":["GET"]}}],"collection":[{"href":"https:\/\/noticiasdestaque.com.br\/index.php\/wp-json\/wp\/v2\/posts"}],"about":[{"href":"https:\/\/noticiasdestaque.com.br\/index.php\/wp-json\/wp\/v2\/types\/post"}],"author":[{"embeddable":true,"href":"https:\/\/noticiasdestaque.com.br\/index.php\/wp-json\/wp\/v2\/users\/1"}],"replies":[{"embeddable":true,"href":"https:\/\/noticiasdestaque.com.br\/index.php\/wp-json\/wp\/v2\/comments?post=38602"}],"version-history":[{"count":0,"href":"https:\/\/noticiasdestaque.com.br\/index.php\/wp-json\/wp\/v2\/posts\/38602\/revisions"}],"wp:featuredmedia":[{"embeddable":true,"href":"https:\/\/noticiasdestaque.com.br\/index.php\/wp-json\/wp\/v2\/media\/38603"}],"wp:attachment":[{"href":"https:\/\/noticiasdestaque.com.br\/index.php\/wp-json\/wp\/v2\/media?parent=38602"}],"wp:term":[{"taxonomy":"category","embeddable":true,"href":"https:\/\/noticiasdestaque.com.br\/index.php\/wp-json\/wp\/v2\/categories?post=38602"},{"taxonomy":"post_tag","embeddable":true,"href":"https:\/\/noticiasdestaque.com.br\/index.php\/wp-json\/wp\/v2\/tags?post=38602"}],"curies":[{"name":"wp","href":"https:\/\/api.w.org\/{rel}","templated":true}]}}