{"id":38600,"date":"2024-09-23T12:42:00","date_gmt":"2024-09-23T15:42:00","guid":{"rendered":"https:\/\/noticiasdestaque.com.br\/index.php\/2024\/09\/23\/previsao-do-tempo-regiao-sul-tem-alerta-de-onda-de-calor-nesta-terca-feira-24\/"},"modified":"2024-09-23T12:42:00","modified_gmt":"2024-09-23T15:42:00","slug":"previsao-do-tempo-regiao-sul-tem-alerta-de-onda-de-calor-nesta-terca-feira-24","status":"publish","type":"post","link":"https:\/\/noticiasdestaque.com.br\/index.php\/2024\/09\/23\/previsao-do-tempo-regiao-sul-tem-alerta-de-onda-de-calor-nesta-terca-feira-24\/","title":{"rendered":"PREVIS\u00c3O DO TEMPO: Regi\u00e3o Sul tem alerta de onda de calor nesta ter\u00e7a-feira (24)"},"content":{"rendered":"<p>\t\t\t\t\t\t\t\t\t\t<audio controls class=\"b61_audio_player\" data-noticia=\"77501\" src=\"https:\/\/brasil61.com\/rails\/active_storage\/blobs\/eyJfcmFpbHMiOnsibWVzc2FnZSI6IkJBaHBBd3dFQXc9PSIsImV4cCI6bnVsbCwicHVyIjoiYmxvYl9pZCJ9fQ==--69f546c9ae02c9da47b6f0cc81509d0eb51c2706\/PTRS243711A\"><\/audio><\/p>\n<p>Nesta ter\u00e7a-feira (24), a Regi\u00e3o Sul deve enfrentar uma onda de calor, apesar das previs\u00f5es de chuvas. Segundo o Instituto Nacional de Meteorologia (Inmet), h\u00e1 previs\u00e3o de chuva o dia todo na regi\u00e3o centro-sul\u00a0do Rio Grande do Sul. Em Santa Catarina e\u00a0 no Paran\u00e1, o dia ter\u00e1 varia\u00e7\u00e3o entre poucas e muitas nuvens.<\/p>\n<p>No per\u00edodo da manh\u00e3, pode chover ainda na Regi\u00e3o Metropolitana de Curitiba, no Paran\u00e1, e Microrregi\u00e3o de Joinville, em Santa Catarina. \u00c0 tarde, pode ter pancadas de chuvas isoladas na Microrregi\u00e3o de Ararangu\u00e1, no estado catarinense. E \u00e0 noite, al\u00e9m de chover em todo o estado do Rio Grande do Sul, as precipita\u00e7\u00f5es se estendem para boa parte do territ\u00f3rio catarinense, exceto no norte do estado.<\/p>\n<p>O Inmet emitiu tr\u00eas alertas para a Regi\u00e3o Sul. O primeiro \u00e9 de perigo potencial de tempestade nas regi\u00f5es do Centro Ocidental, \u00a0Centro Oriental, Sudoeste, Sudeste e Noroeste do Rio Grande do Sul e Regi\u00e3o Metropolitana de Porto Alegre.<\/p>\n<p>O segundo \u00e9 perigo potencial de baixa umidade para quase todo o estado do Paran\u00e1, al\u00e9m do Oeste Catarinense.<\/p>\n<p>O terceiro alerta \u00e9 de perigo potencial de onda de calor no Paran\u00e1, em Santa Catarina e em boa parte do Rio Grande do Sul.<\/p>\n<p>Entre as capitais, a temperatura m\u00ednima deve ficar em torno de 18\u00b0C em Curitiba (PR) e a m\u00e1xima pode chegar aos 31\u00b0C tamb\u00e9m na capital paranaense. A umidade relativa do ar pode variar entre 20% e 100%<\/p>\n<p>As informa\u00e7\u00f5es s\u00e3o do Instituto Nacional de Meteorologia.\u00a0<\/p>\n<p>\t\t\t\t\t\t\t\t\t<img loading=\"lazy\" decoding=\"async\" src=\"https:\/\/brasil61.com\/api\/v1\/serve_pixel\/17677\/77501\" alt=\"Pixel Brasil 61\" class=\"b61_pixel\" width=\"0\" height=\"0\"><\/p>\n<input type=\"hidden\" id=\"baseurl\" value=\"https:\/\/noticiasdestaque.com.br\"><input type=\"hidden\" id=\"audio_nonce\" value=\"6f73a554f1\">","protected":false},"excerpt":{"rendered":"<p>A temperatura na Regi\u00e3o Sul do pa\u00eds pode variar entre 18\u00b0C e 31\u00b0C<\/p>\n","protected":false},"author":1,"featured_media":38601,"comment_status":"open","ping_status":"open","sticky":false,"template":"","format":"standard","meta":{"fifu_image_url":"","fifu_image_alt":"","footnotes":""},"categories":[58],"tags":[],"class_list":["post-38600","post","type-post","status-publish","format-standard","has-post-thumbnail","hentry","category-cotidiano"],"distributor_meta":false,"distributor_terms":false,"distributor_media":false,"distributor_original_site_name":"Noticias em Destaque","distributor_original_site_url":"https:\/\/noticiasdestaque.com.br","push-errors":false,"_links":{"self":[{"href":"https:\/\/noticiasdestaque.com.br\/index.php\/wp-json\/wp\/v2\/posts\/38600","targetHints":{"allow":["GET"]}}],"collection":[{"href":"https:\/\/noticiasdestaque.com.br\/index.php\/wp-json\/wp\/v2\/posts"}],"about":[{"href":"https:\/\/noticiasdestaque.com.br\/index.php\/wp-json\/wp\/v2\/types\/post"}],"author":[{"embeddable":true,"href":"https:\/\/noticiasdestaque.com.br\/index.php\/wp-json\/wp\/v2\/users\/1"}],"replies":[{"embeddable":true,"href":"https:\/\/noticiasdestaque.com.br\/index.php\/wp-json\/wp\/v2\/comments?post=38600"}],"version-history":[{"count":0,"href":"https:\/\/noticiasdestaque.com.br\/index.php\/wp-json\/wp\/v2\/posts\/38600\/revisions"}],"wp:featuredmedia":[{"embeddable":true,"href":"https:\/\/noticiasdestaque.com.br\/index.php\/wp-json\/wp\/v2\/media\/38601"}],"wp:attachment":[{"href":"https:\/\/noticiasdestaque.com.br\/index.php\/wp-json\/wp\/v2\/media?parent=38600"}],"wp:term":[{"taxonomy":"category","embeddable":true,"href":"https:\/\/noticiasdestaque.com.br\/index.php\/wp-json\/wp\/v2\/categories?post=38600"},{"taxonomy":"post_tag","embeddable":true,"href":"https:\/\/noticiasdestaque.com.br\/index.php\/wp-json\/wp\/v2\/tags?post=38600"}],"curies":[{"name":"wp","href":"https:\/\/api.w.org\/{rel}","templated":true}]}}