{"id":38598,"date":"2024-09-21T18:00:00","date_gmt":"2024-09-21T21:00:00","guid":{"rendered":"https:\/\/noticiasdestaque.com.br\/index.php\/2024\/09\/21\/previsao-do-tempo-domingo-22-com-tempo-seco-em-quase-toda-a-regiao-sudeste\/"},"modified":"2024-09-21T18:00:00","modified_gmt":"2024-09-21T21:00:00","slug":"previsao-do-tempo-domingo-22-com-tempo-seco-em-quase-toda-a-regiao-sudeste","status":"publish","type":"post","link":"https:\/\/noticiasdestaque.com.br\/index.php\/2024\/09\/21\/previsao-do-tempo-domingo-22-com-tempo-seco-em-quase-toda-a-regiao-sudeste\/","title":{"rendered":"PREVIS\u00c3O DO TEMPO: Domingo (22) com tempo seco em quase toda a regi\u00e3o Sudeste"},"content":{"rendered":"<p>\t\t\t\t\t\t\t\t\t\t<audio controls class=\"b61_audio_player\" data-noticia=\"77352\" src=\"https:\/\/brasil61.com\/rails\/active_storage\/blobs\/eyJfcmFpbHMiOnsibWVzc2FnZSI6IkJBaHBBNllEQXc9PSIsImV4cCI6bnVsbCwicHVyIjoiYmxvYl9pZCJ9fQ==--8fafc437e9af790b364c89e74affaed6a5c5d41c\/PTSD243829A\"><\/audio><\/p>\n<p>\u00a0<\/p>\n<\/p>\n<p>O domingo (22) ser\u00e1 de sol e tempo firme para quase todos os estados do Sudeste. Em Belo Horizonte, capital mineira, n\u00e3o chove h\u00e1 mais de 150 dias. Haver\u00e1 aumento de nuvens e alguma expectativa de chuva em pontos isolados.\u00a0<\/p>\n<p>Nas capitais do Esp\u00edrito Santo, Vit\u00f3ria, e do Rio de Janeiro, faz sol entre nuvens e a chance de chover \u00e9 baixa. S\u00f3 mesmo o estado de S\u00e3o Paulo tem previs\u00e3o de chuva para o litoral e para a capital, mas faz calor. M\u00e1xima na capital pode chegar aos 30\u00baC.<\/p>\n<p>O Inmet emitiu alerta de perigo de tempestades para parte do litoral, passando pela cidade de Itanh\u00e9m at\u00e9 a divisa com Mato Grosso do Sul, em cidades como Presidente Prudente e Assis. Nestes locais, pode chover mais de 30 mm e h\u00e1 possibilidade de ventos intensos, de at\u00e9 60 km por hora.<\/p>\n<p>Faz 35\u00baC de m\u00e1xima em BH, 28\u00baC em Vit\u00f3ria (ES) e 31\u00baC no Rio de Janeiro. Em Piraju, no interior paulista, a m\u00ednima chega a 18\u00baC e em Pedra Azul, no norte mineiro, a m\u00ednima deve cair a 15\u00baC.<\/p>\n<p>As informa\u00e7\u00f5es s\u00e3o do Instituto Nacional de Meteorologia<\/p>\n<p>L\u00edvia Braz, o tempo e a temperatura.<\/p>\n<p>\t\t\t\t\t\t\t\t\t<img loading=\"lazy\" decoding=\"async\" src=\"https:\/\/brasil61.com\/api\/v1\/serve_pixel\/17677\/77352\" alt=\"Pixel Brasil 61\" class=\"b61_pixel\" width=\"0\" height=\"0\"><\/p>\n<input type=\"hidden\" id=\"baseurl\" value=\"https:\/\/noticiasdestaque.com.br\"><input type=\"hidden\" id=\"audio_nonce\" value=\"6f73a554f1\">","protected":false},"excerpt":{"rendered":"<p>Previs\u00e3o de sol para todo o estado do Rio de Janeiro, Esp\u00edrito Santo e Minas Gerais. Em S\u00e3o Paulo, pode chover no litoral e na capital. <\/p>\n","protected":false},"author":1,"featured_media":38599,"comment_status":"open","ping_status":"open","sticky":false,"template":"","format":"standard","meta":{"fifu_image_url":"","fifu_image_alt":"","footnotes":""},"categories":[58],"tags":[],"class_list":["post-38598","post","type-post","status-publish","format-standard","has-post-thumbnail","hentry","category-cotidiano"],"distributor_meta":false,"distributor_terms":false,"distributor_media":false,"distributor_original_site_name":"Noticias em Destaque","distributor_original_site_url":"https:\/\/noticiasdestaque.com.br","push-errors":false,"_links":{"self":[{"href":"https:\/\/noticiasdestaque.com.br\/index.php\/wp-json\/wp\/v2\/posts\/38598","targetHints":{"allow":["GET"]}}],"collection":[{"href":"https:\/\/noticiasdestaque.com.br\/index.php\/wp-json\/wp\/v2\/posts"}],"about":[{"href":"https:\/\/noticiasdestaque.com.br\/index.php\/wp-json\/wp\/v2\/types\/post"}],"author":[{"embeddable":true,"href":"https:\/\/noticiasdestaque.com.br\/index.php\/wp-json\/wp\/v2\/users\/1"}],"replies":[{"embeddable":true,"href":"https:\/\/noticiasdestaque.com.br\/index.php\/wp-json\/wp\/v2\/comments?post=38598"}],"version-history":[{"count":0,"href":"https:\/\/noticiasdestaque.com.br\/index.php\/wp-json\/wp\/v2\/posts\/38598\/revisions"}],"wp:featuredmedia":[{"embeddable":true,"href":"https:\/\/noticiasdestaque.com.br\/index.php\/wp-json\/wp\/v2\/media\/38599"}],"wp:attachment":[{"href":"https:\/\/noticiasdestaque.com.br\/index.php\/wp-json\/wp\/v2\/media?parent=38598"}],"wp:term":[{"taxonomy":"category","embeddable":true,"href":"https:\/\/noticiasdestaque.com.br\/index.php\/wp-json\/wp\/v2\/categories?post=38598"},{"taxonomy":"post_tag","embeddable":true,"href":"https:\/\/noticiasdestaque.com.br\/index.php\/wp-json\/wp\/v2\/tags?post=38598"}],"curies":[{"name":"wp","href":"https:\/\/api.w.org\/{rel}","templated":true}]}}