{"id":38594,"date":"2024-09-21T18:00:00","date_gmt":"2024-09-21T21:00:00","guid":{"rendered":"https:\/\/noticiasdestaque.com.br\/index.php\/2024\/09\/21\/previsao-do-tempo-deve-chover-forte-no-rio-grande-do-sul\/"},"modified":"2024-09-21T18:00:00","modified_gmt":"2024-09-21T21:00:00","slug":"previsao-do-tempo-deve-chover-forte-no-rio-grande-do-sul","status":"publish","type":"post","link":"https:\/\/noticiasdestaque.com.br\/index.php\/2024\/09\/21\/previsao-do-tempo-deve-chover-forte-no-rio-grande-do-sul\/","title":{"rendered":"PREVIS\u00c3O DO TEMPO: deve chover forte no Rio Grande do Sul"},"content":{"rendered":"<p>\t\t\t\t\t\t\t\t\t\t<audio controls class=\"b61_audio_player\" data-noticia=\"77353\" src=\"https:\/\/brasil61.com\/rails\/active_storage\/blobs\/eyJfcmFpbHMiOnsibWVzc2FnZSI6IkJBaHBBNmNEQXc9PSIsImV4cCI6bnVsbCwicHVyIjoiYmxvYl9pZCJ9fQ==--8fd4c15e60e8b77c680b1d5c9a04c24ac291031b\/PTRS243709A\"><\/audio><\/p>\n<p>\u00a0<\/p>\n<\/p>\n<p>Uma frente fria que avan\u00e7a pelo Sul do Brasil desde o fim de semana traz chuva para toda a regi\u00e3o. Apesar da previs\u00e3o de nuvens e tempo mais \u00famido, faz calor. Em todo o estado ga\u00facho h\u00e1 previs\u00e3o de aumento de nebulosidade ao longo do domingo, mas as m\u00e1ximas podem chegar a 30\u00baC em Porto Alegre e 25\u00baC, em Chu\u00ed.<\/p>\n<p>Em Santa Catarina, o volume previsto de chuva \u00e9 menor. H\u00e1 um alerta do Inmet para perigo potencial de tempestade e rajadas de vento que podem chegar a 60km\/h no norte e oeste paranaenses, e na regi\u00e3o metropolitana de Curitiba.<\/p>\n<p>Em Curitiba, que costuma ser a capital mais gelada do pa\u00eds, faz calor, com m\u00e1xima prevista de 29\u00baC neste domingo e m\u00ednima de 16\u00baC. J\u00e1 Florian\u00f3polis tem m\u00e1xima de 26\u00baC e m\u00ednima de 18\u00baC<\/p>\n<p>As informa\u00e7\u00f5es s\u00e3o do Instituto Nacional de Meteorologia<\/p>\n<p>L\u00edvia Braz, o tempo e a temperatura.<\/p>\n<p>\u00a0<\/p>\n<p>\t\t\t\t\t\t\t\t\t<img loading=\"lazy\" decoding=\"async\" src=\"https:\/\/brasil61.com\/api\/v1\/serve_pixel\/17677\/77353\" alt=\"Pixel Brasil 61\" class=\"b61_pixel\" width=\"0\" height=\"0\"><\/p>\n<input type=\"hidden\" id=\"baseurl\" value=\"https:\/\/noticiasdestaque.com.br\"><input type=\"hidden\" id=\"audio_nonce\" value=\"6f73a554f1\">","protected":false},"excerpt":{"rendered":"<p>Santa Catarina e Paran\u00e1 tamb\u00e9m tem aumento de nebulosidade neste domingo (22)<\/p>\n","protected":false},"author":1,"featured_media":38595,"comment_status":"open","ping_status":"open","sticky":false,"template":"","format":"standard","meta":{"fifu_image_url":"","fifu_image_alt":"","footnotes":""},"categories":[58],"tags":[],"class_list":["post-38594","post","type-post","status-publish","format-standard","has-post-thumbnail","hentry","category-cotidiano"],"distributor_meta":false,"distributor_terms":false,"distributor_media":false,"distributor_original_site_name":"Noticias em Destaque","distributor_original_site_url":"https:\/\/noticiasdestaque.com.br","push-errors":false,"_links":{"self":[{"href":"https:\/\/noticiasdestaque.com.br\/index.php\/wp-json\/wp\/v2\/posts\/38594","targetHints":{"allow":["GET"]}}],"collection":[{"href":"https:\/\/noticiasdestaque.com.br\/index.php\/wp-json\/wp\/v2\/posts"}],"about":[{"href":"https:\/\/noticiasdestaque.com.br\/index.php\/wp-json\/wp\/v2\/types\/post"}],"author":[{"embeddable":true,"href":"https:\/\/noticiasdestaque.com.br\/index.php\/wp-json\/wp\/v2\/users\/1"}],"replies":[{"embeddable":true,"href":"https:\/\/noticiasdestaque.com.br\/index.php\/wp-json\/wp\/v2\/comments?post=38594"}],"version-history":[{"count":0,"href":"https:\/\/noticiasdestaque.com.br\/index.php\/wp-json\/wp\/v2\/posts\/38594\/revisions"}],"wp:featuredmedia":[{"embeddable":true,"href":"https:\/\/noticiasdestaque.com.br\/index.php\/wp-json\/wp\/v2\/media\/38595"}],"wp:attachment":[{"href":"https:\/\/noticiasdestaque.com.br\/index.php\/wp-json\/wp\/v2\/media?parent=38594"}],"wp:term":[{"taxonomy":"category","embeddable":true,"href":"https:\/\/noticiasdestaque.com.br\/index.php\/wp-json\/wp\/v2\/categories?post=38594"},{"taxonomy":"post_tag","embeddable":true,"href":"https:\/\/noticiasdestaque.com.br\/index.php\/wp-json\/wp\/v2\/tags?post=38594"}],"curies":[{"name":"wp","href":"https:\/\/api.w.org\/{rel}","templated":true}]}}