{"id":38592,"date":"2024-09-21T18:00:00","date_gmt":"2024-09-21T21:00:00","guid":{"rendered":"https:\/\/noticiasdestaque.com.br\/index.php\/2024\/09\/21\/previsao-do-tempo-norte-tera-pancadas-de-chuva-no-domingo-22\/"},"modified":"2024-09-21T18:00:00","modified_gmt":"2024-09-21T21:00:00","slug":"previsao-do-tempo-norte-tera-pancadas-de-chuva-no-domingo-22","status":"publish","type":"post","link":"https:\/\/noticiasdestaque.com.br\/index.php\/2024\/09\/21\/previsao-do-tempo-norte-tera-pancadas-de-chuva-no-domingo-22\/","title":{"rendered":"PREVIS\u00c3O DO TEMPO: Norte ter\u00e1 pancadas de chuva no domingo (22)"},"content":{"rendered":"<p>\t\t\t\t\t\t\t\t\t\t<audio controls class=\"b61_audio_player\" data-noticia=\"77349\" src=\"https:\/\/brasil61.com\/rails\/active_storage\/blobs\/eyJfcmFpbHMiOnsibWVzc2FnZSI6IkJBaHBBNk1EQXc9PSIsImV4cCI6bnVsbCwicHVyIjoiYmxvYl9pZCJ9fQ==--f1550c3b48cc558fe9054fa4aa2611e8a6ac97ad\/PTRN244194A\"><\/audio><\/p>\n<p>\u00a0<\/p>\n<\/p>\n<p>O domingo come\u00e7a com previs\u00e3o de chuva para todo o centro-oeste do Amazonas, al\u00e9m de todo o estado do Acre e oeste de Rond\u00f4nia. No nordeste do Amap\u00e1 tamb\u00e9m tem previs\u00e3o de chuva em pontos isolados neste domingo (22).\u00a0<\/p>\n<p>Segundo o Instituto Nacional de Meteorologia, a previs\u00e3o \u00e9 de tempo seco e firme, sem previs\u00e3o de chuva, para todo o estado do Par\u00e1. Tocantins tem alerta de tempo seco e n\u00e3o h\u00e1 previs\u00e3o de chuva em nenhum munic\u00edpio do estado.\u00a0<\/p>\n<p>A chuva prevista para Santa Isabel do Rio Negro (AM) n\u00e3o reduz o calor e as temperaturas podem variar entre 18\u00baC e 36\u00baC. Onde o tempo fica seco, como na capital do Tocantins, Palmas, h\u00e1 previs\u00e3o de n\u00e9voa seca e a temperatura fica entre 25\u00baC e 41\u00baC. Bel\u00e9m (PA) tem possibilidade de chuva em pontos isolados e temperaturas variando entre 23\u00baC e 36\u00baC.<\/p>\n<p>As informa\u00e7\u00f5es s\u00e3o do Instituto Nacional de Meteorologia<\/p>\n<p>L\u00edvia Braz, o tempo e a temperatura.<\/p>\n<p>\t\t\t\t\t\t\t\t\t<img loading=\"lazy\" decoding=\"async\" src=\"https:\/\/brasil61.com\/api\/v1\/serve_pixel\/17677\/77349\" alt=\"Pixel Brasil 61\" class=\"b61_pixel\" width=\"0\" height=\"0\"><\/p>\n<input type=\"hidden\" id=\"baseurl\" value=\"https:\/\/noticiasdestaque.com.br\"><input type=\"hidden\" id=\"audio_nonce\" value=\"6f73a554f1\">","protected":false},"excerpt":{"rendered":"<p>Chuva \u00e9 prevista para noroeste do Amazonas, Acre, parte de Rond\u00f4nia e Amap\u00e1 <\/p>\n","protected":false},"author":1,"featured_media":38593,"comment_status":"open","ping_status":"open","sticky":false,"template":"","format":"standard","meta":{"fifu_image_url":"","fifu_image_alt":"","footnotes":""},"categories":[58],"tags":[],"class_list":["post-38592","post","type-post","status-publish","format-standard","has-post-thumbnail","hentry","category-cotidiano"],"distributor_meta":false,"distributor_terms":false,"distributor_media":false,"distributor_original_site_name":"Noticias em Destaque","distributor_original_site_url":"https:\/\/noticiasdestaque.com.br","push-errors":false,"_links":{"self":[{"href":"https:\/\/noticiasdestaque.com.br\/index.php\/wp-json\/wp\/v2\/posts\/38592","targetHints":{"allow":["GET"]}}],"collection":[{"href":"https:\/\/noticiasdestaque.com.br\/index.php\/wp-json\/wp\/v2\/posts"}],"about":[{"href":"https:\/\/noticiasdestaque.com.br\/index.php\/wp-json\/wp\/v2\/types\/post"}],"author":[{"embeddable":true,"href":"https:\/\/noticiasdestaque.com.br\/index.php\/wp-json\/wp\/v2\/users\/1"}],"replies":[{"embeddable":true,"href":"https:\/\/noticiasdestaque.com.br\/index.php\/wp-json\/wp\/v2\/comments?post=38592"}],"version-history":[{"count":0,"href":"https:\/\/noticiasdestaque.com.br\/index.php\/wp-json\/wp\/v2\/posts\/38592\/revisions"}],"wp:featuredmedia":[{"embeddable":true,"href":"https:\/\/noticiasdestaque.com.br\/index.php\/wp-json\/wp\/v2\/media\/38593"}],"wp:attachment":[{"href":"https:\/\/noticiasdestaque.com.br\/index.php\/wp-json\/wp\/v2\/media?parent=38592"}],"wp:term":[{"taxonomy":"category","embeddable":true,"href":"https:\/\/noticiasdestaque.com.br\/index.php\/wp-json\/wp\/v2\/categories?post=38592"},{"taxonomy":"post_tag","embeddable":true,"href":"https:\/\/noticiasdestaque.com.br\/index.php\/wp-json\/wp\/v2\/tags?post=38592"}],"curies":[{"name":"wp","href":"https:\/\/api.w.org\/{rel}","templated":true}]}}