{"id":38588,"date":"2024-09-20T18:00:00","date_gmt":"2024-09-20T21:00:00","guid":{"rendered":"https:\/\/noticiasdestaque.com.br\/index.php\/2024\/09\/20\/previsao-do-tempo-chuvas-em-sp-e-regioes-de-mg-neste-sabado-21\/"},"modified":"2024-09-20T18:00:00","modified_gmt":"2024-09-20T21:00:00","slug":"previsao-do-tempo-chuvas-em-sp-e-regioes-de-mg-neste-sabado-21","status":"publish","type":"post","link":"https:\/\/noticiasdestaque.com.br\/index.php\/2024\/09\/20\/previsao-do-tempo-chuvas-em-sp-e-regioes-de-mg-neste-sabado-21\/","title":{"rendered":"PREVIS\u00c3O DO TEMPO: Chuvas em SP e regi\u00f5es de MG, neste s\u00e1bado (21)"},"content":{"rendered":"<p>\t\t\t\t\t\t\t\t\t\t<audio controls class=\"b61_audio_player\" data-noticia=\"77344\" src=\"https:\/\/brasil61.com\/rails\/active_storage\/blobs\/eyJfcmFpbHMiOnsibWVzc2FnZSI6IkJBaHBBNDREQXc9PSIsImV4cCI6bnVsbCwicHVyIjoiYmxvYl9pZCJ9fQ==--23c674a99e5e084dc3015bb8966926b2a1af4bc7\/PTSD243828A\"><\/audio><\/p>\n<p>Neste s\u00e1bado (21), tem previs\u00e3o de pancadas de chuvas e trovoadas isoladas em quase todo o estado de S\u00e3o Paulo e em algumas regi\u00f5es do extremo sul de Minas Gerais. \u00c0 tarde, a chuva se expande e pode haver queda de granizo no Sul Fluminense, Regi\u00e3o Metropolitana do Rio de Janeiro e Baixadas Litor\u00e2neas.\u00a0<\/p>\n<\/p>\n<p>\u00c0 noite, as precipita\u00e7\u00f5es tamb\u00e9m atingem o restante do Rio de Janeiro, com exce\u00e7\u00e3o do Noroeste Fluminense. Tamb\u00e9m chove de forma isolada no oeste do Tri\u00e2ngulo Mineiro, Sul e Sudoeste de Minas e todo o litoral do Esp\u00edrito Santo.<\/p>\n<p>O Instituto Nacional de Meteorologia (Inmet) emitiu um alerta de perigo potencial de tempestade nas regi\u00f5es paulistas de Presidente Prudente, Bauru, Itapetininga, Mar\u00edlia, Macro Metropolitana Paulista, Assis, Litoral Sul Paulista e Regi\u00e3o Metropolitana de S\u00e3o Paulo. Nessas regi\u00f5es, pode haver chuva de at\u00e9 50 mil\u00edmetros por dia, ventos intensos de 40 a 60 km\/h, queda de granizo, corte de energia el\u00e9trica, estragos em planta\u00e7\u00f5es, queda de galhos de \u00e1rvores e de alagamentos.<\/p>\n<p>Mesmo com a previs\u00e3o de chuva, tamb\u00e9m h\u00e1 alerta de perigo potencial de baixa umidade\u00a0para as regi\u00f5es do Tri\u00e2ngulo Mineiro\/Alto Parana\u00edba, Central Mineira, Norte, Oeste, Sul\/Sudoeste, Noroeste de Minas, Metropolitana de Belo Horizonte, e para as regi\u00f5es paulistas de Presidente Prudente, S\u00e3o Jos\u00e9 do Rio Preto, Campinas, Bauru, Ribeir\u00e3o Preto, Ara\u00e7atuba, Mar\u00edlia, Araraquara, Borborema e Piracicaba.<\/p>\n<p>Entre as capitais, a temperatura m\u00ednima prevista \u00e9 de 17\u00b0C, em Belo Horizonte (MG), enquanto a m\u00e1xima ser\u00e1 de 34\u00b0C, no Rio de Janeiro. A umidade relativa do ar varia entre 100% e 30%.<\/p>\n<p>As informa\u00e7\u00f5es s\u00e3o do Instituto Nacional de Meteorologia.\u00a0<\/p>\n<p>\t\t\t\t\t\t\t\t\t<img loading=\"lazy\" decoding=\"async\" src=\"https:\/\/brasil61.com\/api\/v1\/serve_pixel\/17677\/77344\" alt=\"Pixel Brasil 61\" class=\"b61_pixel\" width=\"0\" height=\"0\"><\/p>\n<input type=\"hidden\" id=\"baseurl\" value=\"https:\/\/noticiasdestaque.com.br\"><input type=\"hidden\" id=\"audio_nonce\" value=\"9fd43fe80e\">","protected":false},"excerpt":{"rendered":"<p>A temperatura na Regi\u00e3o Sudeste do pa\u00eds pode variar entre 17\u00b0C e 34\u00b0C<\/p>\n","protected":false},"author":1,"featured_media":38589,"comment_status":"open","ping_status":"open","sticky":false,"template":"","format":"standard","meta":{"fifu_image_url":"","fifu_image_alt":"","footnotes":""},"categories":[58],"tags":[],"class_list":["post-38588","post","type-post","status-publish","format-standard","has-post-thumbnail","hentry","category-cotidiano"],"distributor_meta":false,"distributor_terms":false,"distributor_media":false,"distributor_original_site_name":"Noticias em Destaque","distributor_original_site_url":"https:\/\/noticiasdestaque.com.br","push-errors":false,"_links":{"self":[{"href":"https:\/\/noticiasdestaque.com.br\/index.php\/wp-json\/wp\/v2\/posts\/38588","targetHints":{"allow":["GET"]}}],"collection":[{"href":"https:\/\/noticiasdestaque.com.br\/index.php\/wp-json\/wp\/v2\/posts"}],"about":[{"href":"https:\/\/noticiasdestaque.com.br\/index.php\/wp-json\/wp\/v2\/types\/post"}],"author":[{"embeddable":true,"href":"https:\/\/noticiasdestaque.com.br\/index.php\/wp-json\/wp\/v2\/users\/1"}],"replies":[{"embeddable":true,"href":"https:\/\/noticiasdestaque.com.br\/index.php\/wp-json\/wp\/v2\/comments?post=38588"}],"version-history":[{"count":0,"href":"https:\/\/noticiasdestaque.com.br\/index.php\/wp-json\/wp\/v2\/posts\/38588\/revisions"}],"wp:featuredmedia":[{"embeddable":true,"href":"https:\/\/noticiasdestaque.com.br\/index.php\/wp-json\/wp\/v2\/media\/38589"}],"wp:attachment":[{"href":"https:\/\/noticiasdestaque.com.br\/index.php\/wp-json\/wp\/v2\/media?parent=38588"}],"wp:term":[{"taxonomy":"category","embeddable":true,"href":"https:\/\/noticiasdestaque.com.br\/index.php\/wp-json\/wp\/v2\/categories?post=38588"},{"taxonomy":"post_tag","embeddable":true,"href":"https:\/\/noticiasdestaque.com.br\/index.php\/wp-json\/wp\/v2\/tags?post=38588"}],"curies":[{"name":"wp","href":"https:\/\/api.w.org\/{rel}","templated":true}]}}