{"id":38586,"date":"2024-09-20T18:00:00","date_gmt":"2024-09-20T21:00:00","guid":{"rendered":"https:\/\/noticiasdestaque.com.br\/index.php\/2024\/09\/20\/previsao-do-tempo-regiao-norte-tem-chuvas-no-am-ac-e-rr-neste-sabado-21\/"},"modified":"2024-09-20T18:00:00","modified_gmt":"2024-09-20T21:00:00","slug":"previsao-do-tempo-regiao-norte-tem-chuvas-no-am-ac-e-rr-neste-sabado-21","status":"publish","type":"post","link":"https:\/\/noticiasdestaque.com.br\/index.php\/2024\/09\/20\/previsao-do-tempo-regiao-norte-tem-chuvas-no-am-ac-e-rr-neste-sabado-21\/","title":{"rendered":"PREVIS\u00c3O DO TEMPO: Regi\u00e3o Norte tem chuvas no AM, AC e RR neste s\u00e1bado (21)"},"content":{"rendered":"<p>\t\t\t\t\t\t\t\t\t\t<audio controls class=\"b61_audio_player\" data-noticia=\"77343\" src=\"https:\/\/brasil61.com\/rails\/active_storage\/blobs\/eyJfcmFpbHMiOnsibWVzc2FnZSI6IkJBaHBBNDBEQXc9PSIsImV4cCI6bnVsbCwicHVyIjoiYmxvYl9pZCJ9fQ==--df0958aaba7b0aa3695a67acbdd2de517417c97f\/PTRN244193A\"><\/audio><\/p>\n<p>Neste s\u00e1bado (21), tem previs\u00e3o de pancadas de chuvas e trovoadas isoladas na parte oeste da Regi\u00e3o Norte do pa\u00eds. Pela manh\u00e3, s\u00f3 h\u00e1 possibilidade de precipita\u00e7\u00f5es no Acre, Sudoeste e Norte Amazonenses e em algumas \u00e1reas de Roraima, que abrangem os munic\u00edpios de Caracara\u00ed e Amajar\u00ed.<\/p>\n<p>\u00c0 tarde e \u00e0 noite, a chuva se expande para a Mesorregi\u00e3o de Madeira-Guapor\u00e9, em Rond\u00f4nia, cobre quase todo o Amazonas at\u00e9 Manaus, al\u00e9m das mesorregi\u00f5es de Maraj\u00f3, Metropolitana de Bel\u00e9m e Nordeste do Par\u00e1. J\u00e1 no Tocantins, Amap\u00e1 e restante do Par\u00e1 n\u00e3o chove no s\u00e1bado.<\/p>\n<p>O Instituto Nacional de Meteorologia (Inmet) emitiu um alerta de perigo potencial de baixa umidade para as regi\u00f5es Ocidental e Oriental do Tocantins, Leste Rondoniense e Sul Amazonense.<\/p>\n<p>Entre as capitais, a temperatura m\u00ednima prevista \u00e9 de 23\u00b0C, em Rio Branco (AC), enquanto a m\u00e1xima ser\u00e1 de 41\u00b0C, em Palmas (TO). A umidade relativa do ar varia entre 95% e 15%.<\/p>\n<p>\t\t\t\t\t\t\t\t\t<img loading=\"lazy\" decoding=\"async\" src=\"https:\/\/brasil61.com\/api\/v1\/serve_pixel\/17677\/77343\" alt=\"Pixel Brasil 61\" class=\"b61_pixel\" width=\"0\" height=\"0\"><\/p>\n<input type=\"hidden\" id=\"baseurl\" value=\"https:\/\/noticiasdestaque.com.br\"><input type=\"hidden\" id=\"audio_nonce\" value=\"9fd43fe80e\">","protected":false},"excerpt":{"rendered":"<p>A temperatura na Regi\u00e3o Norte do pa\u00eds pode variar entre 23\u00b0C e 41\u00b0C<\/p>\n","protected":false},"author":1,"featured_media":38587,"comment_status":"open","ping_status":"open","sticky":false,"template":"","format":"standard","meta":{"fifu_image_url":"","fifu_image_alt":"","footnotes":""},"categories":[58],"tags":[],"class_list":["post-38586","post","type-post","status-publish","format-standard","has-post-thumbnail","hentry","category-cotidiano"],"distributor_meta":false,"distributor_terms":false,"distributor_media":false,"distributor_original_site_name":"Noticias em Destaque","distributor_original_site_url":"https:\/\/noticiasdestaque.com.br","push-errors":false,"_links":{"self":[{"href":"https:\/\/noticiasdestaque.com.br\/index.php\/wp-json\/wp\/v2\/posts\/38586","targetHints":{"allow":["GET"]}}],"collection":[{"href":"https:\/\/noticiasdestaque.com.br\/index.php\/wp-json\/wp\/v2\/posts"}],"about":[{"href":"https:\/\/noticiasdestaque.com.br\/index.php\/wp-json\/wp\/v2\/types\/post"}],"author":[{"embeddable":true,"href":"https:\/\/noticiasdestaque.com.br\/index.php\/wp-json\/wp\/v2\/users\/1"}],"replies":[{"embeddable":true,"href":"https:\/\/noticiasdestaque.com.br\/index.php\/wp-json\/wp\/v2\/comments?post=38586"}],"version-history":[{"count":0,"href":"https:\/\/noticiasdestaque.com.br\/index.php\/wp-json\/wp\/v2\/posts\/38586\/revisions"}],"wp:featuredmedia":[{"embeddable":true,"href":"https:\/\/noticiasdestaque.com.br\/index.php\/wp-json\/wp\/v2\/media\/38587"}],"wp:attachment":[{"href":"https:\/\/noticiasdestaque.com.br\/index.php\/wp-json\/wp\/v2\/media?parent=38586"}],"wp:term":[{"taxonomy":"category","embeddable":true,"href":"https:\/\/noticiasdestaque.com.br\/index.php\/wp-json\/wp\/v2\/categories?post=38586"},{"taxonomy":"post_tag","embeddable":true,"href":"https:\/\/noticiasdestaque.com.br\/index.php\/wp-json\/wp\/v2\/tags?post=38586"}],"curies":[{"name":"wp","href":"https:\/\/api.w.org\/{rel}","templated":true}]}}