{"id":38558,"date":"2024-09-16T21:00:00","date_gmt":"2024-09-17T00:00:00","guid":{"rendered":"https:\/\/noticiasdestaque.com.br\/index.php\/2024\/09\/16\/queimadas-brasil-registra-184-mil-focos-estados-atuam-no-combate-aos-incendios\/"},"modified":"2024-09-16T21:00:00","modified_gmt":"2024-09-17T00:00:00","slug":"queimadas-brasil-registra-184-mil-focos-estados-atuam-no-combate-aos-incendios","status":"publish","type":"post","link":"https:\/\/noticiasdestaque.com.br\/index.php\/2024\/09\/16\/queimadas-brasil-registra-184-mil-focos-estados-atuam-no-combate-aos-incendios\/","title":{"rendered":"QUEIMADAS: Brasil registra 184 mil focos; estados atuam no combate aos inc\u00eandios"},"content":{"rendered":"<p>\t\t\t\t\t\t\t\t\t\t<audio controls class=\"b61_audio_player\" data-noticia=\"77071\" src=\"https:\/\/brasil61.com\/rails\/active_storage\/blobs\/eyJfcmFpbHMiOnsibWVzc2FnZSI6IkJBaHBBd0VDQXc9PSIsImV4cCI6bnVsbCwicHVyIjoiYmxvYl9pZCJ9fQ==--4ac9f86deb766ab601ad90a0227785bbc2f0c97d\/BRAS2412651A\"><\/audio><\/p>\n<p>O Brasil alcan\u00e7ou\u00a0esta semana o total de 184.363 focos de queimadas espalhados por todo o pa\u00eds, registrados desde o in\u00edcio de 2024. Estados como Mato Grosso, Par\u00e1, Amazonas, Tocantins, Mato Grosso do Sul e Maranh\u00e3o concentram grande parte desses focos, com uma soma de 127.028 registros. Os <a href=\"https:\/\/terrabrasilis.dpi.inpe.br\/queimadas\/situacao-atual\/situacao_atual\/\" target=\"_blank\" rel=\"noopener\">dados<\/a> s\u00e3o do Instituto Nacional de Pesquisas Espaciais (INPE) e foram atualizados neste domingo (15).\u00a0<\/p>\n<p>A situa\u00e7\u00e3o leva as unidades da federa\u00e7\u00e3o a tomarem medidas com o intuito de reverter o quadro. No Mato Grosso, por exemplo, o Corpo de Bombeiros Militar atuou, nesse s\u00e1bado (14), no combate a 54 inc\u00eandios florestais. Mais de 1.000 militares atuaram nas a\u00e7\u00f5es, em regime de revezamento. Na Chapada dos Guimar\u00e3es, as equipes atuaram com apoio de um avi\u00e3o, j\u00e1 que um inc\u00eandio na regi\u00e3o do Mirante do Centro Geod\u00e9sico da Am\u00e9rica do Sul atinge a \u00e1rea.\u00a0<\/p>\n<h2>Preju\u00edzos em todo o Brasil<\/h2>\n<p>Dados da Confedera\u00e7\u00e3o Nacional de Munic\u00edpios (CNM) revelam que, no m\u00eas de agosto, os <a href=\"https:\/\/cnm.org.br\/cms\/images\/stories\/Inc%C3%AAndios%20florestais%20castigam%20o%20Brasil%20no%20m%C3%AAs%20de%20agosto%2026.08.2024%20%281%29%20%285%29.pdf\" target=\"_blank\" rel=\"noopener\">preju\u00edzos<\/a> causados pelos inc\u00eandios florestais corresponderam a 98% do total de preju\u00edzos para todo o ano de 2024, com mais de R$ 37,3 milh\u00f5es dos R$ 38 milh\u00f5es registrados pelos gestores municipais. No entanto, boa parte dos munic\u00edpios ainda est\u00e3o registrando as informa\u00e7\u00f5es dos danos.\u00a0<\/p>\n<p><img decoding=\"async\" style=\"width:100%\" alt=\"\" src=\"https:\/\/noticiasdestaque.com.br\/wp-content\/uploads\/2024\/09\/QUEIMADASBrasilregistra184milfocosestadosatuamnocombateaosincndios_0907389001726815784.png\" \/><\/p>\n<h2>Outras a\u00e7\u00f5es pelo Pa\u00eds<\/h2>\n<p>No Pantanal mato-grossense, os bombeiros agem na regi\u00e3o da Reserva Particular do Patrim\u00f4nio Natural (RPPN) Sesc Pantanal, em Bar\u00e3o de Melga\u00e7o; na regi\u00e3o do Parque Estadual do Guir\u00e1, em C\u00e1ceres; e em Pocon\u00e9. Para essa a\u00e7\u00e3o espec\u00edfica, os militares contam com um avi\u00e3o, 17 viaturas, 11 m\u00e1quinas e quatro barcos.<\/p>\n<p>Al\u00e9m dos governos estaduais, a esfera federal tamb\u00e9m tem atuado no combate \u00e0s queimadas. No Parque Nacional de Bras\u00edlia, por exemplo, foi intensificada uma linha de investiga\u00e7\u00e3o que aponta origem criminosa em focos de inc\u00eandios. Nesse domingo (15), quando o inc\u00eandio come\u00e7ou, houve revezamento de aeronaves no combate ao fogo, enquanto brigadistas realizavam a\u00e7\u00f5es em solo. O trabalho de controle do inc\u00eandio se manteve nesta segunda-feira (16). A\u00a0Pol\u00edcia Federal anunciou a abertura de inqu\u00e9rito para investigar a origem do fogo.<\/p>\n<p><a href=\"https:\/\/brasil61.com\/n\/queimadas-ms-divulga-orientacoes-a-gestores-publicos-para-minimizar-efeitos-da-fumaca-na-saude-bras2412631\" target=\"_blank\" rel=\"noopener\">QUEIMADAS: MS divulga orienta\u00e7\u00f5es a gestores p\u00fablicos para minimizar efeitos da fuma\u00e7a na sa\u00fade<\/a><\/p>\n<p><a href=\"https:\/\/brasil61.com\/n\/queimadas-favaro-anuncia-plano-safra-24-25-com-acesso-a-financiamentos-para-produtores-afetados-bras2412635\" target=\"_blank\" rel=\"noopener\">Queimadas: F\u00e1varo anuncia Plano Safra 24\/25 com acesso a financiamentos para produtores afetados<\/a><\/p>\n<p>O tenente-coronel do Corpo de Bombeiros do Distrito Federal, Anderson Ventura, lembra que, nesse per\u00edodo de estiagem, a vegeta\u00e7\u00e3o est\u00e1 vulner\u00e1vel \u00e0s chamas. Diante disso, ele recomenda que a popula\u00e7\u00e3o evite atear fogo em locais favor\u00e1veis ao alastramento de queimadas. \u201cNesse per\u00edodo, se a popula\u00e7\u00e3o pudesse n\u00e3o usar o fogo, seria o ideal. Essa \u00e9 a recomenda\u00e7\u00e3o. N\u00e3o use o fogo para nada. Eu sei que o fogo faz parte das atividades humanas, mas deixe para usar em outros per\u00edodos, n\u00e3o nesse\u201d, orienta.\u00a0<\/p>\n<p>J\u00e1 no Par\u00e1, o Grupamento A\u00e9reo de Seguran\u00e7a P\u00fablica (Graesp) atua em miss\u00f5es de combate \u00e0s queimadas em terras ind\u00edgenas e nas \u00e1reas de floresta do estado. Desde o dia 12 de setembro, j\u00e1 foram feitos mais de 250 lan\u00e7amentos de \u00e1gua em terras ind\u00edgenas, localizadas pr\u00f3ximo \u00e0 regi\u00e3o de Marab\u00e1.<\/p>\n<p>No estado de Rond\u00f4nia, as equipes atuam contra inc\u00eandios florestais que atingem o Parque Estadual Guajar\u00e1-Mirim e a Esta\u00e7\u00e3o Ecol\u00f3gica Soldado da Borracha. A a\u00e7\u00e3o faz parte da \u201cOpera\u00e7\u00e3o Tempor\u00e3\u201d, fase I e II, desenvolvida pelo governo do estado.\u00a0<\/p>\n<p>De acordo com o Boletim Di\u00e1rio, na fase II da opera\u00e7\u00e3o, realizada na regi\u00e3o entre Porto Velho e Cujubim na quarta-feira (11), \u201cforam identificados 17 focos de calor, que passaram a ser monitorados.\u201d O documento destaca que dois focos foram extintos. \u201cO trabalho n\u00e3o para\u00a0e destacamos os esfor\u00e7os desses profissionais, fundamentais no combate aos diferentes focos de inc\u00eandio\u201d, disse o governador do estado, Marcos Rocha.\u00a0<\/p>\n<p>J\u00e1 em S\u00e3o Paulo, onde o INPE aponta que, em 2024, 7.193 focos de queimadas foram registrados, o governo do estado divulgou, no \u00faltimo dia 10 de setembro, novas orienta\u00e7\u00f5es em sa\u00fade e diretrizes. Entre as recomenda\u00e7\u00f5es, est\u00e1 a de que as pessoas evitem atividades f\u00edsicas ao ar livre e aumentem a ingest\u00e3o de \u00e1gua.\u00a0<\/p>\n<p>A Companhia Ambiental do Estado de S\u00e3o Paulo (Cetesb) suspendeu, pelo menos por enquanto, as autoriza\u00e7\u00f5es de queima para a despalha de cana, queima fitossanit\u00e1ria ou para manejo. As exce\u00e7\u00f5es s\u00e3o para a implanta\u00e7\u00e3o de aceiros que evitem a propaga\u00e7\u00e3o do fogo\u00a0e para casos de finalidade fitossanit\u00e1ria solicitados diretamente pela Secretaria de Agricultura e Abastecimento.<\/p>\n<p>\t\t\t\t\t\t\t\t\t<img loading=\"lazy\" decoding=\"async\" src=\"https:\/\/brasil61.com\/api\/v1\/serve_pixel\/17677\/77071\" alt=\"Pixel Brasil 61\" class=\"b61_pixel\" width=\"0\" height=\"0\"><\/p>\n<input type=\"hidden\" id=\"baseurl\" value=\"https:\/\/noticiasdestaque.com.br\"><input type=\"hidden\" id=\"audio_nonce\" value=\"6a24ca502e\">","protected":false},"excerpt":{"rendered":"<p>Dados da Confedera\u00e7\u00e3o Nacional de Munic\u00edpios (CNM) revelam que, no m\u00eas de agosto, os preju\u00edzos causados pelos inc\u00eandios florestais corresponderam a 98% do total de preju\u00edzos para todo o ano de 2024<\/p>\n","protected":false},"author":1,"featured_media":38559,"comment_status":"open","ping_status":"open","sticky":false,"template":"","format":"standard","meta":{"fifu_image_url":"","fifu_image_alt":"","footnotes":""},"categories":[48],"tags":[],"class_list":["post-38558","post","type-post","status-publish","format-standard","has-post-thumbnail","hentry","category-mundo"],"distributor_meta":false,"distributor_terms":false,"distributor_media":false,"distributor_original_site_name":"Noticias em Destaque","distributor_original_site_url":"https:\/\/noticiasdestaque.com.br","push-errors":false,"_links":{"self":[{"href":"https:\/\/noticiasdestaque.com.br\/index.php\/wp-json\/wp\/v2\/posts\/38558","targetHints":{"allow":["GET"]}}],"collection":[{"href":"https:\/\/noticiasdestaque.com.br\/index.php\/wp-json\/wp\/v2\/posts"}],"about":[{"href":"https:\/\/noticiasdestaque.com.br\/index.php\/wp-json\/wp\/v2\/types\/post"}],"author":[{"embeddable":true,"href":"https:\/\/noticiasdestaque.com.br\/index.php\/wp-json\/wp\/v2\/users\/1"}],"replies":[{"embeddable":true,"href":"https:\/\/noticiasdestaque.com.br\/index.php\/wp-json\/wp\/v2\/comments?post=38558"}],"version-history":[{"count":0,"href":"https:\/\/noticiasdestaque.com.br\/index.php\/wp-json\/wp\/v2\/posts\/38558\/revisions"}],"wp:featuredmedia":[{"embeddable":true,"href":"https:\/\/noticiasdestaque.com.br\/index.php\/wp-json\/wp\/v2\/media\/38559"}],"wp:attachment":[{"href":"https:\/\/noticiasdestaque.com.br\/index.php\/wp-json\/wp\/v2\/media?parent=38558"}],"wp:term":[{"taxonomy":"category","embeddable":true,"href":"https:\/\/noticiasdestaque.com.br\/index.php\/wp-json\/wp\/v2\/categories?post=38558"},{"taxonomy":"post_tag","embeddable":true,"href":"https:\/\/noticiasdestaque.com.br\/index.php\/wp-json\/wp\/v2\/tags?post=38558"}],"curies":[{"name":"wp","href":"https:\/\/api.w.org\/{rel}","templated":true}]}}