{"id":38551,"date":"2024-09-19T03:02:00","date_gmt":"2024-09-19T06:02:00","guid":{"rendered":"https:\/\/noticiasdestaque.com.br\/index.php\/2024\/09\/19\/baixa-umidade-do-ar-e-ventos-potencializam-queimadas-do-centro-ao-nordeste-do-brasil\/"},"modified":"2024-09-19T03:02:00","modified_gmt":"2024-09-19T06:02:00","slug":"baixa-umidade-do-ar-e-ventos-potencializam-queimadas-do-centro-ao-nordeste-do-brasil","status":"publish","type":"post","link":"https:\/\/noticiasdestaque.com.br\/index.php\/2024\/09\/19\/baixa-umidade-do-ar-e-ventos-potencializam-queimadas-do-centro-ao-nordeste-do-brasil\/","title":{"rendered":"Baixa umidade do ar e ventos potencializam queimadas do centro ao nordeste do Brasil"},"content":{"rendered":"<p>\t\t\t\t\t\t\t\t\t\t<audio controls class=\"b61_audio_player\" data-noticia=\"77204\" src=\"https:\/\/brasil61.com\/rails\/active_storage\/blobs\/eyJfcmFpbHMiOnsibWVzc2FnZSI6IkJBaHBBOTBDQXc9PSIsImV4cCI6bnVsbCwicHVyIjoiYmxvYl9pZCJ9fQ==--4d945c1a8fade37125cd2e1de07af4ebb754457b\/BRAS2412663A\"><\/audio><\/p>\n<p>Dados do Instituto Nacional de Meteorologia <a href=\"https:\/\/alertas2.inmet.gov.br\/\" target=\"_blank\" rel=\"noopener\">(INMET)<\/a> apontam que, da \u00e1rea central do pa\u00eds &#8211; onde est\u00e3o localizados estados como Mato Grosso e Goi\u00e1s &#8211; at\u00e9 o litoral nordestino, como em \u00e1reas do Cear\u00e1 e Rio Grande do Norte, h\u00e1 alerta de perigo para baixa umidade do ar e presen\u00e7a de vendavais, ao longo desta semana.\u00a0<\/p>\n<p>Este cen\u00e1rio, segundo o meteorologista do INMET, Her\u00e1clito Alves, favorece o surgimento de queimadas, assim como a expans\u00e3o do fogo nas \u00e1reas que j\u00e1 s\u00e3o atingidas.\u00a0<\/p>\n<p>\u201cDurante esse per\u00edodo, de agosto e setembro, que costuma ter estiagem, normalmente ocorre essa baixa umidade. Ent\u00e3o, v\u00e1rios dias seguidos com baixa umidade j\u00e1 \u00e9 um fator que favorece a ocorr\u00eancia de queimadas. Al\u00e9m disso, temos\u00a0as temperaturas. Tem \u00e1reas no Centro-Oeste do pa\u00eds em que as temperaturas podem chegar a 38\u00b0C, 42\u00b0C. O vento ajuda a propagar, estender essas queimadas, ou intensificar as que j\u00e1 existem\u201d, explica.\u00a0<\/p>\n<p><img decoding=\"async\" style=\"width:100%\" alt=\"\" src=\"https:\/\/noticiasdestaque.com.br\/wp-content\/uploads\/2024\/09\/BaixaumidadedoareventospotencializamqueimadasdocentroaonordestedoBrasil_0335273001726815774.png\" \/><\/p>\n<p>De acordo com o INMET, a \u00e1rea destacada em amarelo indica que a umidade do ar fica entre 30% e 20% (perigo potencial). J\u00e1 na \u00e1rea com a cor laranja, a varia\u00e7\u00e3o \u00e9 entre 20% e 12% (perigo). O aviso na cor vermelha, por sua vez, indica que a \u00e1rea conta com umidade do ar abaixo de 12% (grande perigo).\u00a0<\/p>\n<h2>Queimadas pelo Brasil\u00a0<\/h2>\n<p>De acordo com <a href=\"https:\/\/terrabrasilis.dpi.inpe.br\/queimadas\/situacao-atual\/situacao_atual\/\" target=\"_blank\" rel=\"noopener\">dados<\/a> do Instituto Nacional de Pesquisas Espaciais (INPE), ao longo de 2024, at\u00e9 esta ter\u00e7a-feira (17), o Brasil registrava 188.623 focos de queimadas. Apenas o estado do Mato Grosso respondia por 41.527 deles. No Par\u00e1, a quantidade chegava a 33.066, enquanto no Amazonas era de 19.996.<\/p>\n<p>O tenente-coronel Anderson Ventura, do Corpo de Bombeiros do Distrito Federal, destaca que, apesar da pr\u00e1tica de colocar fogo em vegeta\u00e7\u00e3o ser vedada por lei, mais de 90% dos inc\u00eandios florestais s\u00e3o causados pela atividade humana.<\/p>\n<p>\u00a0\u201cAs pessoas fazem uso do fogo para, por exemplo, limpar lotes, queimar lixos. As pessoas tamb\u00e9m usam [fogo] para se aquecer, quando v\u00e3o acampar, fazem uma fogueirinha. Depois n\u00e3o apagam ela corretamente e perdem o controle. Tem rituais religiosos que envolvem fogo. O uso do fogo faz parte das atividades humanas. S\u00f3 que nesse per\u00edodo de agora, agosto, setembro, se a popula\u00e7\u00e3o pudesse n\u00e3o usar o fogo, seria o ideal. N\u00e3o use o fogo para nada\u201d, recomenda.<\/p>\n<h2>A\u00e7\u00f5es contra queimadas<\/h2>\n<p>Em meio a essa situa\u00e7\u00e3o, o ministro do Supremo Tribunal Federal (STF) Fl\u00e1vio Dino autorizou a abertura de cr\u00e9dito extraordin\u00e1rio ao governo federal para ajudar no combate aos inc\u00eandios florestais que atingem, sobretudo, a Amaz\u00f4nia e o Pantanal, e na contrata\u00e7\u00e3o imediata de brigadistas. De acordo com informa\u00e7\u00f5es disponibilizadas pelo STF, esse cr\u00e9dito deve ficar fora da meta fiscal do governo, estabelecida pela Lei de Responsabilidade Fiscal.\u00a0<\/p>\n<p><a href=\"https:\/\/brasil61.com\/n\/queimadas-ms-divulga-orientacoes-a-gestores-publicos-para-minimizar-efeitos-da-fumaca-na-saude-bras2412631\" target=\"_blank\" rel=\"noopener\">QUEIMADAS: MS divulga orienta\u00e7\u00f5es a gestores p\u00fablicos para minimizar efeitos da fuma\u00e7a na sa\u00fade<\/a><\/p>\n<p><a href=\"https:\/\/brasil61.com\/n\/queimadas-brasil-registra-184-mil-focos-estados-atuam-no-combate-aos-incendios-bras2412651\" target=\"_blank\" rel=\"noopener\">QUEIMADAS: Brasil registra 184 mil focos; estados atuam no combate aos inc\u00eandios<\/a><\/p>\n<p>Al\u00e9m disso, o governo federal dever\u00e1 destinar R$ 514,5 milh\u00f5es para a\u00e7\u00f5es emergenciais de combate aos efeitos dos inc\u00eandios e \u00e0 situa\u00e7\u00e3o de estiagem presente em parte do Norte do pa\u00eds e na Amaz\u00f4nia Legal.<\/p>\n<p>J\u00e1 o Minist\u00e9rio da Justi\u00e7a e Seguran\u00e7a P\u00fablica, por meio da Pol\u00edcia Federal, dever\u00e1 cobrir despesas com equipe policial, com atua\u00e7\u00e3o em investiga\u00e7\u00f5es in loco. Tamb\u00e9m ser\u00e3o destinados valores ao Fundo Nacional de Seguran\u00e7a P\u00fablica para que a For\u00e7a Nacional de Seguran\u00e7a P\u00fablica possa atuar, durante cem dias, com 180 novos profissionais.<\/p>\n<p>\t\t\t\t\t\t\t\t\t<img loading=\"lazy\" decoding=\"async\" src=\"https:\/\/brasil61.com\/api\/v1\/serve_pixel\/17677\/77204\" alt=\"Pixel Brasil 61\" class=\"b61_pixel\" width=\"0\" height=\"0\"><\/p>\n<input type=\"hidden\" id=\"baseurl\" value=\"https:\/\/noticiasdestaque.com.br\"><input type=\"hidden\" id=\"audio_nonce\" value=\"34245022d4\">","protected":false},"excerpt":{"rendered":"<p>De acordo com o Instituto Nacional de Pesquisas Espaciais, ao longo de 2024, at\u00e9 esta ter\u00e7a-feira (17), o Brasil registrava mais de 188 mil focos de queimadas<\/p>\n","protected":false},"author":1,"featured_media":38552,"comment_status":"open","ping_status":"open","sticky":false,"template":"","format":"standard","meta":{"fifu_image_url":"","fifu_image_alt":"","footnotes":""},"categories":[48],"tags":[],"class_list":["post-38551","post","type-post","status-publish","format-standard","has-post-thumbnail","hentry","category-mundo"],"distributor_meta":false,"distributor_terms":false,"distributor_media":false,"distributor_original_site_name":"Noticias em Destaque","distributor_original_site_url":"https:\/\/noticiasdestaque.com.br","push-errors":false,"_links":{"self":[{"href":"https:\/\/noticiasdestaque.com.br\/index.php\/wp-json\/wp\/v2\/posts\/38551","targetHints":{"allow":["GET"]}}],"collection":[{"href":"https:\/\/noticiasdestaque.com.br\/index.php\/wp-json\/wp\/v2\/posts"}],"about":[{"href":"https:\/\/noticiasdestaque.com.br\/index.php\/wp-json\/wp\/v2\/types\/post"}],"author":[{"embeddable":true,"href":"https:\/\/noticiasdestaque.com.br\/index.php\/wp-json\/wp\/v2\/users\/1"}],"replies":[{"embeddable":true,"href":"https:\/\/noticiasdestaque.com.br\/index.php\/wp-json\/wp\/v2\/comments?post=38551"}],"version-history":[{"count":0,"href":"https:\/\/noticiasdestaque.com.br\/index.php\/wp-json\/wp\/v2\/posts\/38551\/revisions"}],"wp:featuredmedia":[{"embeddable":true,"href":"https:\/\/noticiasdestaque.com.br\/index.php\/wp-json\/wp\/v2\/media\/38552"}],"wp:attachment":[{"href":"https:\/\/noticiasdestaque.com.br\/index.php\/wp-json\/wp\/v2\/media?parent=38551"}],"wp:term":[{"taxonomy":"category","embeddable":true,"href":"https:\/\/noticiasdestaque.com.br\/index.php\/wp-json\/wp\/v2\/categories?post=38551"},{"taxonomy":"post_tag","embeddable":true,"href":"https:\/\/noticiasdestaque.com.br\/index.php\/wp-json\/wp\/v2\/tags?post=38551"}],"curies":[{"name":"wp","href":"https:\/\/api.w.org\/{rel}","templated":true}]}}