{"id":38541,"date":"2024-09-07T00:01:00","date_gmt":"2024-09-07T03:01:00","guid":{"rendered":"https:\/\/noticiasdestaque.com.br\/index.php\/2024\/09\/07\/eleicoes-2024-para-78-dos-brasileiros-controle-de-fake-news-nas-redes-e-importante\/"},"modified":"2024-09-07T00:01:00","modified_gmt":"2024-09-07T03:01:00","slug":"eleicoes-2024-para-78-dos-brasileiros-controle-de-fake-news-nas-redes-e-importante","status":"publish","type":"post","link":"https:\/\/noticiasdestaque.com.br\/index.php\/2024\/09\/07\/eleicoes-2024-para-78-dos-brasileiros-controle-de-fake-news-nas-redes-e-importante\/","title":{"rendered":"Elei\u00e7\u00f5es 2024: para 78% dos brasileiros, controle de fake news nas redes \u00e9 importante"},"content":{"rendered":"<p>\t\t\t\t\t\t\t\t\t\t<audio controls class=\"b61_audio_player\" data-noticia=\"75672\" src=\"https:\/\/brasil61.com\/rails\/active_storage\/blobs\/eyJfcmFpbHMiOnsibWVzc2FnZSI6IkJBaHBBNzc3QWc9PSIsImV4cCI6bnVsbCwicHVyIjoiYmxvYl9pZCJ9fQ==--86bde85e59ec76bdf393b2ae62dcc8b35a237126\/BRAS2412584A\"><\/audio><\/p>\n<p style=\"margin:0cm 0cm 8pt\"><span style=\"font-size:11pt\"><span style=\"line-height:107%\"><span style=\"font-family:Calibri,sans-serif\">Em outubro de 2024, os eleitores brasileiros v\u00e3o \u00e0s urnas para escolher seus novos prefeitos e vereadores, em mais uma elei\u00e7\u00e3o. At\u00e9 l\u00e1, \u00e9 comum a circula\u00e7\u00e3o de propagandas e not\u00edcias sobre os candidatos. O problema \u00e9 quando as informa\u00e7\u00f5es disseminadas s\u00e3o falsas, o que pode comprometer a correta compreens\u00e3o por parte dos cidad\u00e3os, por exemplo.<\/span><\/span><\/span><\/p>\n<p style=\"margin:0cm 0cm 8pt\"><span style=\"font-size:11pt\"><span style=\"line-height:107%\"><span style=\"font-family:Calibri,sans-serif\">Diante disso, uma p<a href=\"https:\/\/www12.senado.leg.br\/institucional\/datasenado\/materias\/relatorios-de-pesquisa\/pesquisa-datasenado-revela-o-que-pensa-o-brasileiro-sobre-fake-news\" target=\"_blank\" rel=\"noopener\">esquisa do Instituto DataSenado<\/a>, em parceria com o Instituto de Pesquisa em Reputa\u00e7\u00e3o e Imagem (IPRI), da FSB Holding, mostra que, para 78% dos brasileiros, o controle de fake news nas redes sociais \u00e9 muito importante para garantir uma disputa eleitoral justa. <\/span><\/span><\/span><\/p>\n<p style=\"margin:0cm 0cm 8pt\"><span style=\"font-size:11pt\"><span style=\"line-height:107%\"><span style=\"font-family:Calibri,sans-serif\">Ainda de acordo com o levantamento, 81% dos entrevistados afirmam que a dissemina\u00e7\u00e3o de not\u00edcias falsas pode impactar \u201cmuito\u201d os resultados das urnas. Os dados constam na 21\u00aa edi\u00e7\u00e3o da pesquisa Panorama Pol\u00edtico 2024: Not\u00edcias Falsas e Democracia. Segundo o analista do DataSenado, Jos\u00e9 Henrique Varanda, o resultado mostra que a popula\u00e7\u00e3o quer mudan\u00e7a nesse cen\u00e1rio.<\/span><\/span><\/span><\/p>\n<p style=\"margin:0cm 0cm 8pt\"><span style=\"font-size:11pt\"><span style=\"line-height:107%\"><span style=\"font-family:Calibri,sans-serif\">\u201cDemonstrando amplo apoio da popula\u00e7\u00e3o brasileira que haja um controle, que se fa\u00e7a algum tipo de modera\u00e7\u00e3o para garantir que as elei\u00e7\u00f5es sejam justas, para que os candidatos tenham um terreno mais nivelado nas elei\u00e7\u00f5es. Essa informa\u00e7\u00e3o d\u00e1 bastante respaldo aos ju\u00edzes eleitorais para fazerem valer a regulamenta\u00e7\u00e3o do Tribunal Superior Eleitoral. \u00c9 importante que eles saibam que a popula\u00e7\u00e3o brasileira est\u00e1 dando respaldo\u201d, avalia. <\/span><\/span><\/span><\/p>\n<p style=\"margin:0cm 0cm 8pt\"><a href=\"https:\/\/brasil61.com\/n\/eleicoes-2024-eleitor-pode-denunciar-desinformacao-por-canal-do-tse-bras2412343\" target=\"_blank\" rel=\"noopener\"><span style=\"font-size:11pt\"><span style=\"line-height:107%\"><span style=\"font-family:Calibri,sans-serif\">Elei\u00e7\u00f5es 2024: eleitor pode denunciar desinforma\u00e7\u00e3o por canal do TSE<\/span><\/span><\/span><\/a><\/p>\n<p style=\"margin:0cm 0cm 8pt\"><a href=\"https:\/\/brasil61.com\/n\/fake-news-contribuiram-para-queda-das-coberturas-vacinais-contra-a-poliomielite-afirma-infectologista-poli240010\" target=\"_blank\" rel=\"noopener\"><span style=\"font-size:11pt\"><span style=\"line-height:107%\"><span style=\"font-family:Calibri,sans-serif\">Fake news contribu\u00edram para queda das coberturas vacinais contra a poliomielite, afirma infectologista<\/span><\/span><\/span><\/a><\/p>\n<p style=\"margin:0cm 0cm 8pt\"><span style=\"font-size:11pt\"><span style=\"line-height:107%\"><span style=\"font-family:Calibri,sans-serif\">Entre os brasileiros que costumam utilizar redes sociais, 72% responderam que t\u00eam acessado not\u00edcias que desconfiam ser falsas nos \u00faltimos seis meses. Os motivos para o compartilhamento dessas not\u00edcias podem variar. Para 31%, as pessoas o fazem para mudar a opini\u00e3o dos outros. J\u00e1 para 30%, a raz\u00e3o est\u00e1 em achar que o fazem por n\u00e3o saberem que a not\u00edcia \u00e9 falsa.<\/span><\/span><\/span><\/p>\n<p style=\"margin:0cm 0cm 8pt\"><span style=\"font-size:11pt\"><span style=\"line-height:107%\"><span style=\"font-family:Calibri,sans-serif\"><b>Distribui\u00e7\u00e3o estadual da popula\u00e7\u00e3o que faz uso de alguma rede social <\/b><\/span><\/span><\/span><\/p>\n<ul>\n<li style=\"margin: 0cm 0cm 8pt\"><span style=\"font-size:11pt\"><span style=\"line-height:107%\"><span style=\"font-family:Calibri,sans-serif\">S\u00e3o Paulo \u2013 97%<\/span><\/span><\/span><\/li>\n<li style=\"margin: 0cm 0cm 8pt\"><span style=\"font-size:11pt\"><span style=\"line-height:107%\"><span style=\"font-family:Calibri,sans-serif\">Distrito Federal &#8211; 97%<\/span><\/span><\/span><\/li>\n<li style=\"margin: 0cm 0cm 8pt\"><span style=\"font-size:11pt\"><span style=\"line-height:107%\"><span style=\"font-family:Calibri,sans-serif\">Roraima \u2013 96%<\/span><\/span><\/span><\/li>\n<li style=\"margin: 0cm 0cm 8pt\"><span style=\"font-size:11pt\"><span style=\"line-height:107%\"><span style=\"font-family:Calibri,sans-serif\">Paran\u00e1 &#8211; 96%<\/span><\/span><\/span><\/li>\n<li style=\"margin: 0cm 0cm 8pt\"><span style=\"font-size:11pt\"><span style=\"line-height:107%\"><span style=\"font-family:Calibri,sans-serif\">Rond\u00f4nia &#8211; 94%<\/span><\/span><\/span><\/li>\n<li style=\"margin: 0cm 0cm 8pt\"><span style=\"font-size:11pt\"><span style=\"line-height:107%\"><span style=\"font-family:Calibri,sans-serif\">Alagoas &#8211; 94%<\/span><\/span><\/span><\/li>\n<li style=\"margin: 0cm 0cm 8pt\"><span style=\"font-size:11pt\"><span style=\"line-height:107%\"><span style=\"font-family:Calibri,sans-serif\">Santa Catarina &#8211; 94%<\/span><\/span><\/span><\/li>\n<li style=\"margin: 0cm 0cm 8pt\"><span style=\"font-size:11pt\"><span style=\"line-height:107%\"><span style=\"font-family:Calibri,sans-serif\">Mato Grosso &#8211; 94%<\/span><\/span><\/span><\/li>\n<li style=\"margin: 0cm 0cm 8pt\"><span style=\"font-size:11pt\"><span style=\"line-height:107%\"><span style=\"font-family:Calibri,sans-serif\">Acre &#8211; 93%<\/span><\/span><\/span><\/li>\n<li style=\"margin: 0cm 0cm 8pt\"><span style=\"font-size:11pt\"><span style=\"line-height:107%\"><span style=\"font-family:Calibri,sans-serif\">Par\u00e1 &#8211; 93%<\/span><\/span><\/span><\/li>\n<li style=\"margin: 0cm 0cm 8pt\"><span style=\"font-size:11pt\"><span style=\"line-height:107%\"><span style=\"font-family:Calibri,sans-serif\">Cear\u00e1 &#8211; 93%<\/span><\/span><\/span><\/li>\n<li style=\"margin: 0cm 0cm 8pt\"><span style=\"font-size:11pt\"><span style=\"line-height:107%\"><span style=\"font-family:Calibri,sans-serif\">Rio Grande do Norte &#8211; 93%<\/span><\/span><\/span><\/li>\n<li style=\"margin: 0cm 0cm 8pt\"><span style=\"font-size:11pt\"><span style=\"line-height:107%\"><span style=\"font-family:Calibri,sans-serif\">Bahia &#8211; 93%<\/span><\/span><\/span><\/li>\n<li style=\"margin: 0cm 0cm 8pt\"><span style=\"font-size:11pt\"><span style=\"line-height:107%\"><span style=\"font-family:Calibri,sans-serif\">Amazonas\u2013 92%<\/span><\/span><\/span><\/li>\n<li style=\"margin: 0cm 0cm 8pt\"><span style=\"font-size:11pt\"><span style=\"line-height:107%\"><span style=\"font-family:Calibri,sans-serif\">Pernambuco \u2013 92%<\/span><\/span><\/span><\/li>\n<li style=\"margin: 0cm 0cm 8pt\"><span style=\"font-size:11pt\"><span style=\"line-height:107%\"><span style=\"font-family:Calibri,sans-serif\">Minas Gerais \u2013 92%<\/span><\/span><\/span><\/li>\n<li style=\"margin: 0cm 0cm 8pt\"><span style=\"font-size:11pt\"><span style=\"line-height:107%\"><span style=\"font-family:Calibri,sans-serif\">Goi\u00e1s \u2013 92%<\/span><\/span><\/span><\/li>\n<li style=\"margin: 0cm 0cm 8pt\"><span style=\"font-size:11pt\"><span style=\"line-height:107%\"><span style=\"font-family:Calibri,sans-serif\">Amap\u00e1 \u2013 91%<\/span><\/span><\/span><\/li>\n<li style=\"margin: 0cm 0cm 8pt\"><span style=\"font-size:11pt\"><span style=\"line-height:107%\"><span style=\"font-family:Calibri,sans-serif\">Tocantins \u2013 91%<\/span><\/span><\/span><\/li>\n<li style=\"margin: 0cm 0cm 8pt\"><span style=\"font-size:11pt\"><span style=\"line-height:107%\"><span style=\"font-family:Calibri,sans-serif\">Maranh\u00e3o \u2013 91%<\/span><\/span><\/span><\/li>\n<li style=\"margin: 0cm 0cm 8pt\"><span style=\"font-size:11pt\"><span style=\"line-height:107%\"><span style=\"font-family:Calibri,sans-serif\">Esp\u00edrito Santo \u2013 91%<\/span><\/span><\/span><\/li>\n<li style=\"margin: 0cm 0cm 8pt\"><span style=\"font-size:11pt\"><span style=\"line-height:107%\"><span style=\"font-family:Calibri,sans-serif\">Mato Grosso do Sul \u2013 91%<\/span><\/span><\/span><\/li>\n<li style=\"margin: 0cm 0cm 8pt\"><span style=\"font-size:11pt\"><span style=\"line-height:107%\"><span style=\"font-family:Calibri,sans-serif\">Para\u00edba \u2013 90%<\/span><\/span><\/span><\/li>\n<li style=\"margin: 0cm 0cm 8pt\"><span style=\"font-size:11pt\"><span style=\"line-height:107%\"><span style=\"font-family:Calibri,sans-serif\">Rio de Janeiro \u2013 90%<\/span><\/span><\/span><\/li>\n<li style=\"margin: 0cm 0cm 8pt\"><span style=\"font-size:11pt\"><span style=\"line-height:107%\"><span style=\"font-family:Calibri,sans-serif\">Sergipe \u2013 89%<\/span><\/span><\/span><\/li>\n<li style=\"margin: 0cm 0cm 8pt\"><span style=\"font-size:11pt\"><span style=\"line-height:107%\"><span style=\"font-family:Calibri,sans-serif\">Rio Grande do Sul \u2013 89%<\/span><\/span><\/span><\/li>\n<li style=\"margin: 0cm 0cm 8pt\"><span style=\"font-size:11pt\"><span style=\"line-height:107%\"><span style=\"font-family:Calibri,sans-serif\">Piau\u00ed \u2013 88%<\/span><\/span><\/span><\/li>\n<\/ul>\n<p style=\"margin:0cm 0cm 8pt\"><span style=\"font-size:11pt\"><span style=\"line-height:107%\"><span style=\"font-family:Calibri,sans-serif\"><b>Dificuldade em identificar not\u00edcias falsas<\/b><\/span><\/span><\/span><\/p>\n<p style=\"margin:0cm 0cm 8pt\"><span style=\"font-size:11pt\"><span style=\"line-height:107%\"><span style=\"font-family:Calibri,sans-serif\">Ainda de acordo com a pesquisa, identificar not\u00edcias falsas \u00e9 uma tarefa desafiadora para metade dos brasileiros. \u201cEsta dificuldade varia regionalmente, com estados como Sergipe (62%), Maranh\u00e3o (61%) e Rio Grande do Norte (59%), que contam com \u00edndices acima da m\u00e9dia nacional.\u201d<\/span><\/span><\/span><\/p>\n<p style=\"margin:0cm 0cm 8pt\"><span style=\"font-size:11pt\"><span style=\"line-height:107%\"><span style=\"font-family:Calibri,sans-serif\">Apesar desse cen\u00e1rio, o levantamento mostra um certo consenso sobre a necessidade de responsabilizar as plataformas de redes sociais. Para 81% dos entrevistados, essas plataformas devem ser respons\u00e1veis por impedir a divulga\u00e7\u00e3o de not\u00edcias falsas. Essa opini\u00e3o apresenta quase uma unanimidade entre os estados, com exce\u00e7\u00e3o de Santa Catarina, onde a concord\u00e2ncia \u00e9 73%.<\/span><\/span><\/span><\/p>\n<p style=\"margin:0cm 0cm 8pt\"><span style=\"font-size:11pt\"><span style=\"line-height:107%\"><span style=\"font-family:Calibri,sans-serif\">O levantamento, que ouviu 21.808 brasileiros de todas as 27 Unidades da Federa\u00e7\u00e3o, foi feito entre os dias 5 e 28 de junho de 2024. O n\u00edvel de confian\u00e7a \u00e9 de 95%, com margem de erro m\u00e9dia nas respostas para dados nacionais de 1,2 ponto porcentual.<\/span><\/span><\/span><\/p>\n<p>\t\t\t\t\t\t\t\t\t<img loading=\"lazy\" decoding=\"async\" src=\"https:\/\/brasil61.com\/api\/v1\/serve_pixel\/17677\/75672\" alt=\"Pixel Brasil 61\" class=\"b61_pixel\" width=\"0\" height=\"0\"><\/p>\n<input type=\"hidden\" id=\"baseurl\" value=\"https:\/\/noticiasdestaque.com.br\"><input type=\"hidden\" id=\"audio_nonce\" value=\"6a24ca502e\">","protected":false},"excerpt":{"rendered":"<p>Entre os que costumam utilizar redes sociais, 72% responderam que, nos \u00faltimos seis meses, t\u00eam acessado not\u00edcias que desconfiam ser falsas <\/p>\n","protected":false},"author":1,"featured_media":38542,"comment_status":"open","ping_status":"open","sticky":false,"template":"","format":"standard","meta":{"fifu_image_url":"","fifu_image_alt":"","footnotes":""},"categories":[48],"tags":[],"class_list":["post-38541","post","type-post","status-publish","format-standard","has-post-thumbnail","hentry","category-mundo"],"distributor_meta":false,"distributor_terms":false,"distributor_media":false,"distributor_original_site_name":"Noticias em Destaque","distributor_original_site_url":"https:\/\/noticiasdestaque.com.br","push-errors":false,"_links":{"self":[{"href":"https:\/\/noticiasdestaque.com.br\/index.php\/wp-json\/wp\/v2\/posts\/38541","targetHints":{"allow":["GET"]}}],"collection":[{"href":"https:\/\/noticiasdestaque.com.br\/index.php\/wp-json\/wp\/v2\/posts"}],"about":[{"href":"https:\/\/noticiasdestaque.com.br\/index.php\/wp-json\/wp\/v2\/types\/post"}],"author":[{"embeddable":true,"href":"https:\/\/noticiasdestaque.com.br\/index.php\/wp-json\/wp\/v2\/users\/1"}],"replies":[{"embeddable":true,"href":"https:\/\/noticiasdestaque.com.br\/index.php\/wp-json\/wp\/v2\/comments?post=38541"}],"version-history":[{"count":0,"href":"https:\/\/noticiasdestaque.com.br\/index.php\/wp-json\/wp\/v2\/posts\/38541\/revisions"}],"wp:featuredmedia":[{"embeddable":true,"href":"https:\/\/noticiasdestaque.com.br\/index.php\/wp-json\/wp\/v2\/media\/38542"}],"wp:attachment":[{"href":"https:\/\/noticiasdestaque.com.br\/index.php\/wp-json\/wp\/v2\/media?parent=38541"}],"wp:term":[{"taxonomy":"category","embeddable":true,"href":"https:\/\/noticiasdestaque.com.br\/index.php\/wp-json\/wp\/v2\/categories?post=38541"},{"taxonomy":"post_tag","embeddable":true,"href":"https:\/\/noticiasdestaque.com.br\/index.php\/wp-json\/wp\/v2\/tags?post=38541"}],"curies":[{"name":"wp","href":"https:\/\/api.w.org\/{rel}","templated":true}]}}