{"id":38533,"date":"2024-09-18T03:14:00","date_gmt":"2024-09-18T06:14:00","guid":{"rendered":"https:\/\/noticiasdestaque.com.br\/index.php\/2024\/09\/18\/dolar-cai-novamente-para-r-548\/"},"modified":"2024-09-18T03:14:00","modified_gmt":"2024-09-18T06:14:00","slug":"dolar-cai-novamente-para-r-548","status":"publish","type":"post","link":"https:\/\/noticiasdestaque.com.br\/index.php\/2024\/09\/18\/dolar-cai-novamente-para-r-548\/","title":{"rendered":"D\u00f3lar cai novamente, para R$ 5,48"},"content":{"rendered":"<p>\t\t\t\t\t\t\t\t\t\t<audio controls class=\"b61_audio_player\" data-noticia=\"77142\" src=\"https:\/\/brasil61.com\/rails\/active_storage\/blobs\/eyJfcmFpbHMiOnsibWVzc2FnZSI6IkJBaHBBMmNDQXc9PSIsImV4cCI6bnVsbCwicHVyIjoiYmxvYl9pZCJ9fQ==--743ecdf7b115aeeeb73be4151035410bb79dd5c4\/BRAS2412661A\"><\/audio><\/p>\n<p>O pre\u00e7o do d\u00f3lar caiu no Brasil, para R$ 5,48. O euro comercial seguiu a mesma tend\u00eancia, a R$ 6,09, segundo a companhia <a href=\"https:\/\/www.google.com\/intl\/en-BR\/googlefinance\/disclaimer\/\">Morningstar<\/a>.\u00a0<\/p>\n<p>Neste in\u00edcio da semana, as expectativas dos investidores s\u00e3o marcadas pela espera da \u201csuper-quarta\u201d, quando tanto Brasil, quanto os Estados Unidos, haver\u00e1 decis\u00e3o sobre a taxa de juros b\u00e1sica. No exterior, a perspectiva \u00e9 de corte na taxa. No Brasil, os dados da infla\u00e7\u00e3o apontam que dever\u00e1 haver aumento da Selic. Este cen\u00e1rio pode atrair capitais ao Brasil e colaborar com a queda do pre\u00e7o do d\u00f3lar.\u00a0<\/p>\n<p>O Banco Central do Brasil tamb\u00e9m divulgou o <a href=\"https:\/\/www.bcb.gov.br\/publicacoes\/focus\">Boletim Focus<\/a>, com previs\u00f5es econ\u00f4micas at\u00e9 o fim de 2024. Para a infla\u00e7\u00e3o, medida pelo IPCA, houve a nona alta consecutiva, para 4,35%. J\u00e1 a proje\u00e7\u00e3o do produto interno bruto (PIB) subiu 2,96% e o d\u00f3lar \u00e9 previsto para chegar a R$ 5,40. A Selic \u00e9 projetada est\u00e1vel, a 11,25% ao ano.\u00a0<\/p>\n<p>\t\t\t\t\t\t\t\t\t<img loading=\"lazy\" decoding=\"async\" src=\"https:\/\/brasil61.com\/api\/v1\/serve_pixel\/17677\/77142\" alt=\"Pixel Brasil 61\" class=\"b61_pixel\" width=\"0\" height=\"0\"><\/p>\n<input type=\"hidden\" id=\"baseurl\" value=\"https:\/\/noticiasdestaque.com.br\"><input type=\"hidden\" id=\"audio_nonce\" value=\"6f73a554f1\">","protected":false},"excerpt":{"rendered":"<p>O euro seguiu a tend\u00eancia de queda, a R$ 6,09<\/p>\n","protected":false},"author":1,"featured_media":38534,"comment_status":"open","ping_status":"open","sticky":false,"template":"","format":"standard","meta":{"fifu_image_url":"","fifu_image_alt":"","footnotes":""},"categories":[59],"tags":[],"class_list":["post-38533","post","type-post","status-publish","format-standard","has-post-thumbnail","hentry","category-economia"],"distributor_meta":false,"distributor_terms":false,"distributor_media":false,"distributor_original_site_name":"Noticias em Destaque","distributor_original_site_url":"https:\/\/noticiasdestaque.com.br","push-errors":false,"_links":{"self":[{"href":"https:\/\/noticiasdestaque.com.br\/index.php\/wp-json\/wp\/v2\/posts\/38533","targetHints":{"allow":["GET"]}}],"collection":[{"href":"https:\/\/noticiasdestaque.com.br\/index.php\/wp-json\/wp\/v2\/posts"}],"about":[{"href":"https:\/\/noticiasdestaque.com.br\/index.php\/wp-json\/wp\/v2\/types\/post"}],"author":[{"embeddable":true,"href":"https:\/\/noticiasdestaque.com.br\/index.php\/wp-json\/wp\/v2\/users\/1"}],"replies":[{"embeddable":true,"href":"https:\/\/noticiasdestaque.com.br\/index.php\/wp-json\/wp\/v2\/comments?post=38533"}],"version-history":[{"count":0,"href":"https:\/\/noticiasdestaque.com.br\/index.php\/wp-json\/wp\/v2\/posts\/38533\/revisions"}],"wp:featuredmedia":[{"embeddable":true,"href":"https:\/\/noticiasdestaque.com.br\/index.php\/wp-json\/wp\/v2\/media\/38534"}],"wp:attachment":[{"href":"https:\/\/noticiasdestaque.com.br\/index.php\/wp-json\/wp\/v2\/media?parent=38533"}],"wp:term":[{"taxonomy":"category","embeddable":true,"href":"https:\/\/noticiasdestaque.com.br\/index.php\/wp-json\/wp\/v2\/categories?post=38533"},{"taxonomy":"post_tag","embeddable":true,"href":"https:\/\/noticiasdestaque.com.br\/index.php\/wp-json\/wp\/v2\/tags?post=38533"}],"curies":[{"name":"wp","href":"https:\/\/api.w.org\/{rel}","templated":true}]}}