{"id":38498,"date":"2024-09-19T16:57:00","date_gmt":"2024-09-19T16:57:00","guid":{"rendered":"https:\/\/noticiasdestaque.com.br\/index.php\/2024\/09\/19\/missao-visita-povo-guarani-no-pr-e-ms-alvo-de-ataques\/"},"modified":"2024-09-19T16:57:00","modified_gmt":"2024-09-19T16:57:00","slug":"missao-visita-povo-guarani-no-pr-e-ms-alvo-de-ataques","status":"publish","type":"post","link":"https:\/\/noticiasdestaque.com.br\/index.php\/2024\/09\/19\/missao-visita-povo-guarani-no-pr-e-ms-alvo-de-ataques\/","title":{"rendered":"Miss\u00e3o visita povo guarani no PR e MS, alvo de ataques"},"content":{"rendered":"<style> bloco.meta {font-style: italic; color: #666;font-weight: 600;font-size: .8em; \/* line-height: .3em; *\/}  text h2 { font-weight: 700 !important;  color: #062f46 !important;} text img { width: none; left: none;}<\/style>\n<\/p>\n<p>Uma miss\u00e3o composta por representantes de entidades e parlamentares ligados aos direitos humanos ir\u00e1 visitar terras dos povos Av\u00e1-Guarani e Guarani e Kaiow\u00e1, entre quarta-feira (11) e sexta-feira (13), no oeste do Paran\u00e1 e Mato Grosso do Sul. Os territ\u00f3rios t\u00eam sido alvos de ataques nos \u00faltimos dois meses, segundo as organiza\u00e7\u00f5es da sociedade civil.<aimg src=\"https:\/\/aagenciabrasil.ebc.com.br\/ebc.apng?id=1611486 o=node\" style=\"width:1px; height:1px; display:inline;\"><\/aimg><aimg src=\"https:\/\/aagenciabrasil.ebc.com.br\/ebc.agif?id=1611486 o=node\" style=\"width:1px; height:1px; display:inline;\"><\/aimg><\/p>\n<p>O objetivo \u00e9 prestar apoio aos povos, ouvir demandas das comunidades em tentativa de combater o aumento da viol\u00eancia, como amea\u00e7as, agress\u00e3o e inc\u00eandios criminosos. Em agosto, fazendeiros <a href=\"https:\/\/agenciabrasil.ebc.com.br\/geral\/noticia\/2024-08\/fazendeiros-armados-perseguem-indigenas-ava-guarani-nesta-madrugada\" target=\"_blank\">atacaram <\/a>com armas de fogo ind\u00edgenas av\u00e1 guarani que vivem na Tekoa Yhovy, no munic\u00edpio de Gua\u00edra (PR). Seis pessoas foram internadas. <\/p>\n<p>A miss\u00e3o foi organizada pelo Coletivo de Solidariedade e Compromisso com os Povos Guarani, grupo formado por organiza\u00e7\u00f5es indigenistas, de direitos humanos e movimentos sociais, entre elas, a Comiss\u00e3o Arns, o Conselho Indigenista Mission\u00e1rio (Cimi), o Movimento dos Trabalhadores e Trabalhadoras Rurais Sem Terra (MST), Aty Guasu (a Grande Assembleia Guarani e Kaiow\u00e1), Campanha Contra a Viol\u00eancia no Campo, Comiss\u00e3o Pastoral da Terra (CPT) e a Rede de Apoio e Incentivo Socioambiental (Rais). O grupo ter\u00e1 escolta da Pol\u00edcia Rodovi\u00e1ria Federal. <\/p>\n<p>Representantes dos minist\u00e9rios dos Povos Ind\u00edgenas e dos Direitos Humanos, da Funda\u00e7\u00e3o Nacional dos Povos Ind\u00edgenas (Funai), Comiss\u00e3o de Direitos Humanos da C\u00e2mara dos Deputados e da Defensoria P\u00fablica da Uni\u00e3o (DPU) tamb\u00e9m estar\u00e3o presentes.<\/p>\n<p>As visitas ocorrer\u00e3o nos munic\u00edpios de Terra Roxa e Gua\u00edra, no oeste do Paran\u00e1; em Dourados, no Mato Grosso do Sul.<\/p>\n<p><em>* Estagi\u00e1ria sob supervis\u00e3o de Marcelo Brand\u00e3o<\/em><\/p>\n<p class=\"alt-font font-italic my-2 small text-info\">\n                                                Edi\u00e7\u00e3o:   Carolina Pimentel                    <\/p>\n<p>            <!-- blog End --><\/p>\n<p>            <!-- tag and share --><\/p>\n<p> Fonte: EBC <\/p>\n<input type=\"hidden\" id=\"baseurl\" value=\"https:\/\/noticiasdestaque.com.br\"><input type=\"hidden\" id=\"audio_nonce\" value=\"581f3017e1\">","protected":false},"excerpt":{"rendered":"<p>Grupo vai prestar apoio e ouvir comunidades<\/p>\n","protected":false},"author":1,"featured_media":38500,"comment_status":"open","ping_status":"open","sticky":false,"template":"","format":"standard","meta":{"fifu_image_url":"","fifu_image_alt":"","footnotes":""},"categories":[1],"tags":[106],"class_list":["post-38498","post","type-post","status-publish","format-standard","has-post-thumbnail","hentry","category-uncategorized","tag-brunna-pareja"],"distributor_meta":false,"distributor_terms":false,"distributor_media":false,"distributor_original_site_name":"Noticias em Destaque","distributor_original_site_url":"https:\/\/noticiasdestaque.com.br","push-errors":false,"_links":{"self":[{"href":"https:\/\/noticiasdestaque.com.br\/index.php\/wp-json\/wp\/v2\/posts\/38498","targetHints":{"allow":["GET"]}}],"collection":[{"href":"https:\/\/noticiasdestaque.com.br\/index.php\/wp-json\/wp\/v2\/posts"}],"about":[{"href":"https:\/\/noticiasdestaque.com.br\/index.php\/wp-json\/wp\/v2\/types\/post"}],"author":[{"embeddable":true,"href":"https:\/\/noticiasdestaque.com.br\/index.php\/wp-json\/wp\/v2\/users\/1"}],"replies":[{"embeddable":true,"href":"https:\/\/noticiasdestaque.com.br\/index.php\/wp-json\/wp\/v2\/comments?post=38498"}],"version-history":[{"count":1,"href":"https:\/\/noticiasdestaque.com.br\/index.php\/wp-json\/wp\/v2\/posts\/38498\/revisions"}],"predecessor-version":[{"id":38499,"href":"https:\/\/noticiasdestaque.com.br\/index.php\/wp-json\/wp\/v2\/posts\/38498\/revisions\/38499"}],"wp:featuredmedia":[{"embeddable":true,"href":"https:\/\/noticiasdestaque.com.br\/index.php\/wp-json\/wp\/v2\/media\/38500"}],"wp:attachment":[{"href":"https:\/\/noticiasdestaque.com.br\/index.php\/wp-json\/wp\/v2\/media?parent=38498"}],"wp:term":[{"taxonomy":"category","embeddable":true,"href":"https:\/\/noticiasdestaque.com.br\/index.php\/wp-json\/wp\/v2\/categories?post=38498"},{"taxonomy":"post_tag","embeddable":true,"href":"https:\/\/noticiasdestaque.com.br\/index.php\/wp-json\/wp\/v2\/tags?post=38498"}],"curies":[{"name":"wp","href":"https:\/\/api.w.org\/{rel}","templated":true}]}}