{"id":38492,"date":"2024-09-19T12:27:00","date_gmt":"2024-09-19T12:27:00","guid":{"rendered":"https:\/\/noticiasdestaque.com.br\/index.php\/2024\/09\/19\/tse-define-regras-para-atuacao-da-policia-rodoviaria-nas-eleicoes\/"},"modified":"2024-09-19T12:27:00","modified_gmt":"2024-09-19T12:27:00","slug":"tse-define-regras-para-atuacao-da-policia-rodoviaria-nas-eleicoes","status":"publish","type":"post","link":"https:\/\/noticiasdestaque.com.br\/index.php\/2024\/09\/19\/tse-define-regras-para-atuacao-da-policia-rodoviaria-nas-eleicoes\/","title":{"rendered":"TSE define regras para atua\u00e7\u00e3o da Pol\u00edcia Rodovi\u00e1ria nas elei\u00e7\u00f5es"},"content":{"rendered":"<style> bloco.meta {font-style: italic; color: #666;font-weight: 600;font-size: .8em; \/* line-height: .3em; *\/}  text h2 { font-weight: 700 !important;  color: #062f46 !important;} text img { width: none; left: none;}<\/style>\n<\/p>\n<p>O Tribunal Superior Eleitoral (TSE) e o Minist\u00e9rio da Justi\u00e7a e Seguran\u00e7a P\u00fablica (MJSP) definiram nesta quinta-feira (19) as regras para opera\u00e7\u00f5es de patrulhamento da Pol\u00edcia Rodovi\u00e1ria Federal (PRF) durante as elei\u00e7\u00f5es municipais.<aimg src=\"https:\/\/aagenciabrasil.ebc.com.br\/ebc.apng?id=1612997 o=node\" style=\"width:1px; height:1px; display:inline;\"><\/aimg><aimg src=\"https:\/\/aagenciabrasil.ebc.com.br\/ebc.agif?id=1612997 o=node\" style=\"width:1px; height:1px; display:inline;\"><\/aimg><\/p>\n<p>De acordo com uma portaria conjunta assinada pela presidente do TSE, ministra C\u00e1rmen L\u00facia, e o ministro da Justi\u00e7a, Ricardo Lewandowski, a PRF n\u00e3o poder\u00e1 dificultar a circula\u00e7\u00e3o dos eleitores nos dias 6 e 27 de outubro, datas do primeiro e segundo turnos.<\/p>\n<p>Pelas regras, estar\u00e3o proibidas as opera\u00e7\u00f5es que tiverem como \u00fanico intuito o bloqueio do tr\u00e2nsito de ve\u00edculos para verifica\u00e7\u00e3o da situa\u00e7\u00e3o veicular.<\/p>\n<p>A abordagem dos motoristas infratores e de ve\u00edculos poder\u00e1 ser realizada pelos agentes, mas em situa\u00e7\u00f5es de flagrante desrespeito \u00e0s regras de tr\u00e2nsito e para conter condutas que coloquem em risco \u00e0 vida dos demais motoristas.<\/p>\n<p>A portaria tamb\u00e9m prev\u00ea que a PRF dever\u00e1 comunicar previamente aos tribunais regionais eleitorais (TREs) a realiza\u00e7\u00e3o de opera\u00e7\u00f5es que n\u00e3o se enquadram nas hip\u00f3teses de flagrante. Nesses casos, a corpora\u00e7\u00e3o dever\u00e1 informar a justificativa e o local da <em>blitz<\/em>, estabelecendo rotas alternativas para garantir a livre locomo\u00e7\u00e3o dos motoristas que n\u00e3o estivem em situa\u00e7\u00e3o regular.<\/p>\n<p>Durante a cerim\u00f4nia de assinatura da portaria, a ministra C\u00e1rmen L\u00facia disse que as provid\u00eancias foram adotadas ap\u00f3s &#8220;experi\u00eancias contr\u00e1rias \u00e0 democracia&#8221;.<\/p>\n<p>&#8220;Essa \u00e9 uma portaria conjunta que tem o objetivo de n\u00e3o permitir que o Estado atrapalhe o que \u00e9 um direito fundamental de todo mundo, que \u00e9 o direito de livremente se locomover para chegar aos locais de vota\u00e7\u00e3o e exercer o direito de voto. Experi\u00eancias contr\u00e1rias \u00e0 democracia nos levam a ter que adotar esse tipo de provid\u00eancia&#8221;, afirmou.<\/p>\n<p>O ministro da Justi\u00e7a e Seguran\u00e7a P\u00fablica, Ricardo Lewandowski, disse que as for\u00e7as de seguran\u00e7a do governo v\u00e3o assegurar o tr\u00e2nsito livre dos eleitores pelas rodovias do pa\u00eds.<\/p>\n<p>&#8220;N\u00e3o queremos e n\u00e3o veremos a repeti\u00e7\u00e3o dos vergonhosos atos que ocorreram no passado recente em que os eleitores foram impedidos, por for\u00e7a do pr\u00f3prio Estado, de se locomoverem livremente at\u00e9 o local das elei\u00e7\u00f5es\u201d, garantiu.<\/p>\n<p>Nas elei\u00e7\u00f5es de 2022, a PRF realizou opera\u00e7\u00f5es pelas rodovias do Nordeste para barrar o tr\u00e2nsito de eleitores que se deslocavam para votar. A regi\u00e3o \u00e9 conhecida por registrar grande n\u00famero de votos para o presidente Luiz In\u00e1cio Lula da Silva.<\/p>\n<p>O caso faz parte de um inqu\u00e9rito que tramita no Supremo Tribunal Federal (STF) e apura a participa\u00e7\u00e3o do ex-diretor da PRF Silvinei Vasques nas ilegalidades.  Ele fez parte do governo do ex-presidente Jair Bolsonaro e comandou a corpora\u00e7\u00e3o durante as elei\u00e7\u00f5es de 2022.<\/p>\n<p class=\"alt-font font-italic my-2 small text-info\">\n                                                Edi\u00e7\u00e3o:   Val\u00e9ria Aguiar                    <\/p>\n<p>            <!-- blog End --><\/p>\n<p>            <!-- tag and share --><\/p>\n<p> Fonte: EBC <\/p>\n<input type=\"hidden\" id=\"baseurl\" value=\"https:\/\/noticiasdestaque.com.br\"><input type=\"hidden\" id=\"audio_nonce\" value=\"34245022d4\">","protected":false},"excerpt":{"rendered":"<p>Portaria pro\u00edbe opera\u00e7\u00f5es de bloqueio de tr\u00e2nsito<\/p>\n","protected":false},"author":1,"featured_media":38494,"comment_status":"open","ping_status":"open","sticky":false,"template":"","format":"standard","meta":{"fifu_image_url":"","fifu_image_alt":"","footnotes":""},"categories":[1],"tags":[],"class_list":["post-38492","post","type-post","status-publish","format-standard","has-post-thumbnail","hentry","category-uncategorized"],"distributor_meta":false,"distributor_terms":false,"distributor_media":false,"distributor_original_site_name":"Noticias em Destaque","distributor_original_site_url":"https:\/\/noticiasdestaque.com.br","push-errors":false,"_links":{"self":[{"href":"https:\/\/noticiasdestaque.com.br\/index.php\/wp-json\/wp\/v2\/posts\/38492","targetHints":{"allow":["GET"]}}],"collection":[{"href":"https:\/\/noticiasdestaque.com.br\/index.php\/wp-json\/wp\/v2\/posts"}],"about":[{"href":"https:\/\/noticiasdestaque.com.br\/index.php\/wp-json\/wp\/v2\/types\/post"}],"author":[{"embeddable":true,"href":"https:\/\/noticiasdestaque.com.br\/index.php\/wp-json\/wp\/v2\/users\/1"}],"replies":[{"embeddable":true,"href":"https:\/\/noticiasdestaque.com.br\/index.php\/wp-json\/wp\/v2\/comments?post=38492"}],"version-history":[{"count":1,"href":"https:\/\/noticiasdestaque.com.br\/index.php\/wp-json\/wp\/v2\/posts\/38492\/revisions"}],"predecessor-version":[{"id":38493,"href":"https:\/\/noticiasdestaque.com.br\/index.php\/wp-json\/wp\/v2\/posts\/38492\/revisions\/38493"}],"wp:featuredmedia":[{"embeddable":true,"href":"https:\/\/noticiasdestaque.com.br\/index.php\/wp-json\/wp\/v2\/media\/38494"}],"wp:attachment":[{"href":"https:\/\/noticiasdestaque.com.br\/index.php\/wp-json\/wp\/v2\/media?parent=38492"}],"wp:term":[{"taxonomy":"category","embeddable":true,"href":"https:\/\/noticiasdestaque.com.br\/index.php\/wp-json\/wp\/v2\/categories?post=38492"},{"taxonomy":"post_tag","embeddable":true,"href":"https:\/\/noticiasdestaque.com.br\/index.php\/wp-json\/wp\/v2\/tags?post=38492"}],"curies":[{"name":"wp","href":"https:\/\/api.w.org\/{rel}","templated":true}]}}