{"id":38490,"date":"2024-09-19T19:16:34","date_gmt":"2024-09-19T22:16:34","guid":{"rendered":"https:\/\/noticiasdestaque.com.br\/index.php\/2024\/09\/19\/naty-varga-e-polly-persch-sao-as-novas-apresentadoras-do-papo-de-pijama\/"},"modified":"2024-09-19T19:16:34","modified_gmt":"2024-09-19T22:16:34","slug":"naty-varga-e-polly-persch-sao-as-novas-apresentadoras-do-papo-de-pijama","status":"publish","type":"post","link":"https:\/\/noticiasdestaque.com.br\/index.php\/2024\/09\/19\/naty-varga-e-polly-persch-sao-as-novas-apresentadoras-do-papo-de-pijama\/","title":{"rendered":"Naty Varga e Polly Persch s\u00e3o as novas apresentadoras do Papo de Pijama"},"content":{"rendered":"\n<p>A nova dupla do Papo de Pijama, <strong><a href=\"https:\/\/celebs.com.br\/41542\/naty-varga-estreia-como-reporter-da-revista-sexy\/\" data-type=\"post\" data-id=\"41542\">Naty Varga<\/a> <\/strong>e<strong> <a href=\"https:\/\/celebs.com.br\/2293\/polly-persch-faz-ensaio-de-tirar-o-folego-e-exibe-seu-corpo-perfeito\/\" data-type=\"post\" data-id=\"2293\">Polly Persch<\/a><\/strong> chega para a nova temporada e promete esquentar mais ainda os epis\u00f3dios. Trazendo muitas novidades e muito conte\u00fado HOT para o p\u00fablico. A estreia aconteceu nesta ter\u00e7a-feira contando um pouco sobre a vida das influencers e os f\u00e3s do programa j\u00e1 aprovaram essa nova escolha pelo diretor Nelson Miranda.<\/p>\n\n\n\n<p>Natural do Paran\u00e1, com 34 anos, Pollyanna agora est\u00e1 morando em S\u00e3o Paulo e pretende investir mais na carreira como influencer e apresentadora. Detentora de um corpo escultural, super dedicada \u00e0 sa\u00fade e \u00e0 academia. Uma mulher que adora estar com a fam\u00edlia e seu \u201cdoguinho\u201d de estima\u00e7\u00e3o.<\/p>\n\n\n\n<p>\u201c<em><strong>Estou muito feliz com o convite do Papo de Pijama. Uma oportunidade que vai abrir um novo mercado, novas perspectivas de aprendizado. Eu sou muito comunicativa, ent\u00e3o, adoro falar. Nada melhor do que ter um programa de entrevista (risos). Quero colocar fogo nos novos conte\u00fados do programa<\/strong><\/em>\u201d, conta Polly.<\/p>\n\n\n\n<p>Natural de S\u00e3o Paulo capital, com 31 anos, Naty Varga j\u00e1 tem experi\u00eancia como apresentadora e vem evoluindo cada dia mais com o SexyBlitz, um quadro de entrevistas e cobertura de eventos, promovido pela revista Sexy que j\u00e1 \u00e9 sucesso. Naty \u00e9 modelo desde os 18 anos e bissexual assumida.<\/p>\n\n\n\n<p>\u201c<em><strong>Uma honra fazer parte deste time. Eu sempre fui f\u00e3 do programa, inclusive j\u00e1 fui entrevistada duas vezes e agora ser apresentadora \u00e9 um desafio muito gostoso e prazeroso (risos)<\/strong><\/em>\u201d, relata Naty.<\/p>\n\n\n\n<p>O programa vai ao ar toda semana, com quadros diferenciados, e toda ter\u00e7a e quinta temos essa dupla com entrevistas picantes e mais a quarta HOT com conte\u00fado exclusivo para assinantes. E voc\u00ea pode conferir tudo dentro do site da Sexy, o SexyClube. Aproveite para seguir as gatas no Instagram: <a href=\"http:\/\/instagram.com\/topmusa_naty\">@topmusa_naty<\/a> e <a href=\"http:\/\/instagram.com\/pollyanna.persch\" data-type=\"link\" data-id=\"instagram.com\/pollyanna.persch\">@pollyanna.persch<\/a>.<\/p>\n\n\n\n<figure class=\"wp-block-gallery has-nested-images columns-1 is-cropped wp-block-gallery-1 is-layout-flex wp-block-gallery-is-layout-flex\">\n<figure class=\"wp-block-image size-large\"><img decoding=\"async\" data-id=\"57248\" src=\"https:\/\/celebs.com.br\/wp-content\/uploads\/2024\/09\/DSC_4058-681x1024.jpg\" alt=\"\" class=\"wp-image-57248\"\/><\/figure>\n\n\n\n<figure class=\"wp-block-image size-large\"><img decoding=\"async\" data-id=\"57247\" src=\"https:\/\/celebs.com.br\/wp-content\/uploads\/2024\/09\/DSC_4046-681x1024.jpg\" alt=\"\" class=\"wp-image-57247\"\/><\/figure>\n\n\n\n<figure class=\"wp-block-image size-large\"><img decoding=\"async\" data-id=\"57246\" src=\"https:\/\/celebs.com.br\/wp-content\/uploads\/2024\/09\/DSC_4039-1024x681.jpg\" alt=\"\" class=\"wp-image-57246\"\/><\/figure>\n\n\n\n<figure class=\"wp-block-image size-large\"><img decoding=\"async\" data-id=\"57244\" src=\"https:\/\/celebs.com.br\/wp-content\/uploads\/2024\/09\/DSC_3953-1024x681.jpg\" alt=\"\" class=\"wp-image-57244\"\/><\/figure>\n\n\n\n<figure class=\"wp-block-image size-large\"><img decoding=\"async\" data-id=\"57243\" src=\"https:\/\/celebs.com.br\/wp-content\/uploads\/2024\/09\/DSC_3880-681x1024.jpg\" alt=\"\" class=\"wp-image-57243\"\/><\/figure>\n<\/figure>\n\n\n\n<p><\/p>\n<input type=\"hidden\" id=\"baseurl\" value=\"https:\/\/noticiasdestaque.com.br\"><input type=\"hidden\" id=\"audio_nonce\" value=\"6a24ca502e\">","protected":false},"excerpt":{"rendered":"<p>A nova dupla do Papo de Pijama, Naty Varga e Polly Persch chega para a nova temporada e promete esquentar mais ainda os epis\u00f3dios. Trazendo muitas novidades e muito conte\u00fado HOT para o p\u00fablico. A estreia aconteceu nesta ter\u00e7a-feira contando um pouco sobre a vida das influencers e os f\u00e3s do programa j\u00e1 aprovaram essa [&hellip;]<\/p>\n","protected":false},"author":1,"featured_media":38491,"comment_status":"open","ping_status":"open","sticky":false,"template":"","format":"standard","meta":{"fifu_image_url":"","fifu_image_alt":"","footnotes":""},"categories":[52],"tags":[],"class_list":["post-38490","post","type-post","status-publish","format-standard","has-post-thumbnail","hentry","category-entretenimento"],"distributor_meta":false,"distributor_terms":false,"distributor_media":false,"distributor_original_site_name":"Portal de Recupera\u00e7\u00e3o","distributor_original_site_url":"https:\/\/portalderecuperacao.com","push-errors":false,"_links":{"self":[{"href":"https:\/\/noticiasdestaque.com.br\/index.php\/wp-json\/wp\/v2\/posts\/38490","targetHints":{"allow":["GET"]}}],"collection":[{"href":"https:\/\/noticiasdestaque.com.br\/index.php\/wp-json\/wp\/v2\/posts"}],"about":[{"href":"https:\/\/noticiasdestaque.com.br\/index.php\/wp-json\/wp\/v2\/types\/post"}],"author":[{"embeddable":true,"href":"https:\/\/noticiasdestaque.com.br\/index.php\/wp-json\/wp\/v2\/users\/1"}],"replies":[{"embeddable":true,"href":"https:\/\/noticiasdestaque.com.br\/index.php\/wp-json\/wp\/v2\/comments?post=38490"}],"version-history":[{"count":0,"href":"https:\/\/noticiasdestaque.com.br\/index.php\/wp-json\/wp\/v2\/posts\/38490\/revisions"}],"wp:featuredmedia":[{"embeddable":true,"href":"https:\/\/noticiasdestaque.com.br\/index.php\/wp-json\/wp\/v2\/media\/38491"}],"wp:attachment":[{"href":"https:\/\/noticiasdestaque.com.br\/index.php\/wp-json\/wp\/v2\/media?parent=38490"}],"wp:term":[{"taxonomy":"category","embeddable":true,"href":"https:\/\/noticiasdestaque.com.br\/index.php\/wp-json\/wp\/v2\/categories?post=38490"},{"taxonomy":"post_tag","embeddable":true,"href":"https:\/\/noticiasdestaque.com.br\/index.php\/wp-json\/wp\/v2\/tags?post=38490"}],"curies":[{"name":"wp","href":"https:\/\/api.w.org\/{rel}","templated":true}]}}