{"id":38419,"date":"2024-09-18T03:02:00","date_gmt":"2024-09-18T06:02:00","guid":{"rendered":"https:\/\/noticiasdestaque.com.br\/index.php\/2024\/09\/18\/covid-19-e-responsavel-por-metade-das-mortes-por-doencas-respiratorias\/"},"modified":"2024-09-18T03:02:00","modified_gmt":"2024-09-18T06:02:00","slug":"covid-19-e-responsavel-por-metade-das-mortes-por-doencas-respiratorias","status":"publish","type":"post","link":"https:\/\/noticiasdestaque.com.br\/index.php\/2024\/09\/18\/covid-19-e-responsavel-por-metade-das-mortes-por-doencas-respiratorias\/","title":{"rendered":"Covid-19 \u00e9 respons\u00e1vel por metade das mortes por doen\u00e7as respirat\u00f3rias"},"content":{"rendered":"<p>\t\t\t\t\t\t\t\t\t\t<audio controls class=\"b61_audio_player\" data-noticia=\"77139\" src=\"https:\/\/brasil61.com\/rails\/active_storage\/blobs\/eyJfcmFpbHMiOnsibWVzc2FnZSI6IkJBaHBBMlVDQXc9PSIsImV4cCI6bnVsbCwicHVyIjoiYmxvYl9pZCJ9fQ==--7626df6cdc23389febd4e98117f981dec787fb63\/BRAS2412659A\"><\/audio><\/p>\n<p>Mais da metade dos \u00f3bitos por doen\u00e7as respirat\u00f3rias nas \u00faltimas quatro semanas est\u00e3o relacionados \u00e0 Covid-19. Segundo o mais recente Boletim InfoGripe, da Funda\u00e7\u00e3o Oswaldo Cruz (Fiocruz), 50,2% das mortes por S\u00edndrome Respirat\u00f3ria Aguda Grave (SRAG) estavam associadas ao Sars-CoV-2 (coronav\u00edrus). O dado tem como base as semanas epidemiol\u00f3gicas 33, 34, 35 e 36, que abrangem o per\u00edodo de 11 de agosto a 7 de setembro.<\/p>\n<p>Nesse per\u00edodo, foram registrados 288 \u00f3bitos pela doen\u00e7a, segundo o <a href=\"https:\/\/infoms.saude.gov.br\/extensions\/covid-19_html\/covid-19_html.html\" target=\"_blank\" rel=\"noopener\">painel de monitoramento da Covid-19 do Minist\u00e9rio da Sa\u00fade<\/a>. A infectologista Joana D\u2019arc Gon\u00e7alves da Silva afirma que os casos de doen\u00e7as respirat\u00f3rias t\u00eam aumentado em fun\u00e7\u00e3o da qualidade do ar neste per\u00edodo de seca.<\/p>\n<p>\u201cA gente tem uma prote\u00e7\u00e3o nas vias respirat\u00f3rias, que \u00e9 a produ\u00e7\u00e3o de muco e o batimento ciliar, que funciona como uma vassoura, que vai varrer algumas part\u00edculas para fora do nosso pulm\u00e3o. O muco tamb\u00e9m funciona umedecendo, lubrificando e expelindo, ajudando a expelir essas part\u00edculas. Quando o ar est\u00e1 seco, todo esse sistema mucociliar acaba sendo prejudicado e favorece a prolifera\u00e7\u00e3o de doen\u00e7as respirat\u00f3rias e a perman\u00eancia de alguns germes no nosso sistema respirat\u00f3rio.\u201d<\/p>\n<p>A infectologista tamb\u00e9m chama aten\u00e7\u00e3o para os grupos de risco para doen\u00e7as respirat\u00f3rias.<\/p>\n<p>\u201cAs pessoas que mais adoecem de doen\u00e7as infecciosas, como Covid-19, influenza e outras, s\u00e3o os extremos de vida. S\u00e3o as crian\u00e7as menores de 5 anos e os adultos maiores de 60 anos. As crian\u00e7as t\u00eam uma respira\u00e7\u00e3o mais r\u00e1pida, ent\u00e3o acabam respirando mais ar polu\u00eddo e tamb\u00e9m o sistema imunol\u00f3gico n\u00e3o est\u00e1 totalmente maduro. E maior de 60 anos por causa do pr\u00f3prio processo de senesc\u00eancia, de envelhecimento celular, que tamb\u00e9m leva a quadros de defici\u00eancia imunol\u00f3gica.\u201d<\/p>\n<p>A aposentada Luzia Rodrigues de Faria Franco, de 80 anos \u2014 moradora de Bras\u00edlia no Distrito Federal \u2014, teve Covid-19 recentemente. Ela conta que os sintomas pioraram em fun\u00e7\u00e3o da seca e das queimadas na regi\u00e3o.<\/p>\n<p>\u201cA princ\u00edpio come\u00e7ou com espirro, tosse, coriza, dor no corpo, dor de cabe\u00e7a, dor no seio da face, muita indisposi\u00e7\u00e3o, falta de apetite. Claro que piorou por causa da seca, porque foi muita fuma\u00e7a, eu senti falta de ar, senti cansa\u00e7o, muita indisposi\u00e7\u00e3o e muita secura na garganta, na boca. Esse tempo seco me deixou muito debilitada, porque eu j\u00e1 tenho problema respirat\u00f3rio, tenho sinusite, e foi juntando tudo.\u201d<\/p>\n<h2>Espalhamento dos casos e dos \u00f3bitos pelo pa\u00eds<\/h2>\n<p>Nas \u00faltimas semanas epidemiol\u00f3gicas, os casos de SRAG associados \u00e0 Covid-19 estavam concentrados em Goi\u00e1s e S\u00e3o Paulo, regi\u00f5es de grande fluxo de pessoas de outros estados brasileiros. Mas, segundo o Boletim InfoGripe da Fiocruz, houve um espalhamento da doen\u00e7a para as demais regi\u00f5es do pa\u00eds, como Mato Grosso do Sul, Rio de Janeiro e Distrito Federal.\u00a0<\/p>\n<p>Segundo o painel de monitoramento do Minist\u00e9rio da Sa\u00fade, os estados com maior n\u00famero de \u00f3bitos pelo coronav\u00edrus na semana epidemiol\u00f3gica 36 foram Goi\u00e1s (15) e Paran\u00e1 (15), seguidos por Minas Gerais (13), Mato Grosso do Sul (7), Para\u00edba(3), Rio Grande do Sul (3) e Piau\u00ed (2). Amazonas, Bahia, Pernambuco, Rond\u00f4nia e Sergipe registraram uma morte por Covid-19 em cada estado. As demais unidades federativas n\u00e3o registraram nenhuma morte pela doen\u00e7a no per\u00edodo.<\/p>\n<p>Segundo a infectologista Joana D\u2019arc, o aumento dos casos ocorre onde h\u00e1 maior aglomera\u00e7\u00e3o de pessoas.<\/p>\n<p>\u201cEm S\u00e3o Paulo, a densidade populacional \u00e9 maior, as pessoas circulam muito de v\u00e1rios locais do pa\u00eds e do mundo. E esse aglomerado de pessoas e movimenta\u00e7\u00e3o em diferentes regi\u00f5es, passando por S\u00e3o Paulo, leva tamb\u00e9m a um aumento de doen\u00e7as, principalmente essas de transmiss\u00e3o respirat\u00f3ria e doen\u00e7as de contato.\u201d<\/p>\n<p>Por isso, a infectologista recomenda aumentar a ventila\u00e7\u00e3o dos ambientes e evitar aglomera\u00e7\u00f5es.<\/p>\n<p>\u201cEm um cen\u00e1rio como o atual, com polui\u00e7\u00e3o por causa de todas essas part\u00edculas, esses gases t\u00f3xicos que s\u00e3o lan\u00e7ados na atmosfera, um dos pilares para preven\u00e7\u00e3o de doen\u00e7as de transmiss\u00e3o respirat\u00f3ria \u00e9 estar em ambiente ventilado.\u201d<\/p>\n<h2>Preven\u00e7\u00e3o<\/h2>\n<p>O coordenador do N\u00facleo de Controle de Infec\u00e7\u00f5es do Hospital de Base do Distrito Federal, Julival Ribeiro, recomenda o uso de m\u00e1scaras em locais fechados e aglomerados, especialmente para os grupos de maior risco para a Covid-19, como idosos e imunossuprimidos.<\/p>\n<p>Outra recomenda\u00e7\u00e3o \u00e9 o uso do antiviral, sob recomenda\u00e7\u00e3o m\u00e9dica, para evitar o agravamento e os \u00f3bitos pela doen\u00e7a.<\/p>\n<p>\u201cO antiviral tem um impacto muito grande, dado nos primeiros cinco dias, quando indicado corretamente, para prevenir interna\u00e7\u00f5es e complica\u00e7\u00f5es graves da Covid-19. \u00c9 muito importante que as pessoas com sintomas gripais se dirijam \u00e0 unidade de sa\u00fade, porque pode ser tanto a Covid-19 quanto influenza, v\u00edrus sincicial respirat\u00f3rio (VSR) e precisa-se ter o diagn\u00f3stico correto para fazer o tratamento adequado para esses pacientes.\u201d<\/p>\n<p>O infectologista tamb\u00e9m recomenda que as pessoas completem o esquema vacinal contra a Covid-19, principalmente para prevenir as hospitaliza\u00e7\u00f5es e \u00f3bitos pela doen\u00e7a.<\/p>\n<h2>Demais doen\u00e7as respirat\u00f3rias<\/h2>\n<p>O Boletim InfoGripe da Fiocruz tem como base os dados inseridos no Sistema de Informa\u00e7\u00e3o da Vigil\u00e2ncia Epidemiol\u00f3gica da Gripe e apresenta dados sobre outros v\u00edrus respirat\u00f3rios, como VSR, rinov\u00edrus, influenza e Covid-19.\u00a0<\/p>\n<p><strong><u>VSR: V\u00edrus Sincicial Respirat\u00f3rio<\/u><\/strong><\/p>\n<p>Este v\u00edrus atinge, principalmente, crian\u00e7as pequenas \u2014 de at\u00e9 dois anos \u2014 ou idosos acima de 65 anos. Geralmente \u00e9 o respons\u00e1vel pelos casos de bronquiolite em crian\u00e7as pequenas.\u00a0<\/p>\n<p>Segundo a pesquisadora da Fiocruz Tatiana Portella, \u201cos sintomas s\u00e3o parecidos com os da gripe: dor de garganta, calafrios, coriza, tosse. Mas \u00e9 preciso prestar aten\u00e7\u00e3o nos sintomas das crian\u00e7as pequenas. Verificar se elas est\u00e3o com dificuldade de respirar, com os l\u00e1bios arroxeados \u2014 isso pode ser um indicativo que ela est\u00e1 evoluindo para uma forma mais grave da doen\u00e7a. Nesses casos, \u00e9 preciso procurar atendimento m\u00e9dico r\u00e1pido\u201d.<\/p>\n<p><strong><u>Influenza A ou H1N1<\/u><\/strong><\/p>\n<p>Trata-se do v\u00edrus da gripe. Com alta circula\u00e7\u00e3o pelo pa\u00eds, sobretudo este ano, a Influenza A tamb\u00e9m \u00e9 conhecida como H1N1 \u2014 anteriormente chamada de gripe su\u00edna.<br \/>\n\u201cGeralmente ele pode dar uma febre mais repentina, mas tem os sintomas muito parecidos com outros v\u00edrus respirat\u00f3rios, como tosse coriza, calafrios. Ele atinge todas as faixas et\u00e1rias, mas assim como os outros v\u00edrus, evolui de forma mais grave nos idosos, crian\u00e7as pequenas e pessoas com comorbidades\u201d, explica Portella.<\/p>\n<p><strong><u>Rinov\u00edrus<\/u><\/strong>\u00a0<\/p>\n<p>Assim como o VSR, atinge crian\u00e7as pequenas e pode evoluir para casos de bronquite. Mas \u00e9 uma doen\u00e7a autolimitada \u201cque vai se curar sozinha entre 7 e 14 dias\u201d, explica a pesquisadora.\u00a0<\/p>\n<p>\u201cMas ele pode evoluir para as formas mais graves em crian\u00e7as pequenas que tenham hist\u00f3rico de asma, doen\u00e7a cr\u00f4nica no pulm\u00e3o, imunossuprimidos.\u201d Tatiana ainda explica que o rinov\u00edrus pode ter uma comportamento sazonal \u2014 como Influenza e VSR \u2014 e neste momento a Fiocruz observa uma incid\u00eancia alta desse v\u00edrus em crian\u00e7as pequenas e adolescentes.<\/p>\n<p><strong><a href=\"https:\/\/brasil61.com\/n\/covid-19-boletim-infogripe-registra-aumento-de-casos-em-ms-rj-e-df-bras2412637\" target=\"_blank\" rel=\"noopener\">Covid-19: boletim InfoGripe registra aumento de casos em MS, RJ e DF<\/a><\/strong><\/p>\n<p><strong><a href=\"https:\/\/brasil61.com\/n\/covid-19-etiqueta-respiratoria-deve-ser-mantida-para-prevencao-contra-doenca-pdms242897\" target=\"_blank\" rel=\"noopener\">COVID-19: \u201cEtiqueta respirat\u00f3ria\u201d deve ser mantida para preven\u00e7\u00e3o contra doen\u00e7a<\/a><\/strong><\/p>\n<p>\t\t\t\t\t\t\t\t\t<img loading=\"lazy\" decoding=\"async\" src=\"https:\/\/brasil61.com\/api\/v1\/serve_pixel\/17677\/77139\" alt=\"Pixel Brasil 61\" class=\"b61_pixel\" width=\"0\" height=\"0\"><\/p>\n<input type=\"hidden\" id=\"baseurl\" value=\"https:\/\/noticiasdestaque.com.br\"><input type=\"hidden\" id=\"audio_nonce\" value=\"6a24ca502e\">","protected":false},"excerpt":{"rendered":"<p>Minist\u00e9rio da Sa\u00fade registrou 288 \u00f3bitos pela Covid-19 nas \u00faltimas quatro semanas epidemiol\u00f3gicas<\/p>\n","protected":false},"author":1,"featured_media":38420,"comment_status":"open","ping_status":"open","sticky":false,"template":"","format":"standard","meta":{"fifu_image_url":"","fifu_image_alt":"","footnotes":""},"categories":[51],"tags":[],"class_list":["post-38419","post","type-post","status-publish","format-standard","has-post-thumbnail","hentry","category-saude"],"distributor_meta":false,"distributor_terms":false,"distributor_media":false,"distributor_original_site_name":"Noticias em Destaque","distributor_original_site_url":"https:\/\/noticiasdestaque.com.br","push-errors":false,"_links":{"self":[{"href":"https:\/\/noticiasdestaque.com.br\/index.php\/wp-json\/wp\/v2\/posts\/38419","targetHints":{"allow":["GET"]}}],"collection":[{"href":"https:\/\/noticiasdestaque.com.br\/index.php\/wp-json\/wp\/v2\/posts"}],"about":[{"href":"https:\/\/noticiasdestaque.com.br\/index.php\/wp-json\/wp\/v2\/types\/post"}],"author":[{"embeddable":true,"href":"https:\/\/noticiasdestaque.com.br\/index.php\/wp-json\/wp\/v2\/users\/1"}],"replies":[{"embeddable":true,"href":"https:\/\/noticiasdestaque.com.br\/index.php\/wp-json\/wp\/v2\/comments?post=38419"}],"version-history":[{"count":0,"href":"https:\/\/noticiasdestaque.com.br\/index.php\/wp-json\/wp\/v2\/posts\/38419\/revisions"}],"wp:featuredmedia":[{"embeddable":true,"href":"https:\/\/noticiasdestaque.com.br\/index.php\/wp-json\/wp\/v2\/media\/38420"}],"wp:attachment":[{"href":"https:\/\/noticiasdestaque.com.br\/index.php\/wp-json\/wp\/v2\/media?parent=38419"}],"wp:term":[{"taxonomy":"category","embeddable":true,"href":"https:\/\/noticiasdestaque.com.br\/index.php\/wp-json\/wp\/v2\/categories?post=38419"},{"taxonomy":"post_tag","embeddable":true,"href":"https:\/\/noticiasdestaque.com.br\/index.php\/wp-json\/wp\/v2\/tags?post=38419"}],"curies":[{"name":"wp","href":"https:\/\/api.w.org\/{rel}","templated":true}]}}