{"id":38417,"date":"2024-09-16T18:57:00","date_gmt":"2024-09-16T21:57:00","guid":{"rendered":"https:\/\/noticiasdestaque.com.br\/index.php\/2024\/09\/16\/preciso-me-vacinar-contra-doencas-que-ja-estao-quase-erradicadas\/"},"modified":"2024-09-16T18:57:00","modified_gmt":"2024-09-16T21:57:00","slug":"preciso-me-vacinar-contra-doencas-que-ja-estao-quase-erradicadas","status":"publish","type":"post","link":"https:\/\/noticiasdestaque.com.br\/index.php\/2024\/09\/16\/preciso-me-vacinar-contra-doencas-que-ja-estao-quase-erradicadas\/","title":{"rendered":"Preciso me vacinar contra doen\u00e7as que j\u00e1 est\u00e3o quase erradicadas?"},"content":{"rendered":"<p>\t\t\t\t\t\t\t\t\t\t<audio controls class=\"b61_audio_player\" data-noticia=\"77073\" src=\"https:\/\/brasil61.com\/rails\/active_storage\/blobs\/eyJfcmFpbHMiOnsibWVzc2FnZSI6IkJBaHBBd0FDQXc9PSIsImV4cCI6bnVsbCwicHVyIjoiYmxvYl9pZCJ9fQ==--f04eac713942f36a91aac03741aaed1801c05d10\/BLOG240607A\"><\/audio><\/p>\n<p>As vacinas t\u00eam historicamente reduzido a incid\u00eancia de doen\u00e7as graves, como poliomielite, sarampo e febre amarela. Apesar do sucesso da imuniza\u00e7\u00e3o, isso pode criar uma falsa sensa\u00e7\u00e3o de seguran\u00e7a, levando a crer que essas doen\u00e7as n\u00e3o representam mais riscos. No entanto, \u00e9 justamente a vacina\u00e7\u00e3o que tornou essas doen\u00e7as raras, e \u00e9 crucial continuar se vacinando para evitar novos surtos e epidemias. Mesmo que uma doen\u00e7a pare\u00e7a erradicada, a vacina\u00e7\u00e3o permanece necess\u00e1ria. Em caso de d\u00favidas, consulte seu m\u00e9dico.<\/p>\n<p>Saiba mais sobre este assunto. Veja ao v\u00eddeo com a explica\u00e7\u00e3o do especialista:<\/p>\n<\/p>\n<p>Tenha acesso aos conte\u00fados do Doutor Ajuda. Acesse: <a href=\"http:\/\/www.portaldoutorajuda.com.br\">www.portaldoutorajuda.com.br<\/a>.<br \/>\n\u00a0<\/p>\n<p>\t\t\t\t\t\t\t\t\t<img loading=\"lazy\" decoding=\"async\" src=\"https:\/\/brasil61.com\/api\/v1\/serve_pixel\/17677\/77073\" alt=\"Pixel Brasil 61\" class=\"b61_pixel\" width=\"0\" height=\"0\"><\/p>\n<input type=\"hidden\" id=\"baseurl\" value=\"https:\/\/noticiasdestaque.com.br\"><input type=\"hidden\" id=\"audio_nonce\" value=\"6a24ca502e\">","protected":false},"excerpt":{"rendered":"<p>Neste epis\u00f3dio, a Infectologista Dra. Juliana Oliveira da Silva (CRM: 146.533\/ SP | RQE: 32.970) responde se \u00e9 preciso tomar vacinas de doen\u00e7as erradicadas.<\/p>\n","protected":false},"author":1,"featured_media":38418,"comment_status":"open","ping_status":"open","sticky":false,"template":"","format":"standard","meta":{"fifu_image_url":"","fifu_image_alt":"","footnotes":""},"categories":[51],"tags":[],"class_list":["post-38417","post","type-post","status-publish","format-standard","has-post-thumbnail","hentry","category-saude"],"distributor_meta":false,"distributor_terms":false,"distributor_media":false,"distributor_original_site_name":"Noticias em Destaque","distributor_original_site_url":"https:\/\/noticiasdestaque.com.br","push-errors":false,"_links":{"self":[{"href":"https:\/\/noticiasdestaque.com.br\/index.php\/wp-json\/wp\/v2\/posts\/38417","targetHints":{"allow":["GET"]}}],"collection":[{"href":"https:\/\/noticiasdestaque.com.br\/index.php\/wp-json\/wp\/v2\/posts"}],"about":[{"href":"https:\/\/noticiasdestaque.com.br\/index.php\/wp-json\/wp\/v2\/types\/post"}],"author":[{"embeddable":true,"href":"https:\/\/noticiasdestaque.com.br\/index.php\/wp-json\/wp\/v2\/users\/1"}],"replies":[{"embeddable":true,"href":"https:\/\/noticiasdestaque.com.br\/index.php\/wp-json\/wp\/v2\/comments?post=38417"}],"version-history":[{"count":0,"href":"https:\/\/noticiasdestaque.com.br\/index.php\/wp-json\/wp\/v2\/posts\/38417\/revisions"}],"wp:featuredmedia":[{"embeddable":true,"href":"https:\/\/noticiasdestaque.com.br\/index.php\/wp-json\/wp\/v2\/media\/38418"}],"wp:attachment":[{"href":"https:\/\/noticiasdestaque.com.br\/index.php\/wp-json\/wp\/v2\/media?parent=38417"}],"wp:term":[{"taxonomy":"category","embeddable":true,"href":"https:\/\/noticiasdestaque.com.br\/index.php\/wp-json\/wp\/v2\/categories?post=38417"},{"taxonomy":"post_tag","embeddable":true,"href":"https:\/\/noticiasdestaque.com.br\/index.php\/wp-json\/wp\/v2\/tags?post=38417"}],"curies":[{"name":"wp","href":"https:\/\/api.w.org\/{rel}","templated":true}]}}