{"id":38408,"date":"2024-09-16T03:06:00","date_gmt":"2024-09-16T06:06:00","guid":{"rendered":"https:\/\/noticiasdestaque.com.br\/index.php\/2024\/09\/16\/queimadas-ms-divulga-orientacoes-a-gestores-publicos-para-minimizar-efeitos-da-fumaca-na-saude\/"},"modified":"2024-09-16T03:06:00","modified_gmt":"2024-09-16T06:06:00","slug":"queimadas-ms-divulga-orientacoes-a-gestores-publicos-para-minimizar-efeitos-da-fumaca-na-saude","status":"publish","type":"post","link":"https:\/\/noticiasdestaque.com.br\/index.php\/2024\/09\/16\/queimadas-ms-divulga-orientacoes-a-gestores-publicos-para-minimizar-efeitos-da-fumaca-na-saude\/","title":{"rendered":"QUEIMADAS: MS divulga orienta\u00e7\u00f5es a gestores p\u00fablicos para minimizar efeitos da fuma\u00e7a na sa\u00fade"},"content":{"rendered":"<p>\t\t\t\t\t\t\t\t\t\t<audio controls class=\"b61_audio_player\" data-noticia=\"76709\" src=\"https:\/\/brasil61.com\/rails\/active_storage\/blobs\/eyJfcmFpbHMiOnsibWVzc2FnZSI6IkJBaHBBNHNBQXc9PSIsImV4cCI6bnVsbCwicHVyIjoiYmxvYl9pZCJ9fQ==--5c705bfc3c40828d9356829157f9891f6f92f4d6\/BRAS2412631A\"><\/audio><\/p>\n<p>Entre os estados brasileiros, Mato Grosso registra a maior quantidade de focos de queimadas em 2024, at\u00e9 o momento. De acordo com <a href=\"https:\/\/terrabrasilis.dpi.inpe.br\/queimadas\/situacao-atual\/situacao_atual\/\" target=\"_blank\" rel=\"noopener\">dados<\/a> do Instituto Nacional de Pesquisas Espaciais (INPE), a unidade da federa\u00e7\u00e3o respondia, at\u00e9 essa quarta-feira (11), por 38.279 registros. Na sequ\u00eancia, aparecem Par\u00e1 e Amazonas, com 29.712 e 17.855 focos, respectivamente. Em todo o pa\u00eds, de acordo com o INPE, o n\u00famero chega a 172.815.<\/p>\n<p>Essa situa\u00e7\u00e3o acende um alerta n\u00e3o apenas para a popula\u00e7\u00e3o, mas, principalmente, para os gestores p\u00fablicos. Como o quadro contribui para problemas respirat\u00f3rios nas pessoas, o <a href=\"https:\/\/www.gov.br\/saude\/pt-br\" target=\"_blank\" rel=\"noopener\">Minist\u00e9rio da Sa\u00fade<\/a> divulgou novas orienta\u00e7\u00f5es que ajudam governadores e prefeitos, por exemplo, a agirem com o intuito de minimizar os casos de doen\u00e7as relacionadas \u00e0 inala\u00e7\u00e3o de fuma\u00e7a.\u00a0<\/p>\n<h2>Confira algumas recomenda\u00e7\u00f5es:<\/h2>\n<ul>\n<li>Refor\u00e7ar o atendimento nos servi\u00e7os de aten\u00e7\u00e3o \u00e0 sa\u00fade, especialmente nas Unidades B\u00e1sicas de Sa\u00fade (UBS) e Unidades de Pronto Atendimento (UPA);<\/li>\n<li>Monitorar as informa\u00e7\u00f5es de qualidade do ar, umidade relativa do ar e temperatura;<\/li>\n<li>Monitorar oferta e qualidade da \u00e1gua e garantir \u00e0 popula\u00e7\u00e3o o acesso \u00e0 \u00e1gua pot\u00e1vel, com pontos de distribui\u00e7\u00e3o e bebedouros p\u00fablicos, em especial em \u00e1reas remotas e de maior vulnerabilidade social;<\/li>\n<li>Garantir a oferta adequada de pontos de hidrata\u00e7\u00e3o e nebuliza\u00e7\u00e3o, avaliando a necessidade de novas estruturas junto aos servi\u00e7os de sa\u00fade (tendas e salas de hidrata\u00e7\u00e3o);<\/li>\n<li>Capacitar e orientar equipes de aten\u00e7\u00e3o \u00e0 sa\u00fade para compartilhar informa\u00e7\u00f5es com a popula\u00e7\u00e3o, identificar e manejar em tempo oportuno riscos e agravos \u00e0 sa\u00fade, especialmente em pessoas com comorbidades, crian\u00e7as, gestantes e idosos;<\/li>\n<li>Refor\u00e7ar a\u00e7\u00f5es de promo\u00e7\u00e3o e aten\u00e7\u00e3o \u00e0 sa\u00fade mental.<\/li>\n<\/ul>\n<p>Segundo a ministra da Sa\u00fade, N\u00edsia Trindade, todas as esferas de governo precisam estar envolvidas, agindo em \u00e1reas que ofere\u00e7am maior suporte \u00e0 popula\u00e7\u00e3o afetada. \u201cO minist\u00e9rio tem toda uma orienta\u00e7\u00e3o para situa\u00e7\u00e3o de emerg\u00eancias, mas ele vai estar combinado, nesse momento, com essas visitas de apoio que estaremos fazendo, contando com a For\u00e7a Nacional. E um aspecto que n\u00f3s sabemos que \u00e9 muito importante \u00e9 o sofrimento ps\u00edquico, que acompanha todo esse quadro. A tens\u00e3o, a sensa\u00e7\u00e3o de risco e de grande abalo\u201d, disse.\u00a0<\/p>\n<p><a href=\"https:\/\/brasil61.com\/n\/brasil-tem-aumento-de-107-nos-focos-de-incendios-florestais-bras2412614\" target=\"_blank\" rel=\"noopener\">Brasil tem aumento de 107% nos focos de inc\u00eandios florestais<\/a><\/p>\n<p><a href=\"https:\/\/brasil61.com\/n\/situacao-de-emergencia-reconhecimento-reduz-burocracia-na-liberacao-de-recursos-bras2412564\" target=\"_blank\" rel=\"noopener\">Situa\u00e7\u00e3o de emerg\u00eancia: reconhecimento reduz burocracia na libera\u00e7\u00e3o de recursos<\/a><\/p>\n<p>Ainda de acordo com a Pasta, nas \u00faltimas duas semanas de agosto foi constatada uma eleva\u00e7\u00e3o na quantidade de atendimentos por n\u00e1useas e v\u00f4mitos, em compara\u00e7\u00e3o com a m\u00e9dia hist\u00f3rica desde 2022. Os estados mais afetados foram Goi\u00e1s (46%), Mato Grosso (58%), Distrito Federal (99%) e Tocantins (191%).<\/p>\n<p>Segundo a otorrinolaringologista Marcela Suman, a fuma\u00e7a provocada pelas queimadas cont\u00e9m componentes t\u00f3xicos prejudiciais ao sistema respirat\u00f3rio, \u00e0 mucosa da boca e \u00e0 sa\u00fade dos olhos. Os principais sintomas citados por ela s\u00e3o obstru\u00e7\u00e3o nasal; coceira com ard\u00eancia nos olhos, nariz e boca; lacrimejamento ou vermelhid\u00e3o nos olhos; tosse seca e intensa; sensa\u00e7\u00e3o de falta de ar, entre outros. Por isso, Marcela tamb\u00e9m recomenda aumentar a hidrata\u00e7\u00e3o.\u00a0<\/p>\n<p>\u201cPorque por meio da \u00e1gua, a gente consegue filtrar tudo isso que \u00e9 t\u00f3xico, que vai para a corrente sangu\u00ednea. [\u00c9 preciso] manter a casa sempre limpa, fechada e umidificada. \u00c9 bom lembrar de evitar vassouras, para n\u00e3o deixar essas part\u00edculas de fuligem e de sujeira mais suspensas [no ar]. E umidificar o ambiente da casa com vaporizadores, umidificadores, bacias com \u00e1gua ou at\u00e9 mesmo toalhas molhadas espalhadas pelo ambiente. Evitar, se poss\u00edvel, sair de casa enquanto houver essa fuma\u00e7a t\u00f3xica que a gente consegue visualizar na atmosfera local. E se for necess\u00e1rio sair e a fuma\u00e7a realmente estiver em evid\u00eancia, tentar usar m\u00e1scara\u201d, orienta.\u00a0<\/p>\n<h2>Focos de queimadas registrados em 2024, at\u00e9 o momento, por estado:\u00a0<\/h2>\n<ul>\n<li>MATO GROSSO&#8230;&#8230;&#8230;&#8230;&#8230;&#8230;&#8230;&#8230;&#8230;&#8230;&#8230;&#8230;&#8230;&#8230;&#8230;&#8230;&#8230;&#8230;&#8230;&#8230;&#8230;&#8230;&#8230;&#8230;&#8230;&#8230;.(38.279)<\/li>\n<li>PAR\u00c1&#8230;&#8230;&#8230;&#8230;&#8230;&#8230;&#8230;&#8230;&#8230;&#8230;&#8230;&#8230;&#8230;&#8230;&#8230;&#8230;&#8230;&#8230;&#8230;&#8230;&#8230;&#8230;&#8230;&#8230;&#8230;&#8230;&#8230;&#8230;&#8230;&#8230;&#8230;..(29.712)<\/li>\n<li>AMAZONAS&#8230;&#8230;&#8230;&#8230;&#8230;&#8230;&#8230;&#8230;&#8230;&#8230;&#8230;&#8230;&#8230;&#8230;&#8230;&#8230;&#8230;&#8230;&#8230;&#8230;&#8230;&#8230;&#8230;&#8230;&#8230;&#8230;&#8230;&#8230;.(17.855)<\/li>\n<li>TOCANTINS&#8230;&#8230;&#8230;&#8230;&#8230;&#8230;&#8230;&#8230;&#8230;&#8230;&#8230;&#8230;&#8230;&#8230;&#8230;&#8230;&#8230;&#8230;&#8230;&#8230;&#8230;&#8230;&#8230;&#8230;&#8230;&#8230;&#8230;&#8230;.(12.329)<\/li>\n<li>MATO GROSSO DO SUL&#8230;&#8230;&#8230;&#8230;&#8230;&#8230;&#8230;&#8230;&#8230;&#8230;&#8230;&#8230;&#8230;&#8230;&#8230;&#8230;&#8230;&#8230;&#8230;&#8230;&#8230;&#8230;(11.418)<\/li>\n<li>MARANH\u00c3O&#8230;&#8230;&#8230;&#8230;&#8230;&#8230;&#8230;&#8230;&#8230;&#8230;&#8230;&#8230;&#8230;&#8230;&#8230;&#8230;&#8230;&#8230;&#8230;&#8230;&#8230;&#8230;&#8230;&#8230;&#8230;&#8230;&#8230;&#8230;..(9.519)<\/li>\n<li>MINAS GERAIS&#8230;&#8230;&#8230;&#8230;&#8230;&#8230;&#8230;&#8230;&#8230;&#8230;&#8230;&#8230;&#8230;&#8230;&#8230;&#8230;&#8230;&#8230;&#8230;&#8230;&#8230;&#8230;&#8230;&#8230;&#8230;&#8230;&#8230;.(7.987)<\/li>\n<li>ROND\u00d4NIA&#8230;&#8230;&#8230;&#8230;&#8230;&#8230;&#8230;&#8230;&#8230;&#8230;&#8230;&#8230;&#8230;&#8230;&#8230;&#8230;&#8230;&#8230;&#8230;&#8230;&#8230;&#8230;&#8230;&#8230;&#8230;&#8230;&#8230;&#8230;&#8230;(7.695)<\/li>\n<li>S\u00c3O PAULO&#8230;&#8230;&#8230;&#8230;&#8230;&#8230;&#8230;&#8230;&#8230;&#8230;&#8230;&#8230;&#8230;&#8230;&#8230;&#8230;&#8230;&#8230;&#8230;&#8230;&#8230;&#8230;&#8230;&#8230;&#8230;&#8230;&#8230;&#8230;..(6.717)<\/li>\n<li>GOI\u00c1S&#8230;&#8230;&#8230;&#8230;&#8230;&#8230;&#8230;&#8230;&#8230;&#8230;&#8230;&#8230;&#8230;&#8230;&#8230;&#8230;&#8230;&#8230;&#8230;&#8230;&#8230;&#8230;&#8230;&#8230;&#8230;&#8230;&#8230;&#8230;&#8230;&#8230;&#8230;&#8230;5.059)<\/li>\n<li>RORAIMA&#8230;&#8230;&#8230;&#8230;&#8230;&#8230;&#8230;&#8230;&#8230;&#8230;&#8230;&#8230;&#8230;&#8230;&#8230;&#8230;&#8230;&#8230;&#8230;&#8230;&#8230;&#8230;&#8230;&#8230;&#8230;&#8230;&#8230;&#8230;&#8230;..(4.698)<\/li>\n<li>ACRE&#8230;&#8230;&#8230;&#8230;&#8230;&#8230;&#8230;&#8230;&#8230;&#8230;&#8230;&#8230;&#8230;&#8230;&#8230;&#8230;&#8230;&#8230;&#8230;&#8230;&#8230;&#8230;&#8230;&#8230;&#8230;&#8230;&#8230;&#8230;&#8230;&#8230;&#8230;&#8230;.(4.535)<\/li>\n<li>BAHIA&#8230;&#8230;&#8230;&#8230;&#8230;&#8230;&#8230;&#8230;&#8230;&#8230;&#8230;&#8230;&#8230;&#8230;&#8230;&#8230;&#8230;&#8230;&#8230;&#8230;&#8230;&#8230;&#8230;&#8230;&#8230;&#8230;&#8230;&#8230;&#8230;&#8230;&#8230;..(4.329)<\/li>\n<li>PIAU\u00cd&#8230;&#8230;&#8230;&#8230;&#8230;&#8230;&#8230;&#8230;&#8230;&#8230;&#8230;&#8230;&#8230;&#8230;&#8230;&#8230;&#8230;&#8230;&#8230;&#8230;&#8230;&#8230;&#8230;&#8230;&#8230;&#8230;&#8230;&#8230;&#8230;&#8230;&#8230;&#8230;(4.188)<\/li>\n<li>PARAN\u00c1&#8230;&#8230;&#8230;&#8230;&#8230;&#8230;&#8230;&#8230;&#8230;&#8230;&#8230;&#8230;&#8230;&#8230;&#8230;&#8230;&#8230;&#8230;&#8230;&#8230;&#8230;&#8230;&#8230;&#8230;&#8230;&#8230;&#8230;&#8230;&#8230;&#8230;..(2.268)<\/li>\n<li>SANTA CATARINA&#8230;&#8230;&#8230;&#8230;&#8230;&#8230;&#8230;&#8230;&#8230;&#8230;&#8230;&#8230;&#8230;&#8230;&#8230;&#8230;&#8230;&#8230;&#8230;&#8230;&#8230;&#8230;&#8230;&#8230;&#8230;..(1.601)<\/li>\n<li>RIO GRANDE DO SUL&#8230;&#8230;&#8230;&#8230;&#8230;&#8230;&#8230;&#8230;&#8230;&#8230;&#8230;&#8230;&#8230;&#8230;&#8230;&#8230;&#8230;&#8230;&#8230;&#8230;&#8230;&#8230;&#8230;&#8230;(1.412)<\/li>\n<li>RIO DE JANEIRO&#8230;&#8230;&#8230;&#8230;&#8230;&#8230;&#8230;&#8230;&#8230;&#8230;&#8230;&#8230;&#8230;&#8230;&#8230;&#8230;&#8230;&#8230;&#8230;&#8230;&#8230;&#8230;&#8230;&#8230;&#8230;&#8230;&#8230;.(821)<\/li>\n<li>CEAR\u00c1&#8230;&#8230;&#8230;&#8230;&#8230;&#8230;&#8230;&#8230;&#8230;&#8230;&#8230;&#8230;&#8230;&#8230;&#8230;&#8230;&#8230;&#8230;&#8230;&#8230;&#8230;&#8230;&#8230;&#8230;&#8230;&#8230;&#8230;&#8230;&#8230;&#8230;&#8230;&#8230;.(786)<\/li>\n<li>ESP\u00cdRITO SANTO&#8230;&#8230;&#8230;&#8230;&#8230;&#8230;&#8230;&#8230;&#8230;&#8230;&#8230;&#8230;&#8230;&#8230;&#8230;&#8230;&#8230;&#8230;&#8230;&#8230;&#8230;&#8230;&#8230;&#8230;&#8230;&#8230;&#8230;(456)<\/li>\n<li>PERNAMBUCO&#8230;&#8230;&#8230;&#8230;&#8230;&#8230;&#8230;&#8230;&#8230;&#8230;&#8230;&#8230;&#8230;&#8230;&#8230;&#8230;&#8230;&#8230;&#8230;&#8230;&#8230;&#8230;&#8230;&#8230;&#8230;&#8230;&#8230;&#8230;(367)<\/li>\n<li>DISTRITO FEDERAL&#8230;&#8230;&#8230;&#8230;&#8230;&#8230;&#8230;&#8230;&#8230;&#8230;&#8230;&#8230;&#8230;&#8230;&#8230;&#8230;&#8230;&#8230;&#8230;&#8230;&#8230;&#8230;&#8230;&#8230;&#8230;&#8230;(247)<\/li>\n<li>PARA\u00cdBA&#8230;&#8230;&#8230;&#8230;&#8230;&#8230;&#8230;&#8230;&#8230;&#8230;&#8230;&#8230;&#8230;&#8230;&#8230;&#8230;&#8230;&#8230;&#8230;&#8230;&#8230;&#8230;&#8230;&#8230;&#8230;&#8230;&#8230;&#8230;&#8230;&#8230;&#8230;.(148)<\/li>\n<li>RIO GRANDE DO NORTE&#8230;&#8230;&#8230;&#8230;&#8230;&#8230;&#8230;&#8230;&#8230;&#8230;&#8230;&#8230;&#8230;&#8230;&#8230;&#8230;&#8230;&#8230;&#8230;&#8230;&#8230;&#8230;&#8230;.(137)<\/li>\n<li>ALAGOAS&#8230;&#8230;&#8230;&#8230;&#8230;&#8230;&#8230;&#8230;&#8230;&#8230;&#8230;&#8230;&#8230;&#8230;&#8230;&#8230;&#8230;&#8230;&#8230;&#8230;&#8230;&#8230;&#8230;&#8230;&#8230;&#8230;&#8230;&#8230;&#8230;&#8230;&#8230;(131)<\/li>\n<li>SERGIPE&#8230;&#8230;&#8230;&#8230;&#8230;&#8230;&#8230;&#8230;&#8230;&#8230;&#8230;&#8230;&#8230;&#8230;&#8230;&#8230;&#8230;&#8230;&#8230;&#8230;&#8230;&#8230;&#8230;&#8230;&#8230;&#8230;&#8230;&#8230;&#8230;&#8230;&#8230;&#8230;.(74)<\/li>\n<li>AMAP\u00c1&#8230;&#8230;&#8230;&#8230;&#8230;&#8230;&#8230;&#8230;&#8230;&#8230;&#8230;&#8230;&#8230;&#8230;&#8230;&#8230;&#8230;&#8230;&#8230;&#8230;&#8230;&#8230;&#8230;&#8230;&#8230;&#8230;&#8230;&#8230;&#8230;&#8230;&#8230;&#8230;..(47)<\/li>\n<\/ul>\n<p>De acordo com <a href=\"https:\/\/cnm.org.br\/cms\/images\/stories\/Inc%C3%AAndios%20florestais%20castigam%20o%20Brasil%20no%20m%C3%AAs%20de%20agosto%2026.08.2024%20%281%29%20%285%29.pdf\" target=\"_blank\" rel=\"noopener\">levantamento<\/a> da Confedera\u00e7\u00e3o Nacional de Munic\u00edpios (CNM), at\u00e9 o dia 26 de agosto, por exemplo, foram registradas 167 decreta\u00e7\u00f5es municipais de situa\u00e7\u00e3o de emerg\u00eancia, em fun\u00e7\u00e3o de queimadas. No mesmo per\u00edodo do ano passado, o total foi de 57 decretos, notando- se um aumento de 193%. \u00a0<\/p>\n<p>\t\t\t\t\t\t\t\t\t<img loading=\"lazy\" decoding=\"async\" src=\"https:\/\/brasil61.com\/api\/v1\/serve_pixel\/17677\/76709\" alt=\"Pixel Brasil 61\" class=\"b61_pixel\" width=\"0\" height=\"0\"><\/p>\n<input type=\"hidden\" id=\"baseurl\" value=\"https:\/\/noticiasdestaque.com.br\"><input type=\"hidden\" id=\"audio_nonce\" value=\"6a24ca502e\">","protected":false},"excerpt":{"rendered":"<p>Entre as recomenda\u00e7\u00f5es est\u00e1 monitorar a oferta e qualidade da \u00e1gua e garantir \u00e0 popula\u00e7\u00e3o o acesso \u00e0 \u00e1gua pot\u00e1vel, com pontos de distribui\u00e7\u00e3o e bebedouros p\u00fablicos, em especial em \u00e1reas remotas e de maior vulnerabilidade social<\/p>\n","protected":false},"author":1,"featured_media":38409,"comment_status":"open","ping_status":"open","sticky":false,"template":"","format":"standard","meta":{"fifu_image_url":"","fifu_image_alt":"","footnotes":""},"categories":[51],"tags":[],"class_list":["post-38408","post","type-post","status-publish","format-standard","has-post-thumbnail","hentry","category-saude"],"distributor_meta":false,"distributor_terms":false,"distributor_media":false,"distributor_original_site_name":"Noticias em Destaque","distributor_original_site_url":"https:\/\/noticiasdestaque.com.br","push-errors":false,"_links":{"self":[{"href":"https:\/\/noticiasdestaque.com.br\/index.php\/wp-json\/wp\/v2\/posts\/38408","targetHints":{"allow":["GET"]}}],"collection":[{"href":"https:\/\/noticiasdestaque.com.br\/index.php\/wp-json\/wp\/v2\/posts"}],"about":[{"href":"https:\/\/noticiasdestaque.com.br\/index.php\/wp-json\/wp\/v2\/types\/post"}],"author":[{"embeddable":true,"href":"https:\/\/noticiasdestaque.com.br\/index.php\/wp-json\/wp\/v2\/users\/1"}],"replies":[{"embeddable":true,"href":"https:\/\/noticiasdestaque.com.br\/index.php\/wp-json\/wp\/v2\/comments?post=38408"}],"version-history":[{"count":0,"href":"https:\/\/noticiasdestaque.com.br\/index.php\/wp-json\/wp\/v2\/posts\/38408\/revisions"}],"wp:featuredmedia":[{"embeddable":true,"href":"https:\/\/noticiasdestaque.com.br\/index.php\/wp-json\/wp\/v2\/media\/38409"}],"wp:attachment":[{"href":"https:\/\/noticiasdestaque.com.br\/index.php\/wp-json\/wp\/v2\/media?parent=38408"}],"wp:term":[{"taxonomy":"category","embeddable":true,"href":"https:\/\/noticiasdestaque.com.br\/index.php\/wp-json\/wp\/v2\/categories?post=38408"},{"taxonomy":"post_tag","embeddable":true,"href":"https:\/\/noticiasdestaque.com.br\/index.php\/wp-json\/wp\/v2\/tags?post=38408"}],"curies":[{"name":"wp","href":"https:\/\/api.w.org\/{rel}","templated":true}]}}