{"id":38402,"date":"2024-09-07T00:04:00","date_gmt":"2024-09-07T03:04:00","guid":{"rendered":"https:\/\/noticiasdestaque.com.br\/index.php\/2024\/09\/07\/minas-gerais-amm-relata-falta-de-vacinas-em-todas-as-regioes-do-estado\/"},"modified":"2024-09-07T00:04:00","modified_gmt":"2024-09-07T03:04:00","slug":"minas-gerais-amm-relata-falta-de-vacinas-em-todas-as-regioes-do-estado","status":"publish","type":"post","link":"https:\/\/noticiasdestaque.com.br\/index.php\/2024\/09\/07\/minas-gerais-amm-relata-falta-de-vacinas-em-todas-as-regioes-do-estado\/","title":{"rendered":"Minas Gerais: AMM relata falta de vacinas em todas as regi\u00f5es do estado"},"content":{"rendered":"<p>\t\t\t\t\t\t\t\t\t\t<audio controls class=\"b61_audio_player\" data-noticia=\"76016\" src=\"https:\/\/brasil61.com\/rails\/active_storage\/blobs\/eyJfcmFpbHMiOnsibWVzc2FnZSI6IkJBaHBBMG45QWc9PSIsImV4cCI6bnVsbCwicHVyIjoiYmxvYl9pZCJ9fQ==--4f6aef017de13d3aaf870f7ce57ffd734a114bb8\/BRAS2412597A\"><\/audio><\/p>\n<p>Todas as regi\u00f5es do estado de Minas Gerais est\u00e3o com problemas relacionados \u00e0 falta de vacinas. \u00c9 o que revela levantamento divulgado nesta sexta-feira (6) pela Associa\u00e7\u00e3o Mineira de Munic\u00edpios <a href=\"https:\/\/portalamm.com\/\" target=\"_blank\" rel=\"noopener\">(AMM)<\/a>. De acordo com a entidade, todos os munic\u00edpios do estado relataram falta de algum tipo de vacina.<\/p>\n<p>Segundo o presidente da AMM e prefeito de Coronel Fabriciano, Dr. Marcos Vinicius, o quadro \u00e9 preocupante, uma vez que, caso n\u00e3o haja uma regulariza\u00e7\u00e3o da distribui\u00e7\u00e3o das vacinas aos munic\u00edpios, pode haver surto de v\u00e1rias doen\u00e7as.\u00a0<\/p>\n<p>\u201cA gente pode ter novamente um surto de sarampo, por exemplo. Isso n\u00e3o afeta s\u00f3 as pessoas adultas ou crian\u00e7as, mas tamb\u00e9m o feto. Ou seja, a gestante contaminada de sarampo pode levar ao aborto. Os danos e as sequelas s\u00e3o muitos. S\u00e3o sequelas que n\u00e3o estamos acostumados. S\u00e3o 30 anos sem ouvir falar disso\u201d, considera Marcos Vinicius, que tamb\u00e9m \u00e9 m\u00e9dico.\u00a0<\/p>\n<p>Ainda de acordo com o estudo, a falta da vacina contra a varicela, por exemplo, acontece em 93% dos munic\u00edpios analisados.<\/p>\n<p><img decoding=\"async\" style=\"width:100%\" alt=\"\" src=\"https:\/\/noticiasdestaque.com.br\/wp-content\/uploads\/2024\/09\/MinasGeraisAMMrelatafaltadevacinasemtodasasregiesdoestado_0626730001726693568.png\" \/><\/p>\n<h2>Relatos<\/h2>\n<ul>\n<li>Entre os principais problemas identificados pelos gestores ouvidos pela AMM, est\u00e1 a dificuldade significativa das aplica\u00e7\u00f5es devido \u00e0 falta cr\u00f4nica de vacinas espec\u00edficas, o que impacta a imuniza\u00e7\u00e3o e cobertura vacinal;<\/li>\n<li>Segundo a maioria, \u00e9 preciso melhorar a log\u00edstica, otimizar a distribui\u00e7\u00e3o, considerar frascos unidoses para reduzir desperd\u00edcio e garantir maior fornecimento durante as campanhas vacinais;<\/li>\n<li>A maioria dos entrevistados relatou atrasos de abastecimento de mais quatro meses. Por\u00e9m, h\u00e1 munic\u00edpios com atrasos de at\u00e9 dois anos;<\/li>\n<li>Alguns munic\u00edpios relataram que est\u00e3o perdendo a oportunidade de vacinar e que os cart\u00f5es das crian\u00e7as est\u00e3o ficando em atraso.<\/li>\n<\/ul>\n<p>A AMM afirma que j\u00e1 pediu explica\u00e7\u00f5es ao Minist\u00e9rio da Sa\u00fade, respons\u00e1vel pelo Programa Nacional de Imuniza\u00e7\u00f5es (PNI), em of\u00edcio protocolado no \u00faltimo dia 2 de setembro. Por\u00e9m, a entidade relata que, at\u00e9 o momento, n\u00e3o houve resposta oficial.\u00a0<\/p>\n<p><a href=\"https:\/\/brasil61.com\/n\/mpox-sao-paulo-lidera-ranking-de-estados-com-mais-casos-bras2412576\" target=\"_blank\" rel=\"noopener\">MPOX: S\u00e3o Paulo lidera ranking de estados com mais casos<\/a><\/p>\n<p><a href=\"https:\/\/brasil61.com\/n\/dengue-brasil-registra-6-5-milhoes-de-casos-provaveis-em-2024-bras2412577\" target=\"_blank\" rel=\"noopener\">Dengue: Brasil registra 6,5 milh\u00f5es de casos prov\u00e1veis em 2024<\/a><\/p>\n<p>No entanto, a reportagem do<strong> Brasil 61 <\/strong>entrou em contato com o Minist\u00e9rio da Sa\u00fade para perguntar sobre essa poss\u00edvel falta de vacinas em Minas Gerais. Por meio de nota, a Pasta respondeu que \u201cmant\u00e9m regular o envio de doses de vacinas para a Secretaria de Sa\u00fade de Minas Gerais, respons\u00e1vel por abastecer os munic\u00edpios.<\/p>\n<p>Foram distribu\u00eddas 4,8 milh\u00f5es de doses das setes vacinas em quest\u00e3o ao estado e, at\u00e9 o momento, o sistema de informa\u00e7\u00e3o registra 1,9 milh\u00e3o de doses aplicadas.\u201d\u00a0<br \/>\nAl\u00e9m disso, o minist\u00e9rio respondeu que, caso ocorra falta de vacinas em munic\u00edpios espec\u00edficos, a orienta\u00e7\u00e3o \u00e9 que \u201cseja feita a redistribui\u00e7\u00e3o de doses dentro do territ\u00f3rio.\u201d\u00a0<\/p>\n<p>\u201cSobre a oferta da vacina contra Meningo C, nas regi\u00f5es que registrarem falta, a orienta\u00e7\u00e3o do Minist\u00e9rio da Sa\u00fade \u00e9 para substitui\u00e7\u00e3o pela Meningo ACWY, de mesma efic\u00e1cia, cujos estoques est\u00e3o regularizados, mantendo a popula\u00e7\u00e3o protegida\u201d, complementa o Minist\u00e9rio da Sa\u00fade.\u00a0<\/p>\n<p>Confira os quantitativos de vacinas entregues e as doses aplicados em Minas Gerais em 2024, de acordo com o Minist\u00e9rio da Sa\u00fade.<\/p>\n<p><img decoding=\"async\" style=\"width:100%\" alt=\"\" src=\"https:\/\/noticiasdestaque.com.br\/wp-content\/uploads\/2024\/09\/MinasGeraisAMMrelatafaltadevacinasemtodasasregiesdoestado_0455671001726693569.jpeg\" \/><\/p>\n<p>O subsecret\u00e1rio de Vigil\u00e2ncia em Sa\u00fade de Minas Gerais, Eduardo Prosdocimi, afirma que a solu\u00e7\u00e3o do problema n\u00e3o est\u00e1 necessariamente ligada \u00e0 redistribui\u00e7\u00e3o das vacinas entre os munic\u00edpios. \u201cO que precisamos \u00e9 de mais doses. N\u00e3o h\u00e1 que se falar em deslocar doses. Precisamos ter o compromisso da entrega daquilo que foi planejado para atingirmos as metas de cobertura vacinal. Precisamos, de fato, que os procedimentos de compra e de contrata\u00e7\u00e3o do minist\u00e9rio e as eventuais quest\u00f5es que os laborat\u00f3rios estejam enfrentando sejam sanadas\u201d, destaca.\u00a0<\/p>\n<p>A pesquisa da AMM foi realizada com prefeitos e gestores de sa\u00fade, entre os dias 3 e 5 de setembro. O estudo ouviu 211 gestores de todas as regi\u00f5es de Minas Gerais.\u00a0<br \/>\n\u00a0<\/p>\n<p>\t\t\t\t\t\t\t\t\t<img loading=\"lazy\" decoding=\"async\" src=\"https:\/\/brasil61.com\/api\/v1\/serve_pixel\/17677\/76016\" alt=\"Pixel Brasil 61\" class=\"b61_pixel\" width=\"0\" height=\"0\"><\/p>\n<input type=\"hidden\" id=\"baseurl\" value=\"https:\/\/noticiasdestaque.com.br\"><input type=\"hidden\" id=\"audio_nonce\" value=\"6a24ca502e\">","protected":false},"excerpt":{"rendered":"<p>De acordo com a Associa\u00e7\u00e3o Mineira de Munic\u00edpios (AMM), a falta da vacina contra a varicela, por exemplo, acontece em 93% dos munic\u00edpios ouvidos pela entidade<\/p>\n","protected":false},"author":1,"featured_media":38403,"comment_status":"open","ping_status":"open","sticky":false,"template":"","format":"standard","meta":{"fifu_image_url":"","fifu_image_alt":"","footnotes":""},"categories":[51],"tags":[],"class_list":["post-38402","post","type-post","status-publish","format-standard","has-post-thumbnail","hentry","category-saude"],"distributor_meta":false,"distributor_terms":false,"distributor_media":false,"distributor_original_site_name":"Noticias em Destaque","distributor_original_site_url":"https:\/\/noticiasdestaque.com.br","push-errors":false,"_links":{"self":[{"href":"https:\/\/noticiasdestaque.com.br\/index.php\/wp-json\/wp\/v2\/posts\/38402","targetHints":{"allow":["GET"]}}],"collection":[{"href":"https:\/\/noticiasdestaque.com.br\/index.php\/wp-json\/wp\/v2\/posts"}],"about":[{"href":"https:\/\/noticiasdestaque.com.br\/index.php\/wp-json\/wp\/v2\/types\/post"}],"author":[{"embeddable":true,"href":"https:\/\/noticiasdestaque.com.br\/index.php\/wp-json\/wp\/v2\/users\/1"}],"replies":[{"embeddable":true,"href":"https:\/\/noticiasdestaque.com.br\/index.php\/wp-json\/wp\/v2\/comments?post=38402"}],"version-history":[{"count":0,"href":"https:\/\/noticiasdestaque.com.br\/index.php\/wp-json\/wp\/v2\/posts\/38402\/revisions"}],"wp:featuredmedia":[{"embeddable":true,"href":"https:\/\/noticiasdestaque.com.br\/index.php\/wp-json\/wp\/v2\/media\/38403"}],"wp:attachment":[{"href":"https:\/\/noticiasdestaque.com.br\/index.php\/wp-json\/wp\/v2\/media?parent=38402"}],"wp:term":[{"taxonomy":"category","embeddable":true,"href":"https:\/\/noticiasdestaque.com.br\/index.php\/wp-json\/wp\/v2\/categories?post=38402"},{"taxonomy":"post_tag","embeddable":true,"href":"https:\/\/noticiasdestaque.com.br\/index.php\/wp-json\/wp\/v2\/tags?post=38402"}],"curies":[{"name":"wp","href":"https:\/\/api.w.org\/{rel}","templated":true}]}}