{"id":38389,"date":"2024-09-17T03:03:00","date_gmt":"2024-09-17T06:03:00","guid":{"rendered":"https:\/\/noticiasdestaque.com.br\/index.php\/2024\/09\/17\/reforma-tributaria-audiencia-no-senado-debatera-alteracoes-para-o-simples-nacional\/"},"modified":"2024-09-17T03:03:00","modified_gmt":"2024-09-17T06:03:00","slug":"reforma-tributaria-audiencia-no-senado-debatera-alteracoes-para-o-simples-nacional","status":"publish","type":"post","link":"https:\/\/noticiasdestaque.com.br\/index.php\/2024\/09\/17\/reforma-tributaria-audiencia-no-senado-debatera-alteracoes-para-o-simples-nacional\/","title":{"rendered":"Reforma tribut\u00e1ria: audi\u00eancia no Senado debater\u00e1 altera\u00e7\u00f5es para o Simples Nacional"},"content":{"rendered":"<p>\t\t\t\t\t\t\t\t\t\t<audio controls class=\"b61_audio_player\" data-noticia=\"77069\" src=\"https:\/\/brasil61.com\/rails\/active_storage\/blobs\/eyJfcmFpbHMiOnsibWVzc2FnZSI6IkJBaHBBd1FDQXc9PSIsImV4cCI6bnVsbCwicHVyIjoiYmxvYl9pZCJ9fQ==--c22a8f1d2fc8cfb3bf134de5a300504f51b5fa5d\/BRAS2412649A\"><\/audio><\/p>\n<p>Mais uma audi\u00eancia p\u00fablica para discutir temas pol\u00eamicos da regulamenta\u00e7\u00e3o da reforma tribut\u00e1ria est\u00e1 marcada para o come\u00e7o de outubro na <a href=\"https:\/\/legis.senado.leg.br\/atividade\/comissoes\/comissao\/38\/\">Comiss\u00e3o de Assuntos Econ\u00f4micos do Senado<\/a>. Um dos temas propostos para a reuni\u00e3o s\u00e3o altera\u00e7\u00f5es para o Simples Nacional que, segundo representantes da entidades que defendem empresas de micro e pequeno porte, ser\u00e3o muito prejudicadas com a reforma.\u00a0<\/p>\n<p>Uma das institui\u00e7\u00f5es que encabe\u00e7am essa luta no Congresso \u00e9 a <a href=\"https:\/\/www.fecomercio.com.br\/\">Fecom\u00e9rcio-SP<\/a>. A Federa\u00e7\u00e3o tem mais de 130 sindicatos associados e representa mais de 2 milh\u00f5es de empresas ligadas a com\u00e9rcio, servi\u00e7os e turismo. Segundo a assessora jur\u00eddica da Fecom\u00e9rcio-SP, Sarina Manata, o Simples \u00e9 um dos principais pleitos da Fecom\u00e9rcio na Reforma, sobretudo para n\u00e3o prejudicar empresas que est\u00e3o no meio da cadeia, ou seja, que vendem ou prestam servi\u00e7os para outras empresas.\u00a0<\/p>\n<p>\u201cO texto que a gente est\u00e1 discutindo agora \u00e9 o PLP 68, ele s\u00f3 permite transferir o que a empresa pagou por meio do Simples dos novos tributos dentro do regime \u00fanico \u2014 que \u00e9 um percentual muito inferior ao que a gente est\u00e1 debatendo. J\u00e1 estamos falando de uma al\u00edquota de 28% de IBS e CBS e tem algumas situa\u00e7\u00f5es que o percentual chega a 5% dentro do Simples.\u201d\u00a0<\/p>\n<p>O que, para a assessora, faz com que as empresas menores percam competitividade em rela\u00e7\u00e3o \u00e0s maiores. J\u00e1 que o cr\u00e9dito gerado pelas empresas regulares \u2014 que n\u00e3o est\u00e3o enquadradas no regime do Simples \u2014 seria muito maior, de at\u00e9 28%.\u00a0<\/p>\n<h2>Emendas\u00a0<\/h2>\n<p>Duas emendas ao texto que regulamenta a Reforma \u2014 PLP 68\/24 \u2014 foram propostas e podem resolver parcialmente a quest\u00e3o. A primeira proposta tem a ver com o sistema atual e permitiria a transfer\u00eancia do cr\u00e9dito integral com rela\u00e7\u00e3o \u00e0 CBS. A assessora da Fecom\u00e9rcio-SP detalha a segunda proposta de emenda.\u00a0<\/p>\n<p>\u201cSe a gente est\u00e1 falando em cr\u00e9dito de tributos efetivamente pagos, ent\u00e3o que eu consiga transferir tudo que foi pago no Simples Nacional, por que ele \u00e9 um imposto \u00fanico. N\u00e3o considerar s\u00f3 que foi pago de IBS e CBS, mas tudo que foi dentro do Simples. Se naquele m\u00eas uma empresa do Simples pagou R$1 mil de tributos, que esses R$1 mil sejam transferidos para a cadeia seguinte.\u201d\u00a0<\/p>\n<p>Nas duas propostas, avalia Sabina, n\u00e3o se traz a mesma competitividade do grande para o pequeno, mas se minimiza esse impacto do Simples Nacional.<\/p>\n<p><u><strong>Veja tamb\u00e9m:<\/strong><\/u><br \/>\n<a href=\"https:\/\/brasil61.com\/n\/simples-nacional-texto-da-reforma-tributaria-que-tramita-no-senado-pode-mudar-regras-e-reduzir-competitividade-dos-micro-e-pequenos-bras2412465\">Simples Nacional: texto da Reforma Tribut\u00e1ria que tramita no Senado pode mudar regras e reduzir competitividade dos micro e pequenos<\/a><br \/>\n<a href=\"https:\/\/brasil61.com\/n\/reforma-tributaria-cnc-defende-mudancas-para-reduzir-impactos-nos-setores-de-comercio-e-servicos-bras2412586\">Reforma tribut\u00e1ria: CNC defende mudan\u00e7as para reduzir impactos nos setores de Com\u00e9rcio e Servi\u00e7os<\/a><br \/>\n\u00a0<\/p>\n<p>\t\t\t\t\t\t\t\t\t<img loading=\"lazy\" decoding=\"async\" src=\"https:\/\/brasil61.com\/api\/v1\/serve_pixel\/17677\/77069\" alt=\"Pixel Brasil 61\" class=\"b61_pixel\" width=\"0\" height=\"0\"><\/p>\n<input type=\"hidden\" id=\"baseurl\" value=\"https:\/\/noticiasdestaque.com.br\"><input type=\"hidden\" id=\"audio_nonce\" value=\"6a24ca502e\">","protected":false},"excerpt":{"rendered":"<p>Entidades que representam setor lutam por mudan\u00e7as no texto que regulamenta Reforma Tribut\u00e1ria<\/p>\n","protected":false},"author":1,"featured_media":38390,"comment_status":"open","ping_status":"open","sticky":false,"template":"","format":"standard","meta":{"fifu_image_url":"","fifu_image_alt":"","footnotes":""},"categories":[59],"tags":[],"class_list":["post-38389","post","type-post","status-publish","format-standard","has-post-thumbnail","hentry","category-economia"],"distributor_meta":false,"distributor_terms":false,"distributor_media":false,"distributor_original_site_name":"Noticias em Destaque","distributor_original_site_url":"https:\/\/noticiasdestaque.com.br","push-errors":false,"_links":{"self":[{"href":"https:\/\/noticiasdestaque.com.br\/index.php\/wp-json\/wp\/v2\/posts\/38389","targetHints":{"allow":["GET"]}}],"collection":[{"href":"https:\/\/noticiasdestaque.com.br\/index.php\/wp-json\/wp\/v2\/posts"}],"about":[{"href":"https:\/\/noticiasdestaque.com.br\/index.php\/wp-json\/wp\/v2\/types\/post"}],"author":[{"embeddable":true,"href":"https:\/\/noticiasdestaque.com.br\/index.php\/wp-json\/wp\/v2\/users\/1"}],"replies":[{"embeddable":true,"href":"https:\/\/noticiasdestaque.com.br\/index.php\/wp-json\/wp\/v2\/comments?post=38389"}],"version-history":[{"count":0,"href":"https:\/\/noticiasdestaque.com.br\/index.php\/wp-json\/wp\/v2\/posts\/38389\/revisions"}],"wp:featuredmedia":[{"embeddable":true,"href":"https:\/\/noticiasdestaque.com.br\/index.php\/wp-json\/wp\/v2\/media\/38390"}],"wp:attachment":[{"href":"https:\/\/noticiasdestaque.com.br\/index.php\/wp-json\/wp\/v2\/media?parent=38389"}],"wp:term":[{"taxonomy":"category","embeddable":true,"href":"https:\/\/noticiasdestaque.com.br\/index.php\/wp-json\/wp\/v2\/categories?post=38389"},{"taxonomy":"post_tag","embeddable":true,"href":"https:\/\/noticiasdestaque.com.br\/index.php\/wp-json\/wp\/v2\/tags?post=38389"}],"curies":[{"name":"wp","href":"https:\/\/api.w.org\/{rel}","templated":true}]}}