{"id":38385,"date":"2024-09-16T03:25:00","date_gmt":"2024-09-16T06:25:00","guid":{"rendered":"https:\/\/noticiasdestaque.com.br\/index.php\/2024\/09\/16\/dolar-cai-para-r-557\/"},"modified":"2024-09-16T03:25:00","modified_gmt":"2024-09-16T06:25:00","slug":"dolar-cai-para-r-557","status":"publish","type":"post","link":"https:\/\/noticiasdestaque.com.br\/index.php\/2024\/09\/16\/dolar-cai-para-r-557\/","title":{"rendered":"D\u00f3lar cai para R$ 5,57"},"content":{"rendered":"<p>\t\t\t\t\t\t\t\t\t\t<audio controls class=\"b61_audio_player\" data-noticia=\"76913\" src=\"https:\/\/brasil61.com\/rails\/active_storage\/blobs\/eyJfcmFpbHMiOnsibWVzc2FnZSI6IkJBaHBBeTRCQXc9PSIsImV4cCI6bnVsbCwicHVyIjoiYmxvYl9pZCJ9fQ==--6bcd5cfafcb70a073dbe655618ca77d3d1cc1604\/BRAS2412645A\"><\/audio><\/p>\n<p>O pre\u00e7o do d\u00f3lar caiu no Brasil, para R$ 5,57. O euro comercial seguiu a mesma tend\u00eancia, a R$ 6,17, segundo a companhia Morningstar. Os dois \u00faltimos fechamentos arrefeceram a tend\u00eancia de alta que vinha sendo observada.<\/p>\n<p>A infla\u00e7\u00e3o americana subiu\u00a0em agosto, o que implica em um poss\u00edvel corte mais suave da taxa b\u00e1sica de juros deste pa\u00eds. Tamb\u00e9m o cen\u00e1rio pol\u00edtico, com a poss\u00edvel vit\u00f3ria da democrata Kamala Harris, traz novas expectativas para os investidores. \u00a0<\/p>\n<p>Ainda no exterior, o Banco Central Europeu (BCE) anunciou o corte de 0,25 ponto percentual em sua taxa de juros. O principal motivo do corte \u00e9 a redu\u00e7\u00e3o da infla\u00e7\u00e3o no continente. Hoje, a taxa de juros b\u00e1sica da Uni\u00e3o Europeia \u00e9 de 3,5%.\u00a0<\/p>\n<p>J\u00e1 no Brasil, a expectativa \u00e9 que ocorra aumento da Selic na pr\u00f3xima reuni\u00e3o do Copom, ainda nesta semana. Est\u00e1 no radar dos investidores a tend\u00eancia dos juros no Brasil e no mundo. \u00a0<br \/>\n\u00a0<\/p>\n<p>\t\t\t\t\t\t\t\t\t<img loading=\"lazy\" decoding=\"async\" src=\"https:\/\/brasil61.com\/api\/v1\/serve_pixel\/17677\/76913\" alt=\"Pixel Brasil 61\" class=\"b61_pixel\" width=\"0\" height=\"0\"><\/p>\n<input type=\"hidden\" id=\"baseurl\" value=\"https:\/\/noticiasdestaque.com.br\"><input type=\"hidden\" id=\"audio_nonce\" value=\"6f73a554f1\">","protected":false},"excerpt":{"rendered":"<p>O euro seguiu a tend\u00eancia de queda, a R$ 6,17<\/p>\n","protected":false},"author":1,"featured_media":38386,"comment_status":"open","ping_status":"open","sticky":false,"template":"","format":"standard","meta":{"fifu_image_url":"","fifu_image_alt":"","footnotes":""},"categories":[59],"tags":[],"class_list":["post-38385","post","type-post","status-publish","format-standard","has-post-thumbnail","hentry","category-economia"],"distributor_meta":false,"distributor_terms":false,"distributor_media":false,"distributor_original_site_name":"Noticias em Destaque","distributor_original_site_url":"https:\/\/noticiasdestaque.com.br","push-errors":false,"_links":{"self":[{"href":"https:\/\/noticiasdestaque.com.br\/index.php\/wp-json\/wp\/v2\/posts\/38385","targetHints":{"allow":["GET"]}}],"collection":[{"href":"https:\/\/noticiasdestaque.com.br\/index.php\/wp-json\/wp\/v2\/posts"}],"about":[{"href":"https:\/\/noticiasdestaque.com.br\/index.php\/wp-json\/wp\/v2\/types\/post"}],"author":[{"embeddable":true,"href":"https:\/\/noticiasdestaque.com.br\/index.php\/wp-json\/wp\/v2\/users\/1"}],"replies":[{"embeddable":true,"href":"https:\/\/noticiasdestaque.com.br\/index.php\/wp-json\/wp\/v2\/comments?post=38385"}],"version-history":[{"count":0,"href":"https:\/\/noticiasdestaque.com.br\/index.php\/wp-json\/wp\/v2\/posts\/38385\/revisions"}],"wp:featuredmedia":[{"embeddable":true,"href":"https:\/\/noticiasdestaque.com.br\/index.php\/wp-json\/wp\/v2\/media\/38386"}],"wp:attachment":[{"href":"https:\/\/noticiasdestaque.com.br\/index.php\/wp-json\/wp\/v2\/media?parent=38385"}],"wp:term":[{"taxonomy":"category","embeddable":true,"href":"https:\/\/noticiasdestaque.com.br\/index.php\/wp-json\/wp\/v2\/categories?post=38385"},{"taxonomy":"post_tag","embeddable":true,"href":"https:\/\/noticiasdestaque.com.br\/index.php\/wp-json\/wp\/v2\/tags?post=38385"}],"curies":[{"name":"wp","href":"https:\/\/api.w.org\/{rel}","templated":true}]}}